{"id":35270,"date":"2023-07-14T09:01:22","date_gmt":"2023-07-14T07:01:22","guid":{"rendered":"https:\/\/ulqini-online.com\/sajti\/?p=35270"},"modified":"2023-07-14T09:08:37","modified_gmt":"2023-07-14T07:08:37","slug":"regjistrimi-i-popullsise-do-te-mbahet-ne-vjeshte","status":"publish","type":"post","link":"https:\/\/ulqini-online.com\/sajti\/?p=35270","title":{"rendered":"Regjistrimi i popullsis\u00eb do t\u00eb mbahet n\u00eb vjesht\u00eb"},"content":{"rendered":"<figure class=\"alignleft wp-block-post-featured-image\"><img loading=\"lazy\" decoding=\"async\" width=\"305\" height=\"368\" src=\"https:\/\/ulqini-online.com\/sajti\/wp-content\/uploads\/2014\/12\/Nail-draga.jpg\" class=\"attachment-post-thumbnail size-post-thumbnail wp-post-image\" alt=\"\" style=\"object-fit:cover;\" srcset=\"https:\/\/ulqini-online.com\/sajti\/wp-content\/uploads\/2014\/12\/Nail-draga.jpg 305w, https:\/\/ulqini-online.com\/sajti\/wp-content\/uploads\/2014\/12\/Nail-draga-248x300.jpg 248w\" sizes=\"auto, (max-width: 305px) 100vw, 305px\" \/><\/figure>\n\n\n<p><strong>Diskursi demografik<\/strong><\/p>\n\n\n\n<p><strong>Sipas Drejtoris\u00eb s\u00eb Statistik\u00ebs(Monstat)&nbsp; b\u00ebh\u00ebt me dije se t\u00eb gjitha p\u00ebrgatitjet jan\u00eb duke u kryer sipas dinamik\u00ebs s\u00eb planifikuar, nd\u00ebrsa p\u00ebr komisionin regjistrues qe do t\u00eb punoj\u00eb n\u00eb regjistrimin e popullsis\u00eb, ekonomive familjare dhe t\u00eb banesave, do t\u00eb mbahet n\u00eb vjesht\u00eb(1-15 n\u00ebntor), Qeveria ka ndar\u00eb 3 milion euro, q\u00eb \u00ebsht\u00eb d\u00ebshmi e sigurt q\u00eb pas dy vit\u00ebve&nbsp; qytetar\u00ebt do t\u00eb ken\u00eb mund\u00ebsi t\u00eb deklarohen ne k\u00ebt\u00eb proces i cili iu mund\u00ebson atyre t\u00eb deklarohen p\u00ebr p\u00ebrkat\u00ebsin\u00eb e tyre komb\u00ebtare, gjuh\u00ebsore, fetare e gjinore si kudo n\u00eb vendet demokratike<\/strong><\/p>\n\n\n\n<p><strong>Nga Nail\u00a0\u00a0 Draga<\/strong><\/p>\n\n\n\n<p>Ndon\u00ebse regjistrimi i popullsis\u00eb \u00ebsht\u00eb dashur t\u00eb mbahet n\u00eb vitin 2021, por p\u00ebr shkak t\u00eb pandemis\u00eb coronavirusit, \u00ebsht\u00eb shtyer p\u00ebr vitin vijues, si dhe m\u00eb pas por definitivisht do t\u00eb mbahet dy vite m\u00eb pas n\u00eb vjesht\u00eb t\u00eb k\u00ebtij viti(1-15 n\u00ebntor).<\/p>\n\n\n\n<p>Pik\u00ebrisht n\u00eb lidhje mbi k\u00ebt\u00eb \u00e7\u00ebshtje&nbsp; sipas&nbsp; Parlamentit evropian, koh\u00eb m\u00eb par\u00eb Mali I Zi \u00ebsht\u00eb thirur q\u00eb t\u00eb realizoj\u00eb regjistrimin deri n\u00eb fund t\u00eb vitit, sipas BE dhe&nbsp; standard\u00ebve nd\u00ebrkomb\u00ebtare.<\/p>\n\n\n\n<p><strong>Politizimi i regjistrimit t\u00eb popullsis\u00eb<\/strong><\/p>\n\n\n\n<p>\u00c7\u00ebshtja e regjistrimit t\u00eb popullsis\u00eb n\u00eb Mal t\u00eb Zi ka p\u00ebrmasat e politizimit me tep\u00ebr se ne vendet tjera. N\u00eb k\u00ebt\u00eb aspekt vazhdimisht kan\u00eb debatuar partit\u00eb politike t\u00ebcilat jan\u00eb ndar\u00eb n\u00eb proserbe n\u00eb njer\u00ebn an\u00eb dhe ata malazeze n\u00eb an\u00ebn tjet\u00ebr.<\/p>\n\n\n\n<p>N\u00eb lidhje me k\u00ebt\u00eb \u00e7\u00ebshtje n\u00eb Mal t\u00eb Zi madje ka pasur propozime qe t\u00eb eliminohet struktura komb\u00ebtare, gjuh\u00ebsore, fetare e popullsis\u00eb. Nj\u00eb deklarim i till\u00eb nuk \u00ebsht\u00eb mbeshtetur nga pozita aktuale nd\u00ebrsa \u00ebsht\u00eb insistuar nga opozita duke theksuar qe regjistrimi i popullsis\u00eb t\u00eb shtyhet p\u00ebr vitin vijues , duke marr\u00eb parasysh&nbsp; stabilitetin shoq\u00ebror dhe politik.<\/p>\n\n\n\n<p>Por, n\u00eb saj\u00eb t\u00eb zgjedhjeve t\u00eb parakohshme parlamentare( 11 qershor 2023) n \u00eb Mal t\u00eb Zi kemi nj\u00eb realitet t\u00eb ri n\u00eb saj\u00eb t\u00eb dekompozimit t\u00eb sken\u00ebs politike, ku koalicioni i cili llogaritet se do t\u00eb jen\u00eb p\u00ebrb\u00ebr\u00ebsit e pushtetit, theksojn\u00eb se nuk ka pengesa qe t\u00eb realizohet regjistrimi i popullsis\u00eb, n\u00eb afatin e planifikuar.<\/p>\n\n\n\n<p><strong>Mjetet e siguruara p\u00ebr regjistrim<\/strong><\/p>\n\n\n\n<p>Nga subjekti Evropa tani&nbsp; q\u00eb ka fituar m\u00eb s\u00eb shumiti mandate n\u00eb zgjedhjet e fundit theksojn\u00eb&nbsp; se akt\u00ebt ligjore n\u00eb lidhje me regjistrimin&nbsp; e popullsis\u00eb jan\u00eb miratuar , nd\u00ebrsa mjetet financiare p\u00ebr mbajtj\u00ebn e tij jan\u00eb siguruar, andaj nuk ka asnj\u00eb arsy&nbsp; qe regjistrimi t\u00eb&nbsp; mos realizohet.<\/p>\n\n\n\n<p>Ngjajsh\u00ebm mendojn\u00eb edhe partit\u00eb tjera t\u00eb cilat do t\u00eb jen\u00eb pjes\u00eb e shumic\u00ebs parlamentare, nd\u00ebrsa p\u00ebrjashtim b\u00ebjn\u00eb socialdemokrat\u00ebt(SD) t\u00eb cil\u00ebt theksojn\u00eb se nuk ka kushte p\u00ebr regjistrim deri n\u00eb fund t\u00eb vitit, edhe pse k\u00ebt\u00eb veprimtari e vler\u00ebsojn\u00eb si t\u00eb nevojshme.<\/p>\n\n\n\n<p>Me her\u00ebt nga Monstat-i kan\u00eb informuar se n\u00eb regjistrimin e popullsis\u00eb do t\u00eb marrin pjes\u00eb rreth 4000 regjistrues&nbsp; dhe n\u00eb flet\u00ebregjistrim&nbsp; do t\u00eb jen\u00eb&nbsp; rreth 50 pyetje.N\u00eb lidhje me realizimin praktik t\u00eb regjistrimit t\u00eb popullsis\u00eb qeveria ka ndar\u00eb 3.207.279 euro.<\/p>\n\n\n\n<p><strong>Diaspora&nbsp; me identitetin e vet&nbsp;<\/strong><\/p>\n\n\n\n<p>Si n\u00eb regjistrimet e m\u00ebparshme edhe n\u00eb k\u00ebt\u00eb regjistrim do t\u00eb evidentohet edhe diaspora. Por, \u00e7\u00ebshtja qendron se a do te kemi diaspor\u00eb me t\u00eb dh\u00ebna t\u00eb kompletuara apo si \u00e7\u00ebshtje num\u00ebrike. N\u00eb k\u00ebt\u00eb aspekt regjistrimi i fundit t\u00eb popullsis\u00eb(2011) ishte i d\u00ebshtuar&nbsp; sepse aty ajo na \u00ebsht\u00eb prezantuar vet\u00ebm me numra, pa t\u00eb dh\u00ebnat identitare, diaspora ka qen\u00eb e evidentuar me t\u00ebr\u00eb p\u00ebrmbjtj\u00ebn e saj strukturaore, sikurse popullsia vendore.<\/p>\n\n\n\n<p>Nuk ka dilem\u00eb se nj\u00eb veprim i till\u00eb ishte n\u00eb kund\u00ebrshtim me t\u00eb drejt\u00ebn elementare t\u00eb pjes\u00ebtar\u00ebve t\u00eb popujve q\u00eb jan\u00eb vendosur n\u00eb bot\u00ebn e jashtme q\u00eb njihen me emrin e diaspor\u00ebs. N\u00eb k\u00ebt\u00eb aspekt kemi diaspor\u00ebn e vjet\u00ebr q\u00eb njihet si historike, por edhe ate t\u00eb koh\u00ebs s\u00eb re. \u00c7do tentim p\u00ebr t\u00eb eliminuar t\u00eb dh\u00ebnat p\u00ebr diaspor\u00ebn ka prapavi politike, duke mos treguar t\u00eb v\u00ebrtet\u00ebn, sepse ajo \u00ebsht\u00eb pjes\u00eb e pandar\u00eb t\u00eb qytetar\u00ebve t\u00eb k\u00ebtij vendi. Nd\u00ebrsa sipas t\u00eb dh\u00ebnave q\u00eb disponoj m\u00eb shum\u00eb s\u00eb dy t\u00eb tretat e diaspor\u00ebs jan\u00eb shqiptar\u00eb e boshnjak\u00eb e m\u00eb pak jan\u00eb malazias apo serb, q\u00eb \u00ebsht\u00eb d\u00ebshmi e pozit\u00ebs dhe statusit t\u00eb tyre&nbsp; komb\u00ebtar e social&nbsp; n\u00eb Mal t\u00eb Zi.<\/p>\n\n\n\n<p><strong>Shqiptar\u00ebt, pjes\u00eb e komisioneve<\/strong><\/p>\n\n\n\n<p>P\u00ebrve\u00e7 se flet\u00ebregjistrimi duhet t\u00eb jet\u00eb n\u00eb gjuh\u00ebn shqipe, praktik\u00eb e cila k\u00ebtu \u00ebsht\u00eb e pranishme nga viti 1971, p\u00ebrfaq\u00ebsues t\u00eb shqiptar\u00ebve duhet t\u00eb jen\u00eb edhe pjes\u00ebtar\u00eb t\u00eb komisioneve p\u00ebrkat\u00ebse. K\u00ebtu e kemi fjal\u00ebn p\u00ebr ata komuna ku shqiptar\u00ebt jan\u00eb popullsi autoktone nga Ulqini n\u00eb jug dhe Rozhaja n\u00eb veri. Ata nuk duhet t\u00eb jen\u00eb formal si pjes\u00eb t\u00eb komisionit regjistrues, por edhe t\u00eb marrin pjes\u00eb n\u00eb p\u00ebrpunimin dhe&nbsp; me pas n\u00eb publikimin e t\u00eb dh\u00ebnave. Vet\u00ebm me nj\u00eb qasje konstruktive dhe pa paragjykime mendoj se do t\u00eb realizohet misioni i regjisrtimit t\u00eb popullsis\u00eb, duke ofruar pamjen reale n\u00eb \u00e7do vendbanim e komun\u00eb n\u00eb nivel shteti.<\/p>\n\n\n\n<p>N\u00eb k\u00ebt\u00eb drejtim partit\u00eb politike qe p\u00ebrfaq\u00ebsojn\u00eb shqiptar\u00ebt duhet t\u00eb jen\u00eb aktiv, duke ofruar mbeshtetje kadrovike e logjistike n\u00eb procesin e regjistrimit t\u00eb popullsis\u00eb. Vet\u00ebm me nj\u00eb angazhim t\u00eb till\u00eb do t\u00eb eliminohen defekt\u00ebt dhe paragjykimet sepse procesi i regjistrimet paraqet gjendjen reale t\u00eb popullsis\u00eb sipas strukturave p\u00ebrkat\u00ebse si kudo n\u00eb bot\u00ebn demokratike.<\/p>\n\n\n\n<p><strong>Regjistrimi obligim shtet\u00ebror<\/strong><\/p>\n\n\n\n<p>N\u00eb saj\u00eb t\u00eb metodologjis\u00eb se regjistrimit t\u00eb popullsis\u00eb opinioni i gjer\u00eb e ka t\u00eb qart\u00eb se kemi t\u00eb b\u00ebjm\u00eb me obligim shoq\u00ebror p\u00ebr \u00e7do shtet. Madje dihet se p\u00ebrmes regjistrimit t\u00eb popullsis\u00eb ofrohen t\u00eb dh\u00ebna mbi numrin e banor\u00ebve, struktur\u00ebn profesionale, komb\u00ebtare, gjuh\u00ebsore, fetare etj. Po ashtu ofrohen t\u00eb dh\u00ebna me l\u00ebvizjet migruese t\u00eb popullsis\u00eb&nbsp;&nbsp; n\u00eb vend apo n\u00eb bot\u00ebn e jashtme. T\u00eb dh\u00ebnat e tilla p\u00ebrpunohen dhe publikohen m\u00eb pas t\u00eb cilat ofrojn\u00eb t\u00eb dh\u00ebna p\u00ebr planifikimin shoq\u00ebror dhe projekte t\u00eb ndryshme zhvillimore.<\/p>\n\n\n\n<p>Andaj n\u00eb k\u00ebt\u00eb aspekt nuk ka dilem\u00eb se publikimi i t\u00eb dh\u00ebnave t\u00eb p\u00ebrkat\u00ebsis\u00eb komb\u00ebtare t\u00eb popullsis\u00eb do t\u00eb jet\u00eb me interes sepse deri m\u00eb tash n\u00eb k\u00ebt\u00eb aspekt ka v\u00ebrejtje t\u00eb m\u00ebdha, sidomos nga p\u00ebrfaq\u00ebsuesit e serb\u00ebve&nbsp; t\u00eb cil\u00ebt theksojn\u00eb se numri i tyre \u00ebsht\u00eb m\u00eb i lart\u00eb se sa e ka paraqitur statistika zyrtare. Ne k\u00ebt\u00eb aspekt, v\u00ebrejtje kan\u00eb edh shqiptar\u00ebt t\u00eb cil\u00ebt duke qen\u00eb popullsia e vetme josllave n\u00eb k\u00ebt\u00eb mjedis, kemi informacione se numri i tyre \u00ebsht\u00eb paraqitur me i ul\u00ebt se sa \u00ebsht\u00eb realisht, qe e ka paraqitur&nbsp; statistika zyrtare.<\/p>\n\n\n\n<p>N\u00eb lidhje me k\u00ebt\u00eb \u00e7\u00ebshtje cekim se n\u00eb regjistrimin e fundit t\u00eb popullsis\u00eb(2011) sipas p\u00ebrkat\u00ebsis\u00eb komb\u00ebtare jan\u00eb deklaruar: malazeze(45%), serb(29%), boshnjak(8.65%), shqiptar(4.91%), musliman(3.31%) si dhe kroat(0.97%).<\/p>\n\n\n\n<p>Nuk ka dilem\u00eb se n\u00eb regjistrimin vijues t\u00eb popullsis\u00eb do t\u00eb ofrohen t\u00eb dh\u00ebna me reale sipas p\u00ebrkat\u00ebsis\u00eb&nbsp; komb\u00ebtare t\u00eb popullsis\u00eb n\u00eb Mal t\u00eb Zi, duke eliminuar defekt\u00ebt n\u00eb regjistrimet e m\u00ebhershme, duke qen\u00eb me transparente p\u00ebr qytetar\u00ebt e k\u00ebtij mjedisi.<\/p>\n\n\n\n<p><em>(Korrik&nbsp; 2023)<\/em>&nbsp;&nbsp;<\/p>\n","protected":false},"excerpt":{"rendered":"<p>Diskursi demografik Sipas Drejtoris\u00eb s\u00eb Statistik\u00ebs(Monstat)&nbsp; b\u00ebh\u00ebt me dije se t\u00eb gjitha p\u00ebrgatitjet jan\u00eb duke u kryer sipas dinamik\u00ebs s\u00eb planifikuar, nd\u00ebrsa p\u00ebr komisionin regjistrues qe do t\u00eb punoj\u00eb n\u00eb regjistrimin e popullsis\u00eb, ekonomive familjare dhe t\u00eb banesave, do t\u00eb mbahet n\u00eb vjesht\u00eb(1-15 n\u00ebntor), Qeveria ka ndar\u00eb 3 milion euro, q\u00eb \u00ebsht\u00eb d\u00ebshmi e sigurt [&hellip;]<\/p>\n","protected":false},"author":1,"featured_media":805,"comment_status":"open","ping_status":"open","sticky":false,"template":"","format":"standard","meta":{"_seopress_robots_primary_cat":"none","_seopress_titles_title":"%%post_title%% %%sep%% %%sitetitle%%","_seopress_titles_desc":"%%post_excerpt%%","_seopress_robots_index":"","footnotes":""},"categories":[2,12],"tags":[943,2793],"class_list":["post-35270","post","type-post","status-publish","format-standard","has-post-thumbnail","hentry","category-aktualitet","category-opinione","tag-mali-i-zi","tag-regjistrimi-i-popullsise"],"_links":{"self":[{"href":"https:\/\/ulqini-online.com\/sajti\/index.php?rest_route=\/wp\/v2\/posts\/35270","targetHints":{"allow":["GET"]}}],"collection":[{"href":"https:\/\/ulqini-online.com\/sajti\/index.php?rest_route=\/wp\/v2\/posts"}],"about":[{"href":"https:\/\/ulqini-online.com\/sajti\/index.php?rest_route=\/wp\/v2\/types\/post"}],"author":[{"embeddable":true,"href":"https:\/\/ulqini-online.com\/sajti\/index.php?rest_route=\/wp\/v2\/users\/1"}],"replies":[{"embeddable":true,"href":"https:\/\/ulqini-online.com\/sajti\/index.php?rest_route=%2Fwp%2Fv2%2Fcomments&post=35270"}],"version-history":[{"count":1,"href":"https:\/\/ulqini-online.com\/sajti\/index.php?rest_route=\/wp\/v2\/posts\/35270\/revisions"}],"predecessor-version":[{"id":35273,"href":"https:\/\/ulqini-online.com\/sajti\/index.php?rest_route=\/wp\/v2\/posts\/35270\/revisions\/35273"}],"wp:featuredmedia":[{"embeddable":true,"href":"https:\/\/ulqini-online.com\/sajti\/index.php?rest_route=\/wp\/v2\/media\/805"}],"wp:attachment":[{"href":"https:\/\/ulqini-online.com\/sajti\/index.php?rest_route=%2Fwp%2Fv2%2Fmedia&parent=35270"}],"wp:term":[{"taxonomy":"category","embeddable":true,"href":"https:\/\/ulqini-online.com\/sajti\/index.php?rest_route=%2Fwp%2Fv2%2Fcategories&post=35270"},{"taxonomy":"post_tag","embeddable":true,"href":"https:\/\/ulqini-online.com\/sajti\/index.php?rest_route=%2Fwp%2Fv2%2Ftags&post=35270"}],"curies":[{"name":"wp","href":"https:\/\/api.w.org\/{rel}","templated":true}]}}