{"id":34443,"date":"2023-03-12T12:31:41","date_gmt":"2023-03-12T11:31:41","guid":{"rendered":"https:\/\/ulqini-online.com\/sajti\/?p=34443"},"modified":"2023-03-12T12:34:41","modified_gmt":"2023-03-12T11:34:41","slug":"edit-shkreli-gjyqtarja-e-pare-shqiptare-kandidate-ne-gjykaten-ne-nju-jork","status":"publish","type":"post","link":"https:\/\/ulqini-online.com\/sajti\/?p=34443","title":{"rendered":"Edit Shkreli, gjyqtarja e par\u00eb shqiptare kandidate n\u00eb Gjykat\u00ebn n\u00eb Nju-Jork"},"content":{"rendered":"<figure class=\"wp-block-post-featured-image\"><img loading=\"lazy\" decoding=\"async\" width=\"640\" height=\"375\" src=\"https:\/\/ulqini-online.com\/sajti\/wp-content\/uploads\/2023\/03\/Edit-shkreli.jpg\" class=\"attachment-post-thumbnail size-post-thumbnail wp-post-image\" alt=\"Edit Shkreli\" style=\"object-fit:cover;\" srcset=\"https:\/\/ulqini-online.com\/sajti\/wp-content\/uploads\/2023\/03\/Edit-shkreli.jpg 640w, https:\/\/ulqini-online.com\/sajti\/wp-content\/uploads\/2023\/03\/Edit-shkreli-300x176.jpg 300w\" sizes=\"auto, (max-width: 640px) 100vw, 640px\" \/><\/figure>\n\n\n<p>Nga Beqir SINA<\/p>\n\n\n\n<p>Po ashtu Edita ka sh\u00ebrbyer si shkruese e fjalimeve t\u00eb ish Kryeministrit t\u00eb Shqip\u00ebris\u00eb, Dr. Sali Berisha, dhe ka qen\u00eb koordinatore e kongreseve n\u00eb fushat\u00ebn e Partis\u00eb Demokratike t\u00eb Shqip\u00ebris\u00eb n\u00eb vitin 2013.<\/p>\n\n\n\n<p>New York City (12 Mars 2023) : Edit Shkreli \u00ebsht\u00eb nj\u00eb vajz\u00eb akademike shqiptare me shum\u00eb bagazh profesional, u tha n\u00eb br\u00ebmjen festive t\u00eb oraganizat\u00ebse s\u00eb Gruas Shqiptare n\u00eb Amerik\u00eb &#8211; \u201cMotrat Qiraizi\u201d.<\/p>\n\n\n\n<p>Nd\u00ebrkoh\u00eb, q\u00eb drejtuesja e k\u00ebsaj feste u b\u00ebri u thirrje Shqiptarve t\u00eb dalin e t\u00eb votojn\u00eb p\u00ebr Shkrelin, si kandidatja e par\u00eb shqiptare p\u00ebr gjykat\u00ebse n\u00eb Nju- Jork.<\/p>\n\n\n\n<p>Ajo, n\u00eb fakt, \u00ebsht\u00eb gjyqtarja e par\u00eb shqiptare n\u00eb Nju-Jork, e pun\u00ebsuar n\u00eb Gjykat\u00ebn Civile t\u00eb Bronx-it, e cila ka korrur suksese t\u00eb m\u00ebdha gjat\u00eb karrier\u00ebs s\u00eb saj dhe s\u00eb fundmi ka shpallur kandidatur\u00ebn e saj n\u00eb zgjedhjet prokurore p\u00ebr gjykat\u00ebn n\u00eb Nju-Jork.<\/p>\n\n\n\n<p>Edit Shkreli \u00ebsht\u00eb nj\u00eb avokate e asociuar e Gjykat\u00ebs s\u00eb Lart\u00eb Eddie J. McShan, .<\/p>\n\n\n\n<p>Ajo n\u00eb fillimet e veta ka sh\u00ebrbyer si Mbik\u00ebqyr\u00ebse e Departamentit t\u00eb Nxitjes s\u00eb Investimeve t\u00eb Huaja n\u00eb Zyr\u00ebn e Kryetarit t\u00eb Bashkis\u00eb n\u00eb Tiran\u00eb, Shqip\u00ebri, nga viti 2012 deri n\u00eb vitin 2014.<\/p>\n\n\n\n<p>Po ashtu Edita ka sh\u00ebrbyer si shkruese e fjalimeve t\u00eb ish Kryeministrit t\u00eb Shqip\u00ebris\u00eb, Dr. Sali Berisha, dhe ka qen\u00eb koordinatore e kongreseve n\u00eb fushat\u00ebn e Partis\u00eb Demokratike t\u00eb Shqip\u00ebris\u00eb n\u00eb vitin 2013.<\/p>\n\n\n\n<p>N\u00eb Nju Jork nd\u00ebrsa p\u00ebrfundoj\u00eb studimet, ajo u nderua me Juris Doctor nga Fakulteti Juridik i Nju-Jorkut, e diplomuar me nderime t\u00eb larta n\u00eb vitin 2011.<\/p>\n\n\n\n<p>\u201cSi nj\u00eb studente krenar i shkoll\u00ebs s\u00eb mesme Saint Barnabas 2002, jam mir\u00ebnjoh\u00ebse p\u00ebr pun\u00ebn time brenda komunitetit shqiptar. Nj\u00eb pjes\u00eb t\u00eb suksesit tim ia atribuoj shkoll\u00ebs s\u00eb mesme Saint Barnabas, fakultetit dhe stafit t\u00eb saj. Sh\u00ebn Barnaba m\u00eb priti n\u00eb nj\u00eb koh\u00eb kur un\u00eb nuk flisja anglisht dhe prind\u00ebrit e mi nuk kishin burime financiare, pasi kishin emigruar n\u00eb Shtetet e Bashkuara vet\u00ebm disa muaj m\u00eb par\u00eb. Fakulteti dhe stafi i Sh\u00ebn Barnabas m\u00eb siguruan nj\u00eb mjedis edukues, m\u00eb inkurajuan n\u00eb \u00e7do hap, m\u00eb ofruan nj\u00eb themel t\u00eb shk\u00eblqyer akademik dhe m\u00eb rr\u00ebnjos\u00ebn ndjenj\u00ebn e komunitetit dhe sh\u00ebrbimit ndaj komunitetit. I jam p\u00ebrgjithmon\u00eb mir\u00ebnjoh\u00ebse familjes sime t\u00eb Sh\u00ebn Barnab\u00ebs\u201d, shkruan zonja Shkreli n\u00eb statusin e saj n\u00eb rrjetin social Facebook.<\/p>\n\n\n\n<p>Avokatja dhe pedagogia Edit Shkreli, aktualisht \u00ebsht\u00eb e pun\u00ebsuar n\u00eb Gjykat\u00ebn Civile t\u00eb Bronx-it, nd\u00ebrsa tani \u00ebsht\u00eb kandidatja e par\u00eb shqiptare p\u00ebr gjykat\u00ebse n\u00eb Nju- Jork.<\/p>\n\n\n\n<p>Biografia e Edit Shkrelit<\/p>\n\n\n\n<p>Television kryesor I qytetit t\u00eb Nju Jorkut, \u201cNY1\u201d foli p\u00ebr biografin\u00eb se shqiptares Edit Shkreli. NY1 tha se ajo \u00ebsht\u00eb profesoresh\u00eb n\u00eb Fakultetin Juridik t\u00eb Nju Jorkut dhe avokate. Ajo ka jetuar n\u00eb seksionin Pelham Parkway t\u00eb Bordit t\u00eb Komunitetit 11 q\u00eb kur ajo dhe familja e saj u transferuan n\u00eb Shtetet e Bashkuara kur ishte adoleshente. Nj\u00eb banore p\u00ebr nj\u00eb koh\u00eb t\u00eb gjat\u00eb n\u00eb Bronx, ajo ka nj\u00eb interes p\u00ebr t\u00eb formuar pozitivisht lagjen e saj dhe shpreson t\u00eb p\u00ebrmir\u00ebsoj\u00eb jet\u00ebn e komunitetit p\u00ebrmes angazhimit dhe p\u00ebrfshirjes s\u00eb saj aktive n\u00eb bordin e komunitetit.<\/p>\n\n\n\n<p>Edit beson fort n\u00eb fuqin\u00eb dhe ndikimin e p\u00ebrfshirjes s\u00eb komunitetit. P\u00ebr shembull, gjat\u00eb vitit shkollor 2018-2019, ajo drejtoi nx\u00ebn\u00ebsit e klas\u00ebs s\u00eb tet\u00eb n\u00eb Icahn Charter School 1 p\u00ebr t\u00eb konkurruar n\u00eb Programin Thurgood Marshall Mock Trial.<\/p>\n\n\n\n<p>Edit mori diplom\u00ebn e saj t\u00eb arteve nga Hunter College dhe doktoratur\u00ebn e saj juridike (cum laude) nga Shkolla Juridike e Nju Jorkut. Ajo i p\u00eblqen ecja, \u00e7iklizmi, duke luajtur volejboll dhe p\u00ebrvojat e udh\u00ebtimit jasht\u00eb rrug\u00ebs.<\/p>\n\n\n\n<p>Votoni Edit Shkreli m\u00eb 27 QERSHOR 2023<\/p>\n","protected":false},"excerpt":{"rendered":"<p>Nga Beqir SINA Po ashtu Edita ka sh\u00ebrbyer si shkruese e fjalimeve t\u00eb ish Kryeministrit t\u00eb Shqip\u00ebris\u00eb, Dr. Sali Berisha, dhe ka qen\u00eb koordinatore e kongreseve n\u00eb fushat\u00ebn e Partis\u00eb Demokratike t\u00eb Shqip\u00ebris\u00eb n\u00eb vitin 2013. New York City (12 Mars 2023) : Edit Shkreli \u00ebsht\u00eb nj\u00eb vajz\u00eb akademike shqiptare me shum\u00eb bagazh profesional, u [&hellip;]<\/p>\n","protected":false},"author":1,"featured_media":34446,"comment_status":"open","ping_status":"open","sticky":false,"template":"","format":"standard","meta":{"_seopress_robots_primary_cat":"none","_seopress_titles_title":"%%post_title%%","_seopress_titles_desc":"%%post_excerpt%%","_seopress_robots_index":"","footnotes":""},"categories":[2,5],"tags":[3242],"class_list":["post-34443","post","type-post","status-publish","format-standard","has-post-thumbnail","hentry","category-aktualitet","category-diaspora","tag-edit-shkreli"],"_links":{"self":[{"href":"https:\/\/ulqini-online.com\/sajti\/index.php?rest_route=\/wp\/v2\/posts\/34443","targetHints":{"allow":["GET"]}}],"collection":[{"href":"https:\/\/ulqini-online.com\/sajti\/index.php?rest_route=\/wp\/v2\/posts"}],"about":[{"href":"https:\/\/ulqini-online.com\/sajti\/index.php?rest_route=\/wp\/v2\/types\/post"}],"author":[{"embeddable":true,"href":"https:\/\/ulqini-online.com\/sajti\/index.php?rest_route=\/wp\/v2\/users\/1"}],"replies":[{"embeddable":true,"href":"https:\/\/ulqini-online.com\/sajti\/index.php?rest_route=%2Fwp%2Fv2%2Fcomments&post=34443"}],"version-history":[{"count":1,"href":"https:\/\/ulqini-online.com\/sajti\/index.php?rest_route=\/wp\/v2\/posts\/34443\/revisions"}],"predecessor-version":[{"id":34447,"href":"https:\/\/ulqini-online.com\/sajti\/index.php?rest_route=\/wp\/v2\/posts\/34443\/revisions\/34447"}],"wp:featuredmedia":[{"embeddable":true,"href":"https:\/\/ulqini-online.com\/sajti\/index.php?rest_route=\/wp\/v2\/media\/34446"}],"wp:attachment":[{"href":"https:\/\/ulqini-online.com\/sajti\/index.php?rest_route=%2Fwp%2Fv2%2Fmedia&parent=34443"}],"wp:term":[{"taxonomy":"category","embeddable":true,"href":"https:\/\/ulqini-online.com\/sajti\/index.php?rest_route=%2Fwp%2Fv2%2Fcategories&post=34443"},{"taxonomy":"post_tag","embeddable":true,"href":"https:\/\/ulqini-online.com\/sajti\/index.php?rest_route=%2Fwp%2Fv2%2Ftags&post=34443"}],"curies":[{"name":"wp","href":"https:\/\/api.w.org\/{rel}","templated":true}]}}