{"id":34342,"date":"2023-02-25T08:40:49","date_gmt":"2023-02-25T07:40:49","guid":{"rendered":"https:\/\/ulqini-online.com\/sajti\/?p=34342"},"modified":"2023-02-25T08:42:31","modified_gmt":"2023-02-25T07:42:31","slug":"publikim-i-ri-administrata-publike-ne-funksion-te-nevojave-te-qytetareve","status":"publish","type":"post","link":"https:\/\/ulqini-online.com\/sajti\/?p=34342","title":{"rendered":"Publikim i ri: ADMINISTRATA PUBLIKE N\u00cb FUNKSION T\u00cb NEVOJAVE T\u00cb QYTETAR\u00cbVE"},"content":{"rendered":"<figure class=\"wp-block-post-featured-image\"><img loading=\"lazy\" decoding=\"async\" width=\"700\" height=\"467\" src=\"https:\/\/ulqini-online.com\/sajti\/wp-content\/uploads\/2023\/02\/broshura-horizonti-ri-administrata-publike.png\" class=\"attachment-post-thumbnail size-post-thumbnail wp-post-image\" alt=\"Administrata publike - Horizonti i ri\" style=\"object-fit:cover;\" srcset=\"https:\/\/ulqini-online.com\/sajti\/wp-content\/uploads\/2023\/02\/broshura-horizonti-ri-administrata-publike.png 700w, https:\/\/ulqini-online.com\/sajti\/wp-content\/uploads\/2023\/02\/broshura-horizonti-ri-administrata-publike-300x200.png 300w\" sizes=\"auto, (max-width: 700px) 100vw, 700px\" \/><\/figure>\n\n\n<p>OJQ Horizonti i Ri botoi broshur\u00ebn informuese me titull \u201cAdministrata publike n\u00eb funksion t\u00eb nevojave t\u00eb qytetar\u00ebve\u201d. Ky publikim dygjuh\u00ebsh trajton \u00e7\u00ebshtjet ky\u00e7e q\u00eb lidhen me Strategjin\u00eb e Reform\u00ebs s\u00eb Administrat\u00ebs Publike n\u00eb Mal t\u00eb Zi 2022-2026.<\/p>\n\n\n\n<p>Broshura sqaron se reforma e administrat\u00ebs publike \u00ebsht\u00eb reforma e vet\u00eb shtetit, pra e administrat\u00ebs shtet\u00ebrore dhe vendore. Kompleksiteti i procesit reflektohet pik\u00ebrisht n\u00eb faktin se t\u00eb gjitha aktivitetet e kryera duhet t\u00eb ken\u00eb p\u00ebrfitime t\u00eb drejtp\u00ebrdrejta p\u00ebr qytetar\u00ebt dhe bizneset. P\u00ebr k\u00ebto arsye, administrata publike, e cila ka qen\u00eb gjithmon\u00eb nj\u00eb \u00e7\u00ebshtje e brendshme e vendeve an\u00ebtare t\u00eb Bashkimit Evropian, \u00ebsht\u00eb kthyer n\u00eb nj\u00eb nga tre shtyllat kryesore n\u00eb procesin e zgjerimit t\u00eb BE-s\u00eb.<\/p>\n\n\n\n<p>Bazuar n\u00eb k\u00ebt\u00eb qasje \u00ebsht\u00eb krijuar edhe vizioni i Strategjis\u00eb s\u00eb Reform\u00ebs s\u00eb Administrat\u00ebs Publike 2022-2026, i cili parashikon \u201c<em>nj\u00eb administrat\u00eb publike profesionale q\u00eb ofron sh\u00ebrbime cil\u00ebsore p\u00ebr qytetar\u00ebt dhe ka kapacitete t\u00eb p\u00ebrshtatshme p\u00ebr t\u2019u an\u00ebtar\u00ebsuar n\u00eb Bashkimin Evropian<\/em>\u201d. Nd\u00ebrsa q\u00ebllimi kryesor i Strategjis\u00eb \u00ebsht\u00eb <em>nd\u00ebrtimi i p\u00ebrbashk\u00ebt i nj\u00eb administrate publike t\u00eb p\u00ebrgjegjshme, efikase dhe transparente, t\u00eb fokusuar n\u00eb nevojat e qytetar\u00ebve dhe biznesit<\/em>.<\/p>\n\n\n\n<p>Pik\u00ebrisht, q\u00eb publiku i gjer\u00eb t\u00eb njihet me konceptin e ri dhe qasjen proaktive t\u00eb Reform\u00ebs s\u00eb Administrat\u00ebs Publike ndaj qytetar\u00ebve dhe biznesit, \u00ebsht\u00eb edhe q\u00ebllimi kryesor i botimit t\u00eb k\u00ebsaj broshure.<\/p>\n\n\n\n<p>Ky publikim \u00ebsht\u00eb realizuar n\u00eb kuad\u00ebr t\u00eb projektit \u201cReforma q\u00eb kuptojm\u00eb t\u00eb gjith\u00eb\u201d, t\u00eb mb\u00ebshtetur nga Ministria e Administrat\u00ebs Publike e Malit t\u00eb Zi.<\/p>\n","protected":false},"excerpt":{"rendered":"<p>OJQ Horizonti i Ri botoi broshur\u00ebn informuese me titull \u201cAdministrata publike n\u00eb funksion t\u00eb nevojave t\u00eb qytetar\u00ebve\u201d. Ky publikim dygjuh\u00ebsh trajton \u00e7\u00ebshtjet ky\u00e7e q\u00eb lidhen me Strategjin\u00eb e Reform\u00ebs s\u00eb Administrat\u00ebs Publike n\u00eb Mal t\u00eb Zi 2022-2026. Broshura sqaron se reforma e administrat\u00ebs publike \u00ebsht\u00eb reforma e vet\u00eb shtetit, pra e administrat\u00ebs shtet\u00ebrore dhe vendore. [&hellip;]<\/p>\n","protected":false},"author":1,"featured_media":34345,"comment_status":"open","ping_status":"open","sticky":false,"template":"","format":"standard","meta":{"_seopress_robots_primary_cat":"none","_seopress_titles_title":"","_seopress_titles_desc":"","_seopress_robots_index":"","footnotes":""},"categories":[2,4],"tags":[223],"class_list":["post-34342","post","type-post","status-publish","format-standard","has-post-thumbnail","hentry","category-aktualitet","category-kronike","tag-horizonti-i-ri"],"_links":{"self":[{"href":"https:\/\/ulqini-online.com\/sajti\/index.php?rest_route=\/wp\/v2\/posts\/34342","targetHints":{"allow":["GET"]}}],"collection":[{"href":"https:\/\/ulqini-online.com\/sajti\/index.php?rest_route=\/wp\/v2\/posts"}],"about":[{"href":"https:\/\/ulqini-online.com\/sajti\/index.php?rest_route=\/wp\/v2\/types\/post"}],"author":[{"embeddable":true,"href":"https:\/\/ulqini-online.com\/sajti\/index.php?rest_route=\/wp\/v2\/users\/1"}],"replies":[{"embeddable":true,"href":"https:\/\/ulqini-online.com\/sajti\/index.php?rest_route=%2Fwp%2Fv2%2Fcomments&post=34342"}],"version-history":[{"count":2,"href":"https:\/\/ulqini-online.com\/sajti\/index.php?rest_route=\/wp\/v2\/posts\/34342\/revisions"}],"predecessor-version":[{"id":34347,"href":"https:\/\/ulqini-online.com\/sajti\/index.php?rest_route=\/wp\/v2\/posts\/34342\/revisions\/34347"}],"wp:featuredmedia":[{"embeddable":true,"href":"https:\/\/ulqini-online.com\/sajti\/index.php?rest_route=\/wp\/v2\/media\/34345"}],"wp:attachment":[{"href":"https:\/\/ulqini-online.com\/sajti\/index.php?rest_route=%2Fwp%2Fv2%2Fmedia&parent=34342"}],"wp:term":[{"taxonomy":"category","embeddable":true,"href":"https:\/\/ulqini-online.com\/sajti\/index.php?rest_route=%2Fwp%2Fv2%2Fcategories&post=34342"},{"taxonomy":"post_tag","embeddable":true,"href":"https:\/\/ulqini-online.com\/sajti\/index.php?rest_route=%2Fwp%2Fv2%2Ftags&post=34342"}],"curies":[{"name":"wp","href":"https:\/\/api.w.org\/{rel}","templated":true}]}}