{"id":33875,"date":"2023-01-04T17:59:00","date_gmt":"2023-01-04T16:59:00","guid":{"rendered":"https:\/\/ulqini-online.com\/sajti\/?p=33875"},"modified":"2023-01-04T19:06:04","modified_gmt":"2023-01-04T18:06:04","slug":"deshton-perpjekja-per-formimin-e-qeverise-se-re-te-malit-te-zi","status":"publish","type":"post","link":"https:\/\/ulqini-online.com\/sajti\/?p=33875","title":{"rendered":"D\u00ebshton p\u00ebrpjekja p\u00ebr formimin e Qeveris\u00eb s\u00eb re t\u00eb Malit t\u00eb Zi"},"content":{"rendered":"<figure class=\"wp-block-post-featured-image\"><img loading=\"lazy\" decoding=\"async\" width=\"640\" height=\"426\" src=\"https:\/\/ulqini-online.com\/sajti\/wp-content\/uploads\/2020\/12\/qeveria-e-re-mali-zi.jpg\" class=\"attachment-post-thumbnail size-post-thumbnail wp-post-image\" alt=\"\" style=\"object-fit:cover;\" srcset=\"https:\/\/ulqini-online.com\/sajti\/wp-content\/uploads\/2020\/12\/qeveria-e-re-mali-zi.jpg 640w, https:\/\/ulqini-online.com\/sajti\/wp-content\/uploads\/2020\/12\/qeveria-e-re-mali-zi-300x200.jpg 300w\" sizes=\"auto, (max-width: 640px) 100vw, 640px\" \/><\/figure>\n\n\n<p class=\"has-text-align-center\"><em>Qeveria e MZ pas zgjedhjeve parlamentare t\u00eb gushtit 2020<\/em><\/p>\n\n\n\n<p>Shumica parlamentare e p\u00ebrb\u00ebr\u00eb nga Fronti Demokratik pro-rus, Demokrat\u00ebt dhe L\u00ebvizja URA e Dritan Abazoviqit nuk ka arritur nj\u00eb marr\u00ebveshje p\u00ebr formimin e nj\u00eb qeverie t\u00eb re, t\u00eb udh\u00ebhequr nga Miograd Llekiq.<\/p>\n\n\n\n<p>Pas nj\u00eb takimi me p\u00ebrfaq\u00ebsuesit e shumic\u00ebs parlamentare m\u00eb 4 janar, Llekiq njoftoi se nuk do t\u00eb ket\u00eb ekzekutiv t\u00eb ri.<\/p>\n\n\n\n<p>\u201cKam th\u00ebn\u00eb se ose do t\u00eb ket\u00eb nj\u00eb qeveri serioze, ose nuk do t\u00eb ket\u00eb fare. Nuk do t\u00eb ket\u00eb Qeveri dhe le t\u2019ua l\u00ebm\u00eb qytetar\u00ebve q\u00eb ta interpretojn\u00eb vet\u00eb se kush ishte serioz\u201d, tha Llekiq pas takimit, ku pritej t\u00eb vendosej p\u00ebr Qeverin\u00eb e re dhe dat\u00ebn e seanc\u00ebs plenare p\u00ebr zgjedhjen e ekzekutivit.<\/p>\n\n\n\n<p>Paraprakisht, Llekiq kishte njoftuar se Qeveria e re do t\u00eb formohej m\u00eb 20 janar.<\/p>\n\n\n\n<p>M\u00eb 29 dhjetor, shumica parlamentare i dha Miograd Llekiqit mandatin q\u00eb t\u00eb formoj\u00eb Qeverin\u00eb e re, bazuar n\u00eb ndryshimet kund\u00ebrth\u00ebn\u00ebse n\u00eb Ligjin p\u00ebr presidentin.<\/p>\n\n\n\n<p>Sipas k\u00ebtij ligji, shumica parlamentare tentoi q\u00eb t\u00eb merrte kompetencat e presidentit t\u00eb Malit t\u00eb Zi, Millo Gjukanoviq, sepse ai refuzoi q\u00eb t\u00eb mandatonte Llekiqin p\u00ebr formimin e ekzekutivit t\u00eb ri.<\/p>\n\n\n\n<p>Partner\u00ebt nd\u00ebrkomb\u00ebtar\u00eb, posa\u00e7\u00ebrisht Shtetet e Bashkuara dhe Bashkimi Evropian, vazhdimisht i kan\u00eb b\u00ebr\u00eb thirrje shumic\u00ebs parlamentare q\u00eb t\u00eb mos tentoj\u00eb t\u00eb formoj\u00eb Qeverin\u00eb e re bazuar n\u00eb Ligjin p\u00ebr presidentin, duke paralajm\u00ebruar se nj\u00eb ekzekutiv i till\u00eb do t\u00eb kishte legjitimitet t\u00eb kontestuesh\u00ebm.<\/p>\n\n\n\n<p>Pavar\u00ebsisht k\u00ebsaj, Miograd Llekiq, insistoi n\u00eb formimin e Qeveris\u00eb.<\/p>\n\n\n\n<p>Nj\u00eb prej lider\u00ebve t\u00eb Frontit Demokratik, Andrija Mandiq, tha pas takimit t\u00eb 4 janarit se partit\u00eb q\u00eb jan\u00eb pjes\u00eb e Qeveris\u00eb aktuale teknike t\u00eb Dritan Abazoviqit, nuk kan\u00eb paraqitur n\u00ebnshkrimet p\u00ebr seanc\u00ebn e parapar\u00eb plenare, ku do t\u00eb zgjidhej Qeveria dhe kreu i ri i Parlamentit.<\/p>\n\n\n\n<p>\u201cNe nuk pat\u00ebm sukses n\u00eb at\u00eb q\u00eb nis\u00ebm m\u00eb 1 shtator [pas zgjedhjeve t\u00eb vitit 2020]. M\u00eb vjen keq t\u00eb them se ne kemi investuar shuam\u00eb energji n\u00eb arritjen e nj\u00eb marr\u00ebveshjeje\u201d, tha Mandiq.<\/p>\n\n\n\n<p>Ai tha se kryetarja e Parlamentit t\u00eb Danjiela Gjuroviq, dhe presidenti i shtetit, Millo Gjukanoviq, duhet t\u00eb pajtohen p\u00ebr t\u00eb thirrur zgjedhje t\u00eb reja presidenciale dhe parlamentare.<\/p>\n\n\n\n<p>Mandati i Gjukanoviqit mbaron n\u00eb pranver\u00ebn e k\u00ebtij viti.<\/p>\n\n\n\n<p>N\u00eb shtator, partit\u00eb e shumic\u00ebs parlamentare refuzuan nism\u00ebn e presidentit Gjukanoviq p\u00ebr t\u00eb shp\u00ebrndar\u00eb Parlamentin dhe p\u00ebr t\u00eb thirrur zgjedhje t\u00eb reja, me q\u00ebllim q\u00eb t\u00eb formohej ekzekutivi i ri.<\/p>\n\n\n\n<p>Qeveria e Dritan Abazoviqit \u00ebsht\u00eb me mandat teknik q\u00eb nga gushti i vitit t\u00eb kaluar, pasi ekzekutivit iu votua mocioni i mosbesimit n\u00eb Parlament. Mocioni u nxit pas n\u00ebnshkrimit t\u00eb Marr\u00ebveshjes themelore me Kish\u00ebn Ortodokse Serbe. Qeveria kontrollohet nga partia e Abazoviqit dhe Vlladimir Jokoviqit, i cili ka vet\u00ebm n\u00ebnt\u00eb deputet\u00eb n\u00eb Parlament. N\u00eb ekzekutiv po ashtu jan\u00eb edhe disa parti t\u00eb minoriteteve.<\/p>\n\n\n\n<p>Shumica parlamentare p\u00ebrb\u00ebhet nga partit\u00eb q\u00eb fituan n\u00eb zgjedhjet e vitit 2020, q\u00eb mposht\u00ebn partin\u00eb e Gjukanoviqit, duke e d\u00ebrguar n\u00eb opozit\u00eb pas tri dekadash. Qeveria e par\u00eb e Zdravko Krivokapiqit punoi p\u00ebr 14 muaj, dhe m\u00eb pas drejtimin e ekzekutivit e mori Abazoviq, q\u00eb qeverisi p\u00ebr mbi tre muaj para se t\u00eb ngrihej mocioni i mosbesimit n\u00eb Parlament. \/REL\/<\/p>\n","protected":false},"excerpt":{"rendered":"<p>Qeveria e MZ pas zgjedhjeve parlamentare t\u00eb gushtit 2020 Shumica parlamentare e p\u00ebrb\u00ebr\u00eb nga Fronti Demokratik pro-rus, Demokrat\u00ebt dhe L\u00ebvizja URA e Dritan Abazoviqit nuk ka arritur nj\u00eb marr\u00ebveshje p\u00ebr formimin e nj\u00eb qeverie t\u00eb re, t\u00eb udh\u00ebhequr nga Miograd Llekiq. Pas nj\u00eb takimi me p\u00ebrfaq\u00ebsuesit e shumic\u00ebs parlamentare m\u00eb 4 janar, Llekiq njoftoi se [&hellip;]<\/p>\n","protected":false},"author":1,"featured_media":27627,"comment_status":"open","ping_status":"open","sticky":false,"template":"","format":"standard","meta":{"_seopress_robots_primary_cat":"none","_seopress_titles_title":"%%post_title%%","_seopress_titles_desc":"%%post_excerpt%%","_seopress_robots_index":"","footnotes":""},"categories":[2,3],"tags":[943,3184],"class_list":["post-33875","post","type-post","status-publish","format-standard","has-post-thumbnail","hentry","category-aktualitet","category-politike","tag-mali-i-zi","tag-qeveria"],"_links":{"self":[{"href":"https:\/\/ulqini-online.com\/sajti\/index.php?rest_route=\/wp\/v2\/posts\/33875","targetHints":{"allow":["GET"]}}],"collection":[{"href":"https:\/\/ulqini-online.com\/sajti\/index.php?rest_route=\/wp\/v2\/posts"}],"about":[{"href":"https:\/\/ulqini-online.com\/sajti\/index.php?rest_route=\/wp\/v2\/types\/post"}],"author":[{"embeddable":true,"href":"https:\/\/ulqini-online.com\/sajti\/index.php?rest_route=\/wp\/v2\/users\/1"}],"replies":[{"embeddable":true,"href":"https:\/\/ulqini-online.com\/sajti\/index.php?rest_route=%2Fwp%2Fv2%2Fcomments&post=33875"}],"version-history":[{"count":1,"href":"https:\/\/ulqini-online.com\/sajti\/index.php?rest_route=\/wp\/v2\/posts\/33875\/revisions"}],"predecessor-version":[{"id":33878,"href":"https:\/\/ulqini-online.com\/sajti\/index.php?rest_route=\/wp\/v2\/posts\/33875\/revisions\/33878"}],"wp:featuredmedia":[{"embeddable":true,"href":"https:\/\/ulqini-online.com\/sajti\/index.php?rest_route=\/wp\/v2\/media\/27627"}],"wp:attachment":[{"href":"https:\/\/ulqini-online.com\/sajti\/index.php?rest_route=%2Fwp%2Fv2%2Fmedia&parent=33875"}],"wp:term":[{"taxonomy":"category","embeddable":true,"href":"https:\/\/ulqini-online.com\/sajti\/index.php?rest_route=%2Fwp%2Fv2%2Fcategories&post=33875"},{"taxonomy":"post_tag","embeddable":true,"href":"https:\/\/ulqini-online.com\/sajti\/index.php?rest_route=%2Fwp%2Fv2%2Ftags&post=33875"}],"curies":[{"name":"wp","href":"https:\/\/api.w.org\/{rel}","templated":true}]}}