{"id":33588,"date":"2022-11-26T09:55:35","date_gmt":"2022-11-26T08:55:35","guid":{"rendered":"https:\/\/ulqini-online.com\/sajti\/?p=33588"},"modified":"2022-11-26T09:55:53","modified_gmt":"2022-11-26T08:55:53","slug":"ne-kujtim-te-nje-dite-historike-dita-e-flamurit-kombetar","status":"publish","type":"post","link":"https:\/\/ulqini-online.com\/sajti\/?p=33588","title":{"rendered":"<strong>N\u00cb KUJTIM T\u00cb NJ\u00cb DITE HISTORIKE \u2013 DITA E FLAMURIT KOMB\u00cbTAR<\/strong>"},"content":{"rendered":"<figure class=\"wp-block-post-featured-image\"><img loading=\"lazy\" decoding=\"async\" width=\"533\" height=\"400\" src=\"https:\/\/ulqini-online.com\/sajti\/wp-content\/uploads\/2014\/11\/Flamuri-shqiptar.jpg\" class=\"attachment-post-thumbnail size-post-thumbnail wp-post-image\" alt=\"\" style=\"object-fit:cover;\" srcset=\"https:\/\/ulqini-online.com\/sajti\/wp-content\/uploads\/2014\/11\/Flamuri-shqiptar.jpg 533w, https:\/\/ulqini-online.com\/sajti\/wp-content\/uploads\/2014\/11\/Flamuri-shqiptar-300x225.jpg 300w\" sizes=\"auto, (max-width: 533px) 100vw, 533px\" \/><\/figure>\n\n\n<p><strong>Nga HAJRULLAH HAJDARI<\/strong>\u00a0\u00a0\u00a0\u00a0\u00a0\u00a0\u00a0\u00a0\u00a0\u00a0\u00a0\u00a0\u00a0\u00a0\u00a0\u00a0\u00a0\u00a0\u00a0\u00a0\u00a0\u00a0\u00a0\u00a0\u00a0\u00a0\u00a0\u00a0\u00a0<\/p>\n\n\n\n<p>Historia e \u00e7do populli ka datat e saja t\u00eb sh\u00ebnuara q\u00eb mbeten t\u00eb pandryshuara. Ata i rezistojn\u00eb\u00a0 koh\u00ebs dhe nderohen e p\u00ebrkujtohen nga brezat e popullit n\u00eb vazhdim\u00ebsi e p\u00ebrjet\u00ebsi. Edhe populli yn\u00eb ka datat e sh\u00ebnuara q\u00eb jan\u00eb monumente t\u00eb pal\u00ebkundura n\u00eb historin\u00eb e tij mij\u00ebravje\u00e7are.\u00a0P\u00ebr shqiptar\u00ebt, pa m\u00ebdyshje, muaji n\u00ebntor \u00ebsht\u00eb muaji m\u00eb p\u00ebrcaktues i simbolik\u00ebs son\u00eb historike. Shqiptar\u00ebt kudo q\u00eb jan\u00eb e sh\u00ebnojn\u00eb dhe e festojn\u00eb me krenari dhe emocione dit\u00ebn m\u00eb t\u00eb madhe t\u00eb kombit 28 N\u00ebntorin \u2013 Dit\u00ebn e Flamurit Komb\u00ebtar\u00eb. Kjo dit\u00eb i referohet shpalljes s\u00eb pavar\u00ebsis\u00eb m\u00eb<strong>28 n\u00ebntor<\/strong>\u00a01912 dhe ngritj\u00ebs s\u00eb Flamurit Komb\u00ebtar n\u00eb Vlor\u00eb, e cili p\u00ebrputhet me t\u00eb nj\u00ebjt\u00ebn dit\u00eb kur Sk\u00ebnderbeu e ngriti flamurin e nj\u00ebjt\u00eb n\u00eb Kruj\u00eb, m\u00eb<strong>28 n\u00ebntor<\/strong>1443<strong>.<\/strong><\/p>\n\n\n\n<p>E kemi obligim nga t\u00eb par\u00ebt q\u00eb k\u00ebt\u00eb dit\u00eb ta nd\u00ebrojm\u00eb t\u00eb gjith\u00eb, duke kujtuar k\u00ebshtu sakrific\u00ebn sublime t\u00eb t\u00eb r\u00ebn\u00ebve t\u00eb popullit shqiptar, t\u00eb qindra e mij\u00ebra t\u00eb rinjve e t\u00eb moshurve, grave e burrave nd\u00ebr shekuj, q\u00eb flijuan jet\u00ebn e tyre p\u00ebr atdhe e p\u00ebr flamur. Fal\u00eb sakrific\u00ebs s\u00eb tyre, shqiptar\u00ebt, kudo q\u00eb gjenden, ku jetojn\u00eb e ku veprojn\u00eb, &nbsp;sot festojn\u00eb, martohen e g\u00ebzohen me flamurin ton\u00eb komb\u00ebtar. Ai \u00ebsht\u00eb let\u00ebrnjoftimi i shqiptar\u00ebve, me te identifikohemi kudo se jemi shqiptar. D<strong>ita e flamurit<\/strong><strong>&nbsp;<\/strong>\u00ebsht\u00eb festa&nbsp;<strong>e<\/strong>&nbsp;krenaris\u00eb son\u00eb, \u00ebsht\u00eb fest\u00eb&nbsp;<strong>e<\/strong>&nbsp;rim\u00ebk\u00ebmbjes s\u00eb dinjitetit dhe forcimit t\u00eb nd\u00ebrgjegjes son\u00eb komb\u00ebtare.<\/p>\n\n\n\n<p>Gjat\u00eb t\u00eb kaluar\u00ebs s\u00eb v\u00ebshtir\u00eb historike, kjo dat\u00eb e r\u00ebnd\u00ebsishme \u00ebsht\u00eb sh\u00ebnuar e festuar n\u00eb kushte dhe m\u00ebnyra t\u00eb ndryshme. Kjo ve\u00e7an\u00ebrisht vlen p\u00ebr shqiptar\u00ebt t\u00eb mbetur jasht\u00eb kufijve t\u00eb shtetit am\u00eb \u2013Shqip\u00ebris\u00eb, t\u00eb cil\u00ebt jetojn\u00eb t\u00eb grimcuar rreth e p\u00ebrqark shtetit am\u00eb q\u00eb nga Ulqini, Kraja, Mal\u00ebsia, Rozhaja e Plava Gucia, Kosova, Maqedonia e m\u00eb n\u00eb jug \u00c7am\u00ebria.<\/p>\n\n\n\n<p>Shqiptar\u00ebt n\u00eb Mal t\u00eb Zi q\u00eb u detyruan t\u00eb jetonin n\u00eb nj\u00eb shtet sllav\u00eb, me t\u00eb cilin nuk i lidhte asgj\u00eb e p\u00ebrbashk\u00ebt, as historia e as gjuha, kultura, etnografia e shum\u00eb \u00e7ka tjet\u00ebr p\u00ebr arsye t\u00eb shovenizmit t\u00eb theksuar malazez apo ideologjis\u00eb s\u00eb tepruar komuniste, u privuan nga e drejta e sh\u00ebnimit dhe festimit t\u00eb k\u00ebsaj date historike komb\u00ebtare. Kushdo nga shqiptar\u00ebt q\u00eb guxonte t\u00eb p\u00ebrmendte k\u00ebt\u00eb dat\u00eb, e jo m\u00eb t\u00eb festonte, denoj r\u00ebnd\u00eb e njollosej si nacionalist, irredentist e armik i shtetit ku jetonte ( Mali i Zi, Serbi)!<\/p>\n\n\n\n<ul class=\"wp-block-list\">\n<li><strong><em>M\u00eb 28 N\u00ebn. tor 1944 n\u00eb Ulqin u festua Dita e Flamurit Komb\u00ebtar<\/em><\/strong><\/li>\n<\/ul>\n\n\n\n<p>Me kapitullimin e Mbret\u00ebris\u00eb Jugosllave, tokat shqiptare n\u00ebn okupimin e saj u ndan\u00eb n\u00eb tri zona pushtuese. Ulqini, fillimisht i takoi zon\u00ebs pushtuese italiane nd\u00ebrsa pas kapitullimit t\u00eb Italis\u00eb zon\u00ebs pushtuese gjermane. Otganizimi i pushtetit civil n\u00eb Tokat e Liruara filloi n\u00eb gusht t\u00eb vitit 1941.Bashkimi i tokave shqiptare, t\u00eb mbetura jasht\u00eb kufirit shtet\u00ebror, me Shqip\u00ebrin\u00eb, u prit me entuziaz\u00ebm t\u00eb lart\u00eb t\u00eb popullsis\u00eb shqiptare. Pritshm\u00ebria e tyre s\u00eb shpejti u b\u00eb realitet. Pothuajse n\u00eb mbar\u00eb territorin e Tokave t\u00eb Liruara u hap\u00ebn shkollat e para n\u00eb gjuh\u00ebn amtare shqipe, administrata publike&nbsp; po ashtu mbahej n\u00eb gjuh\u00ebn shqipe dhe kudo valvitej flamuri komb\u00ebtar. Natyrisht, edhe n\u00eb Ulqinin shqiptar, k\u00ebto t\u00eb mira komb\u00ebtare u realizuan dhe u p\u00ebrjetuan me entuziaz\u00ebm t\u00eb madh!<\/p>\n\n\n\n<p>K\u00ebshtu, sipa nj\u00eb akti zyrtar t\u00eb Gjindarm\u00ebris\u00eb Shqiptare, m\u00eb 28 N\u00ebntor t\u00eb vitit 1943, n\u00eb Ulqin u festua Dita e Flamurit Komb\u00ebtar. M\u00eb posht\u00eb, k\u00ebt\u00eb dokument po e japim n\u00eb t\u00ebr\u00ebsi: (Burimi:AQSH,F.154)&nbsp; &nbsp;<\/p>\n\n\n\n<p>Shteti shqiptar\u00eb<\/p>\n\n\n\n<p>Arma e Gjindarmaris Shqiptare<\/p>\n\n\n\n<p>Nr.164-44\/1,&nbsp;&nbsp;&nbsp;&nbsp;&nbsp;&nbsp;&nbsp;&nbsp;&nbsp;&nbsp;&nbsp;&nbsp;&nbsp;&nbsp;&nbsp;&nbsp;&nbsp;&nbsp;&nbsp;&nbsp;&nbsp;&nbsp;&nbsp;&nbsp;&nbsp;&nbsp;&nbsp;&nbsp;&nbsp;&nbsp;&nbsp;&nbsp;&nbsp;&nbsp;&nbsp;&nbsp;&nbsp;&nbsp;&nbsp;&nbsp;&nbsp;&nbsp;&nbsp;&nbsp;&nbsp;&nbsp;&nbsp;&nbsp;&nbsp;&nbsp;&nbsp;&nbsp;&nbsp;&nbsp;&nbsp;&nbsp;&nbsp;&nbsp;&nbsp;&nbsp;&nbsp;&nbsp;&nbsp;&nbsp;&nbsp;&nbsp;&nbsp;&nbsp;&nbsp;&nbsp;&nbsp;&nbsp;&nbsp;&nbsp;&nbsp;&nbsp;&nbsp;&nbsp; &nbsp;Ulqin, m\u00eb 29 -11- 1943.<\/p>\n\n\n\n<p>Shkurtimi.Mbi festimin e -28-t\u00eb Nantorit<\/p>\n\n\n\n<p>&nbsp;&nbsp;&nbsp;&nbsp;&nbsp;&nbsp;&nbsp;&nbsp;&nbsp;&nbsp;&nbsp;&nbsp;&nbsp;&nbsp;&nbsp;&nbsp;&nbsp;&nbsp;&nbsp;&nbsp;&nbsp;&nbsp;&nbsp;&nbsp;&nbsp;&nbsp;&nbsp;&nbsp;&nbsp;&nbsp;&nbsp;&nbsp;&nbsp;&nbsp;&nbsp;&nbsp;&nbsp;&nbsp;&nbsp;&nbsp;&nbsp;&nbsp;&nbsp;&nbsp;&nbsp;&nbsp;&nbsp;&nbsp;&nbsp;&nbsp;&nbsp;&nbsp;&nbsp;&nbsp;&nbsp;&nbsp;&nbsp;&nbsp;&nbsp;&nbsp;&nbsp;&nbsp;&nbsp;&nbsp;&nbsp;&nbsp;&nbsp;&nbsp;&nbsp;&nbsp;&nbsp;&nbsp;&nbsp;&nbsp;&nbsp;&nbsp;&nbsp;&nbsp;&nbsp;&nbsp;&nbsp;&nbsp;&nbsp;&nbsp;&nbsp;&nbsp;&nbsp;&nbsp;&nbsp;&nbsp;&nbsp;&nbsp;&nbsp;&nbsp;&nbsp;&nbsp;&nbsp;&nbsp;&nbsp;&nbsp;&nbsp; Komandes Qarkut Gjindarmeris<\/p>\n\n\n\n<p>&nbsp;&nbsp;&nbsp;&nbsp;&nbsp;&nbsp;&nbsp;&nbsp;&nbsp;&nbsp;&nbsp;&nbsp;&nbsp;&nbsp;&nbsp;&nbsp;&nbsp;&nbsp;&nbsp;&nbsp;&nbsp;&nbsp;&nbsp;&nbsp;&nbsp;&nbsp;&nbsp;&nbsp;&nbsp;&nbsp;&nbsp;&nbsp;&nbsp;&nbsp;&nbsp;&nbsp;&nbsp;&nbsp;&nbsp;&nbsp;&nbsp;&nbsp;&nbsp;&nbsp;&nbsp;&nbsp;&nbsp;&nbsp;&nbsp;&nbsp;&nbsp;&nbsp;&nbsp;&nbsp;&nbsp;&nbsp;&nbsp;&nbsp;&nbsp;&nbsp;&nbsp;&nbsp;&nbsp;&nbsp;&nbsp;&nbsp;&nbsp;&nbsp;&nbsp;&nbsp;&nbsp;&nbsp;&nbsp;&nbsp;&nbsp;&nbsp;&nbsp;&nbsp;&nbsp;&nbsp;&nbsp;&nbsp;&nbsp;&nbsp;&nbsp;&nbsp;&nbsp;&nbsp;&nbsp;&nbsp;&nbsp;&nbsp;&nbsp;&nbsp;&nbsp;&nbsp;&nbsp;&nbsp;&nbsp;&nbsp;&nbsp;&nbsp;&nbsp;&nbsp;&nbsp;&nbsp;&nbsp;&nbsp;&nbsp;&nbsp;&nbsp;&nbsp;&nbsp;&nbsp;&nbsp;&nbsp;&nbsp;&nbsp;&nbsp;&nbsp;&nbsp;&nbsp;&nbsp;&nbsp;&nbsp;&nbsp;&nbsp;&nbsp;&nbsp;&nbsp;&nbsp;&nbsp;&nbsp;&nbsp; Sh k o d \u00eb r<\/p>\n\n\n\n<p>Parashtrojm se dita &#8211; 28 \u2013 Nantor u festue me enthuzjazem si mbas programit t\u00eb perpiluem prej Sekretarit t\u00eb Nenprefektures si vijon:<\/p>\n\n\n\n<p>N\u00eb ora -10- nji shumic\u00eb e Popullit nga Qyteti dhe t\u2019ardhun nga krahinat u grumbullue para Bashkis e s\u2019andejmi t\u2019udhequn prej autoriteteve lokale u shkue n\u00eb Xhamij e Kish ku u zhvilluen lutjet fetare.<\/p>\n\n\n\n<p>N\u00eb ora -11- Kryetari i Bashkis z.Hajdar Daka n\u00eb Ballkonin e Bashkis mbajti fjalimin e rastit dhe mbandej priti vizitat n\u00eb sallen e Bashkis, mbasi mbaruen vizitat n\u00eb Bashki populli u shpernda tue kendue kang\u00eb Komb\u00ebtare neper rruget e qytetit, e keshtu t\u00eb tan dita mbaroi me q\u00ebtsin ma t\u00eb madhe me g\u00ebzime e brohoritje e zbrazje armesh prej Vullnetarve.<\/p>\n\n\n\n<p>Shtojm\u00eb se n\u00eb ceremonin e zhvillueme prej Nenpunsave kan marr pjes vetem Sekretari i Nenprefektures Z.Qamil Vasia, Protokolisti Sadik Kruja, Ahmet Bushati e Shaban Zaganjori dy t\u00eb fundit N\/Punes t\u00eb Finances me dy Tagrambledhsa, prej Malazezve kan marr\u00eb pjes vetem -4- veta.<\/p>\n\n\n\n<p>&nbsp;&nbsp;&nbsp;&nbsp;&nbsp;&nbsp;&nbsp;&nbsp;&nbsp;&nbsp;&nbsp;&nbsp;&nbsp;&nbsp;&nbsp;&nbsp;&nbsp;&nbsp;&nbsp;&nbsp;&nbsp;&nbsp;&nbsp;&nbsp;&nbsp;&nbsp;&nbsp;&nbsp;&nbsp;&nbsp;&nbsp;&nbsp;&nbsp;&nbsp;&nbsp;&nbsp;&nbsp;&nbsp;&nbsp;&nbsp;&nbsp;&nbsp;&nbsp;&nbsp;&nbsp;&nbsp;&nbsp;&nbsp;&nbsp;&nbsp;&nbsp;&nbsp;&nbsp;&nbsp;&nbsp;&nbsp;&nbsp;&nbsp;&nbsp;&nbsp;&nbsp;&nbsp;&nbsp;&nbsp;&nbsp;&nbsp;&nbsp;&nbsp;&nbsp;&nbsp;&nbsp; &nbsp;&nbsp;&nbsp;&nbsp;&nbsp;&nbsp;&nbsp;&nbsp;&nbsp;&nbsp;&nbsp;&nbsp;&nbsp;&nbsp;&nbsp;&nbsp;&nbsp;&nbsp;&nbsp;&nbsp;&nbsp;&nbsp;Z.V. Komandat\u2019i Gjind.<\/p>\n\n\n\n<p>&nbsp;&nbsp;&nbsp;&nbsp;&nbsp;&nbsp;&nbsp;&nbsp;&nbsp;&nbsp;&nbsp;&nbsp;&nbsp;&nbsp;&nbsp;&nbsp;&nbsp;&nbsp;&nbsp;&nbsp;&nbsp;&nbsp;&nbsp;&nbsp;&nbsp;&nbsp;&nbsp;&nbsp;&nbsp;&nbsp;&nbsp;&nbsp;&nbsp;&nbsp;&nbsp;&nbsp;&nbsp;&nbsp;&nbsp;&nbsp;&nbsp;&nbsp;&nbsp;&nbsp;&nbsp;&nbsp;&nbsp;&nbsp;&nbsp;&nbsp;&nbsp;&nbsp;&nbsp;&nbsp;&nbsp;&nbsp;&nbsp;&nbsp;&nbsp;&nbsp;&nbsp;&nbsp;&nbsp;&nbsp;&nbsp;&nbsp;&nbsp;&nbsp;&nbsp;&nbsp;&nbsp;&nbsp;&nbsp;&nbsp;&nbsp;&nbsp;&nbsp;&nbsp;&nbsp;&nbsp;&nbsp;&nbsp;&nbsp;&nbsp;&nbsp;&nbsp;&nbsp;&nbsp;&nbsp;&nbsp;&nbsp;&nbsp;&nbsp;&nbsp;&nbsp;&nbsp;&nbsp;&nbsp;&nbsp;&nbsp;&nbsp;&nbsp;&nbsp;&nbsp;&nbsp; Aspirant<\/p>\n\n\n\n<p>&nbsp;&nbsp;&nbsp;&nbsp;&nbsp;&nbsp;&nbsp;&nbsp;&nbsp;&nbsp;&nbsp;&nbsp;&nbsp;&nbsp;&nbsp;&nbsp;&nbsp;&nbsp;&nbsp;&nbsp;&nbsp;&nbsp;&nbsp;&nbsp;&nbsp;&nbsp;&nbsp;&nbsp;&nbsp;&nbsp;&nbsp;&nbsp;&nbsp;&nbsp;&nbsp;&nbsp;&nbsp;&nbsp;&nbsp;&nbsp;&nbsp;&nbsp;&nbsp;&nbsp;&nbsp;&nbsp;&nbsp;&nbsp;&nbsp;&nbsp;&nbsp;&nbsp;&nbsp;&nbsp;&nbsp;&nbsp;&nbsp;&nbsp;&nbsp;&nbsp;&nbsp;&nbsp;&nbsp;&nbsp;&nbsp;&nbsp;&nbsp;&nbsp;&nbsp;&nbsp;&nbsp;&nbsp;&nbsp;&nbsp;&nbsp;&nbsp;&nbsp;&nbsp;&nbsp;&nbsp;&nbsp;&nbsp;&nbsp;&nbsp;&nbsp;&nbsp;&nbsp;&nbsp;&nbsp;&nbsp;&nbsp;&nbsp;&nbsp;&nbsp;&nbsp;&nbsp;&nbsp;&nbsp;&nbsp;&nbsp;&nbsp; (Mustafa Duka)&nbsp; &nbsp;<\/p>\n\n\n\n<p>&nbsp;&nbsp;&nbsp;&nbsp;&nbsp;&nbsp;&nbsp;&nbsp;&nbsp;&nbsp;&nbsp;&nbsp;&nbsp;&nbsp;&nbsp;&nbsp;&nbsp;&nbsp;&nbsp;&nbsp;&nbsp;&nbsp;&nbsp;&nbsp;&nbsp;&nbsp;&nbsp;&nbsp;&nbsp;&nbsp;&nbsp;&nbsp;&nbsp;&nbsp;&nbsp;&nbsp;&nbsp;&nbsp;&nbsp;&nbsp;&nbsp;&nbsp;&nbsp;&nbsp;&nbsp;&nbsp;&nbsp;&nbsp;&nbsp;&nbsp;&nbsp;&nbsp;&nbsp;&nbsp;&nbsp;&nbsp;&nbsp;&nbsp;&nbsp;&nbsp;&nbsp;&nbsp;&nbsp;&nbsp;&nbsp;&nbsp;&nbsp;&nbsp;&nbsp;&nbsp;&nbsp;&nbsp;&nbsp;&nbsp;&nbsp;&nbsp;&nbsp;&nbsp;&nbsp;&nbsp;&nbsp;&nbsp;&nbsp;&nbsp;&nbsp;&nbsp;&nbsp;&nbsp;&nbsp;&nbsp;&nbsp;&nbsp;&nbsp;&nbsp;&nbsp;&nbsp;&nbsp;&nbsp;&nbsp;&nbsp;&nbsp;&nbsp;&nbsp;&nbsp;&nbsp;&nbsp;&nbsp;&nbsp;&nbsp;&nbsp;&nbsp;&nbsp;&nbsp;&nbsp;&nbsp;&nbsp;&nbsp;&nbsp;&nbsp;&nbsp;&nbsp;&nbsp;&nbsp;&nbsp;&nbsp;&nbsp;&nbsp;&nbsp;&nbsp;&nbsp;&nbsp;&nbsp;&nbsp;&nbsp;&nbsp;&nbsp;&nbsp;&nbsp;&nbsp;&nbsp;&nbsp;&nbsp; N\u00ebnshkrimi<\/p>\n\n\n\n<p>Sa do i thjesht\u00eb q\u00eb ishte festimi i Dit\u00ebs s\u00eb Flamurit Komb\u00ebtar, n\u00eb at\u00eb N\u00ebntor t\u00eb vitit 1943, ai&nbsp; do t\u00eb mbetet \u00ebnd\u00ebrr i shqiptar\u00ebve t\u00eb ripushtuar nga Jugosllavia, deri n\u00eb shp\u00ebrb\u00ebrjen e saj.<\/p>\n\n\n\n<p>Shpresojm\u00eb se shqiptar\u00ebt n\u00eb Mal t\u00eb Zi, t\u00eb p\u00ebr\u00e7ar\u00eb e t\u00eb coptuar n\u00eb shum\u00eb parti politike, pa bashk\u00ebrendim e bashk\u00ebveprim, pa platform\u00eb politike, s\u00eb paku n\u00eb k\u00ebt\u00eb dit\u00eb t\u00eb sh\u00ebnuar historike p\u00ebr kombin ton\u00eb t\u00eb jen\u00eb t\u00eb bashkuar, t\u00eb festojn\u00eb e t\u00eb g\u00ebzojn\u00eb me dinjitet s\u00eb bashku e m\u00eb nj\u00eb goj\u00eb t\u00eb k\u00ebndojm\u00eb: \u201cRreth Flamurit t\u00eb bashkuar&#8230;.\u201d. Me k\u00ebt\u00eb rast po p\u00ebrkujtoj vet\u00ebm nj\u00eb th\u00ebnje t\u00eb Skenderbeut: \u201c<strong>Shtini duart n\u00eb brez shoqi-shoqit, q\u00eb t\u00eb mbani nj\u00ebri-tjetrin, mos t\u2019u hyj dikush n\u00eb mes e t\u00eb mos u \u00e7aj\u00eb bota\u201d.<\/strong> Ah, sa dom\u00ebth\u00ebn\u00ebse \u00ebsht\u00eb kjo porosi, sot e p\u00ebrgjithmon\u00eb!<\/p>\n","protected":false},"excerpt":{"rendered":"<p>Nga HAJRULLAH HAJDARI\u00a0\u00a0\u00a0\u00a0\u00a0\u00a0\u00a0\u00a0\u00a0\u00a0\u00a0\u00a0\u00a0\u00a0\u00a0\u00a0\u00a0\u00a0\u00a0\u00a0\u00a0\u00a0\u00a0\u00a0\u00a0\u00a0\u00a0\u00a0\u00a0 Historia e \u00e7do populli ka datat e saja t\u00eb sh\u00ebnuara q\u00eb mbeten t\u00eb pandryshuara. Ata i rezistojn\u00eb\u00a0 koh\u00ebs dhe nderohen e p\u00ebrkujtohen nga brezat e popullit n\u00eb vazhdim\u00ebsi e p\u00ebrjet\u00ebsi. Edhe populli yn\u00eb ka datat e sh\u00ebnuara q\u00eb jan\u00eb monumente t\u00eb pal\u00ebkundura n\u00eb historin\u00eb e tij mij\u00ebravje\u00e7are.\u00a0P\u00ebr shqiptar\u00ebt, pa m\u00ebdyshje, muaji n\u00ebntor [&hellip;]<\/p>\n","protected":false},"author":1,"featured_media":514,"comment_status":"open","ping_status":"open","sticky":false,"template":"","format":"standard","meta":{"_seopress_robots_primary_cat":"none","_seopress_titles_title":"%%post_title%%","_seopress_titles_desc":"%%post_excerpt%%","_seopress_robots_index":"","footnotes":""},"categories":[2,12],"tags":[],"class_list":["post-33588","post","type-post","status-publish","format-standard","has-post-thumbnail","hentry","category-aktualitet","category-opinione"],"_links":{"self":[{"href":"https:\/\/ulqini-online.com\/sajti\/index.php?rest_route=\/wp\/v2\/posts\/33588","targetHints":{"allow":["GET"]}}],"collection":[{"href":"https:\/\/ulqini-online.com\/sajti\/index.php?rest_route=\/wp\/v2\/posts"}],"about":[{"href":"https:\/\/ulqini-online.com\/sajti\/index.php?rest_route=\/wp\/v2\/types\/post"}],"author":[{"embeddable":true,"href":"https:\/\/ulqini-online.com\/sajti\/index.php?rest_route=\/wp\/v2\/users\/1"}],"replies":[{"embeddable":true,"href":"https:\/\/ulqini-online.com\/sajti\/index.php?rest_route=%2Fwp%2Fv2%2Fcomments&post=33588"}],"version-history":[{"count":1,"href":"https:\/\/ulqini-online.com\/sajti\/index.php?rest_route=\/wp\/v2\/posts\/33588\/revisions"}],"predecessor-version":[{"id":33591,"href":"https:\/\/ulqini-online.com\/sajti\/index.php?rest_route=\/wp\/v2\/posts\/33588\/revisions\/33591"}],"wp:featuredmedia":[{"embeddable":true,"href":"https:\/\/ulqini-online.com\/sajti\/index.php?rest_route=\/wp\/v2\/media\/514"}],"wp:attachment":[{"href":"https:\/\/ulqini-online.com\/sajti\/index.php?rest_route=%2Fwp%2Fv2%2Fmedia&parent=33588"}],"wp:term":[{"taxonomy":"category","embeddable":true,"href":"https:\/\/ulqini-online.com\/sajti\/index.php?rest_route=%2Fwp%2Fv2%2Fcategories&post=33588"},{"taxonomy":"post_tag","embeddable":true,"href":"https:\/\/ulqini-online.com\/sajti\/index.php?rest_route=%2Fwp%2Fv2%2Ftags&post=33588"}],"curies":[{"name":"wp","href":"https:\/\/api.w.org\/{rel}","templated":true}]}}