{"id":32880,"date":"2022-08-08T12:01:00","date_gmt":"2022-08-08T10:01:00","guid":{"rendered":"https:\/\/ulqini-online.com\/sajti\/?p=32880"},"modified":"2022-08-08T13:07:58","modified_gmt":"2022-08-08T11:07:58","slug":"zenka-dhe-gjeka-me-qendrim-te-qarte-rreth-marreveshjes-se-qeverise-me-kos-in","status":"publish","type":"post","link":"https:\/\/ulqini-online.com\/sajti\/?p=32880","title":{"rendered":"Zenka dhe Gjeka me qendrim t\u00eb qart\u00eb rreth marr\u00ebveshjes s\u00eb qeveris\u00eb me KOS-in"},"content":{"rendered":"<figure class=\"wp-block-post-featured-image\"><img loading=\"lazy\" decoding=\"async\" width=\"300\" height=\"155\" src=\"https:\/\/ulqini-online.com\/sajti\/wp-content\/uploads\/2016\/03\/koalicion-i-gjere-ne-ulqin-nenshkrimi.jpg\" class=\"attachment-post-thumbnail size-post-thumbnail wp-post-image\" alt=\"\" style=\"object-fit:cover;\" \/><\/figure>\n\n\n<p class=\"has-text-align-center\"><em>Ilustrim: Nga n\u00ebnshkrimi i nj\u00eb marr\u00ebveshjeje koalicioni vite me par\u00eb<\/em><\/p>\n\n\n\n<p>Kryeministri i Mali t\u00eb Zi, Dritan Abazoviq, t\u00eb m\u00ebrkur\u00ebn e kaluar ka n\u00ebnshkruar Marr\u00ebveshja Themelore nd\u00ebrmjet Malit t\u00eb Zi dhe Kish\u00ebs Ortodokse Serbe, e cila parasheh rregullimin e marr\u00ebdh\u00ebnieve n\u00eb mes t\u00eb Malit t\u00eb Zi dhe Kish\u00ebs Ortodokse Serbe me seli n\u00eb Beograd.<\/p>\n\n\n\n<p>Qeveria e Malit t\u00eb Zi kishte miratuar m\u00eb 8 korrik Marr\u00ebveshjen Themelore.<\/p>\n\n\n\n<p>Marr\u00ebveshja Themelore p\u00ebr marr\u00ebdh\u00ebniet nd\u00ebrmjet shtetit t\u00eb Malit t\u00eb Zi dhe Kish\u00ebs Ortodokse Serbe p\u00ebrmban kryesisht obligimet e shtetit dhe institucioneve ndaj k\u00ebsaj bashk\u00ebsie fetare.<\/p>\n\n\n\n<p>Marr\u00ebveshja ka nxitur reagime t\u00eb shumta n\u00eb t\u00eb dy krah\u00ebt. N\u00ebse nj\u00ebri krah, ai proserb e mb\u00ebshtet n\u00eb t\u00ebr\u00ebsi k\u00ebt\u00eb marr\u00ebveshje, partit\u00eb parlamentare me orientim promalazez e kan\u00eb kund\u00ebrshtuar dhe kan\u00eb inicuar mocionin e mosbesimit ndaj qeveris\u00eb aktuale.<\/p>\n\n\n\n<p>Partit\u00eb shqiptare, jo t\u00eb gjitha, kan\u00eb qendrimin e qart\u00eb rreth k\u00ebsaj teme. N\u00eb k\u00ebt\u00eb m\u00ebnyr\u00eb, Unioni Demokrtatik i Shqitar\u00ebve, n\u00ebp\u00ebrmes deputetit t\u00eb saj z. Mehmet Zenka, \u00ebsht\u00eb rreshtuar krah partive q\u00eb mb\u00ebshtesin rrezimin e qeversis\u00eb aktuale duke qene t\u00eb qart\u00eb se jan\u00eb kund\u00ebr nj\u00eb marr\u00ebveshjeje t\u00eb tilll\u00eb.<\/p>\n\n\n\n<p>Nga ana tjet\u00ebr, Partia Demokratike n\u00ebp\u00ebrmjet ministrit t\u00eb saj n\u00eb qeverin\u00eb aktuale &nbsp;z. Fatmir Gjeka e mb\u00ebshtet k\u00ebt\u00eb marr\u00ebveshje. Gjeka n\u00eb mbledhjen e qeveris\u00eb votoi pro marr\u00ebveshjes dhe njeheri ishte edhe prezent n\u00eb dit\u00ebn e n\u00ebnshkrimit t\u00eb saj me Kish\u00ebn Ortodokse Serbe.<\/p>\n\n\n\n<p>Me 18 gusht \u00ebsht\u00eb paralajm\u00ebruar mbledhja e Kuvendit t\u00eb Malit t\u00eb Zi ku si tem\u00eb \u00ebsht\u00eb mocioni i mosebesimit nda qeveris\u00eb aktuale.<\/p>\n","protected":false},"excerpt":{"rendered":"<p>Ilustrim: Nga n\u00ebnshkrimi i nj\u00eb marr\u00ebveshjeje koalicioni vite me par\u00eb Kryeministri i Mali t\u00eb Zi, Dritan Abazoviq, t\u00eb m\u00ebrkur\u00ebn e kaluar ka n\u00ebnshkruar Marr\u00ebveshja Themelore nd\u00ebrmjet Malit t\u00eb Zi dhe Kish\u00ebs Ortodokse Serbe, e cila parasheh rregullimin e marr\u00ebdh\u00ebnieve n\u00eb mes t\u00eb Malit t\u00eb Zi dhe Kish\u00ebs Ortodokse Serbe me seli n\u00eb Beograd. Qeveria e [&hellip;]<\/p>\n","protected":false},"author":1,"featured_media":8171,"comment_status":"open","ping_status":"open","sticky":false,"template":"","format":"standard","meta":{"_seopress_robots_primary_cat":"none","_seopress_titles_title":"%%post_title%%","_seopress_titles_desc":"%%post_excerpt%%","_seopress_robots_index":"","footnotes":""},"categories":[2,3],"tags":[],"class_list":["post-32880","post","type-post","status-publish","format-standard","has-post-thumbnail","hentry","category-aktualitet","category-politike"],"_links":{"self":[{"href":"https:\/\/ulqini-online.com\/sajti\/index.php?rest_route=\/wp\/v2\/posts\/32880","targetHints":{"allow":["GET"]}}],"collection":[{"href":"https:\/\/ulqini-online.com\/sajti\/index.php?rest_route=\/wp\/v2\/posts"}],"about":[{"href":"https:\/\/ulqini-online.com\/sajti\/index.php?rest_route=\/wp\/v2\/types\/post"}],"author":[{"embeddable":true,"href":"https:\/\/ulqini-online.com\/sajti\/index.php?rest_route=\/wp\/v2\/users\/1"}],"replies":[{"embeddable":true,"href":"https:\/\/ulqini-online.com\/sajti\/index.php?rest_route=%2Fwp%2Fv2%2Fcomments&post=32880"}],"version-history":[{"count":3,"href":"https:\/\/ulqini-online.com\/sajti\/index.php?rest_route=\/wp\/v2\/posts\/32880\/revisions"}],"predecessor-version":[{"id":32885,"href":"https:\/\/ulqini-online.com\/sajti\/index.php?rest_route=\/wp\/v2\/posts\/32880\/revisions\/32885"}],"wp:featuredmedia":[{"embeddable":true,"href":"https:\/\/ulqini-online.com\/sajti\/index.php?rest_route=\/wp\/v2\/media\/8171"}],"wp:attachment":[{"href":"https:\/\/ulqini-online.com\/sajti\/index.php?rest_route=%2Fwp%2Fv2%2Fmedia&parent=32880"}],"wp:term":[{"taxonomy":"category","embeddable":true,"href":"https:\/\/ulqini-online.com\/sajti\/index.php?rest_route=%2Fwp%2Fv2%2Fcategories&post=32880"},{"taxonomy":"post_tag","embeddable":true,"href":"https:\/\/ulqini-online.com\/sajti\/index.php?rest_route=%2Fwp%2Fv2%2Ftags&post=32880"}],"curies":[{"name":"wp","href":"https:\/\/api.w.org\/{rel}","templated":true}]}}