{"id":32163,"date":"2022-05-12T13:41:56","date_gmt":"2022-05-12T11:41:56","guid":{"rendered":"https:\/\/ulqini-online.com\/sajti\/?p=32163"},"modified":"2022-05-12T13:44:18","modified_gmt":"2022-05-12T11:44:18","slug":"mbremje-autoriale-me-shkrimtarin-ibrahim-kadriu","status":"publish","type":"post","link":"https:\/\/ulqini-online.com\/sajti\/?p=32163","title":{"rendered":"Mbr\u00ebmje autoriale me shkrimtarin Ibrahim Kadriu"},"content":{"rendered":"<figure class=\"wp-block-post-featured-image\"><img loading=\"lazy\" decoding=\"async\" width=\"500\" height=\"234\" src=\"https:\/\/ulqini-online.com\/sajti\/wp-content\/uploads\/2022\/05\/Ibrahim-kadriu-mbremje-letrare.jpg\" class=\"attachment-post-thumbnail size-post-thumbnail wp-post-image\" alt=\"Ibrahim kadriu\" style=\"object-fit:cover;\" srcset=\"https:\/\/ulqini-online.com\/sajti\/wp-content\/uploads\/2022\/05\/Ibrahim-kadriu-mbremje-letrare.jpg 500w, https:\/\/ulqini-online.com\/sajti\/wp-content\/uploads\/2022\/05\/Ibrahim-kadriu-mbremje-letrare-300x140.jpg 300w\" sizes=\"auto, (max-width: 500px) 100vw, 500px\" \/><\/figure>\n\n\n<p>Shoqata e Artist\u00ebve dhe Intelektual\u00ebve \u201cArt Club\u201d do t\u00eb organizoj\u00eb mbr\u00ebmje autoriale me shkrimtarin Ibrahim Kadriu, e cila mbahet n\u00eb kuad\u00ebr t\u00eb edicionit t\u00eb 29-t\u00eb t\u00eb manifestimit letrar \u201cKalimera Poetike \u2013 Basri \u00c7apriqi\u201d. &nbsp;<\/p>\n\n\n\n<p>Mbr\u00ebmja autoriale do t\u00eb mbahet t\u00eb shtun\u00ebn, m\u00eb 14 maj 2022, ora 20.00, n\u00eb Librarin\u00eb \u201cUlqini\u201d &#8211; Ulqin. &nbsp;&nbsp;<\/p>\n","protected":false},"excerpt":{"rendered":"<p>Shoqata e Artist\u00ebve dhe Intelektual\u00ebve \u201cArt Club\u201d do t\u00eb organizoj\u00eb mbr\u00ebmje autoriale me shkrimtarin Ibrahim Kadriu, e cila mbahet n\u00eb kuad\u00ebr t\u00eb edicionit t\u00eb 29-t\u00eb t\u00eb manifestimit letrar \u201cKalimera Poetike \u2013 Basri \u00c7apriqi\u201d. &nbsp; Mbr\u00ebmja autoriale do t\u00eb mbahet t\u00eb shtun\u00ebn, m\u00eb 14 maj 2022, ora 20.00, n\u00eb Librarin\u00eb \u201cUlqini\u201d &#8211; Ulqin. &nbsp;&nbsp;<\/p>\n","protected":false},"author":1,"featured_media":32165,"comment_status":"open","ping_status":"open","sticky":false,"template":"","format":"standard","meta":{"_seopress_robots_primary_cat":"none","_seopress_titles_title":"%%post_title%%","_seopress_titles_desc":"%%post_excerpt%%","_seopress_robots_index":"","footnotes":""},"categories":[2,6],"tags":[3073,3074,28],"class_list":["post-32163","post","type-post","status-publish","format-standard","has-post-thumbnail","hentry","category-aktualitet","category-kulture","tag-ibrahim-kadriu","tag-mbremje-letrare","tag-ulqin"],"_links":{"self":[{"href":"https:\/\/ulqini-online.com\/sajti\/index.php?rest_route=\/wp\/v2\/posts\/32163","targetHints":{"allow":["GET"]}}],"collection":[{"href":"https:\/\/ulqini-online.com\/sajti\/index.php?rest_route=\/wp\/v2\/posts"}],"about":[{"href":"https:\/\/ulqini-online.com\/sajti\/index.php?rest_route=\/wp\/v2\/types\/post"}],"author":[{"embeddable":true,"href":"https:\/\/ulqini-online.com\/sajti\/index.php?rest_route=\/wp\/v2\/users\/1"}],"replies":[{"embeddable":true,"href":"https:\/\/ulqini-online.com\/sajti\/index.php?rest_route=%2Fwp%2Fv2%2Fcomments&post=32163"}],"version-history":[{"count":1,"href":"https:\/\/ulqini-online.com\/sajti\/index.php?rest_route=\/wp\/v2\/posts\/32163\/revisions"}],"predecessor-version":[{"id":32166,"href":"https:\/\/ulqini-online.com\/sajti\/index.php?rest_route=\/wp\/v2\/posts\/32163\/revisions\/32166"}],"wp:featuredmedia":[{"embeddable":true,"href":"https:\/\/ulqini-online.com\/sajti\/index.php?rest_route=\/wp\/v2\/media\/32165"}],"wp:attachment":[{"href":"https:\/\/ulqini-online.com\/sajti\/index.php?rest_route=%2Fwp%2Fv2%2Fmedia&parent=32163"}],"wp:term":[{"taxonomy":"category","embeddable":true,"href":"https:\/\/ulqini-online.com\/sajti\/index.php?rest_route=%2Fwp%2Fv2%2Fcategories&post=32163"},{"taxonomy":"post_tag","embeddable":true,"href":"https:\/\/ulqini-online.com\/sajti\/index.php?rest_route=%2Fwp%2Fv2%2Ftags&post=32163"}],"curies":[{"name":"wp","href":"https:\/\/api.w.org\/{rel}","templated":true}]}}