{"id":31146,"date":"2022-02-25T15:38:41","date_gmt":"2022-02-25T14:38:41","guid":{"rendered":"https:\/\/ulqini-online.com\/sajti\/?p=31146"},"modified":"2022-02-25T15:51:38","modified_gmt":"2022-02-25T14:51:38","slug":"per-here-te-pare-ne-ulqin-nje-ekspozite-fotografike-kushtuar-sanxhakut","status":"publish","type":"post","link":"https:\/\/ulqini-online.com\/sajti\/?p=31146","title":{"rendered":"P\u00ebr her\u00eb t\u00eb par\u00eb n\u00eb Ulqin nj\u00eb ekspozit\u00eb fotografike kushtuar Sanxhakut"},"content":{"rendered":"<figure class=\"wp-block-post-featured-image\"><img loading=\"lazy\" decoding=\"async\" width=\"579\" height=\"253\" src=\"https:\/\/ulqini-online.com\/sajti\/wp-content\/uploads\/2022\/02\/ekspozite-per-sanxhakun-ne-ulqin.jpg\" class=\"attachment-post-thumbnail size-post-thumbnail wp-post-image\" alt=\"\" style=\"object-fit:cover;\" srcset=\"https:\/\/ulqini-online.com\/sajti\/wp-content\/uploads\/2022\/02\/ekspozite-per-sanxhakun-ne-ulqin.jpg 579w, https:\/\/ulqini-online.com\/sajti\/wp-content\/uploads\/2022\/02\/ekspozite-per-sanxhakun-ne-ulqin-300x131.jpg 300w\" sizes=\"auto, (max-width: 579px) 100vw, 579px\" \/><\/figure>\n\n\n<p>N\u00eb Ulqin prezantohet p\u00ebr her\u00eb t\u00eb par\u00eb nj\u00eb ekspozit\u00eb fotografike kushtuar Sanxhakut, d\u00ebshmi e identitetit komb\u00ebtar t\u00eb shqiptar\u00ebve n\u00eb k\u00ebt\u00eb mjedis. Mir\u00eb se vini!, k\u00ebshtu shkruan n\u00eb njoftimin p\u00ebr k\u00ebt\u00eb ekspozit\u00eb studiuesi dhe publicisti i njohur Dr. Nail Draga, transmeton Ulqini Online.<\/p>\n\n\n\n<p>N\u00eb  t\u00eb nj\u00ebtj\u00ebn koh\u00eb do t\u00eb b\u00ebhet edhe p\u00ebrurimi i dy librave t\u00eb autor\u00ebve A. Daci dhe I. Azizi.<\/p>\n\n\n\n<p>&#8221;Nder\u00eb dhe privilegj p\u00ebr ne q\u00eb n\u00eb Ulqin do t\u00eb hapet ekspozita m\u00eb fotografi historike nga Sanxhaku si dhe promovimi i dy librave tan\u00eb . E gjith\u00eb kjo fal\u00eb angazhimit t\u00eb Dr. Nail Draga dhe n\u00ebn p\u00ebrkujdesjen e K\u00ebshillit Komb\u00ebtar t\u00eb Shqiptar\u00ebve n\u00eb krye m\u00eb Z. Faik Nika . Veprimtaria do t\u00eb zhvillohet m\u00eb 26.2.2022. Mir\u00eb u takofshim!&#8221;, k\u00ebshtu e paralajm\u00ebron k\u00ebt\u00eb aktivitet z. Ali Daci, autori i librit &#8221;Shtigjet e p\u00ebrgjakura&#8221;, nj\u00ebri nga librat q\u00eb do t\u00eb p\u00ebrurohet n\u00eb k\u00ebt\u00eb aktivitet.<\/p>\n","protected":false},"excerpt":{"rendered":"<p>N\u00eb Ulqin prezantohet p\u00ebr her\u00eb t\u00eb par\u00eb nj\u00eb ekspozit\u00eb fotografike kushtuar Sanxhakut, d\u00ebshmi e identitetit komb\u00ebtar t\u00eb shqiptar\u00ebve n\u00eb k\u00ebt\u00eb mjedis. Mir\u00eb se vini!, k\u00ebshtu shkruan n\u00eb njoftimin p\u00ebr k\u00ebt\u00eb ekspozit\u00eb studiuesi dhe publicisti i njohur Dr. Nail Draga, transmeton Ulqini Online. N\u00eb t\u00eb nj\u00ebtj\u00ebn koh\u00eb do t\u00eb b\u00ebhet edhe p\u00ebrurimi i dy librave t\u00eb [&hellip;]<\/p>\n","protected":false},"author":1,"featured_media":31147,"comment_status":"open","ping_status":"open","sticky":false,"template":"","format":"standard","meta":{"_seopress_robots_primary_cat":"","_seopress_titles_title":"","_seopress_titles_desc":"","_seopress_robots_index":"","footnotes":""},"categories":[2,6],"tags":[],"class_list":["post-31146","post","type-post","status-publish","format-standard","has-post-thumbnail","hentry","category-aktualitet","category-kulture"],"_links":{"self":[{"href":"https:\/\/ulqini-online.com\/sajti\/index.php?rest_route=\/wp\/v2\/posts\/31146","targetHints":{"allow":["GET"]}}],"collection":[{"href":"https:\/\/ulqini-online.com\/sajti\/index.php?rest_route=\/wp\/v2\/posts"}],"about":[{"href":"https:\/\/ulqini-online.com\/sajti\/index.php?rest_route=\/wp\/v2\/types\/post"}],"author":[{"embeddable":true,"href":"https:\/\/ulqini-online.com\/sajti\/index.php?rest_route=\/wp\/v2\/users\/1"}],"replies":[{"embeddable":true,"href":"https:\/\/ulqini-online.com\/sajti\/index.php?rest_route=%2Fwp%2Fv2%2Fcomments&post=31146"}],"version-history":[{"count":1,"href":"https:\/\/ulqini-online.com\/sajti\/index.php?rest_route=\/wp\/v2\/posts\/31146\/revisions"}],"predecessor-version":[{"id":31148,"href":"https:\/\/ulqini-online.com\/sajti\/index.php?rest_route=\/wp\/v2\/posts\/31146\/revisions\/31148"}],"wp:featuredmedia":[{"embeddable":true,"href":"https:\/\/ulqini-online.com\/sajti\/index.php?rest_route=\/wp\/v2\/media\/31147"}],"wp:attachment":[{"href":"https:\/\/ulqini-online.com\/sajti\/index.php?rest_route=%2Fwp%2Fv2%2Fmedia&parent=31146"}],"wp:term":[{"taxonomy":"category","embeddable":true,"href":"https:\/\/ulqini-online.com\/sajti\/index.php?rest_route=%2Fwp%2Fv2%2Fcategories&post=31146"},{"taxonomy":"post_tag","embeddable":true,"href":"https:\/\/ulqini-online.com\/sajti\/index.php?rest_route=%2Fwp%2Fv2%2Ftags&post=31146"}],"curies":[{"name":"wp","href":"https:\/\/api.w.org\/{rel}","templated":true}]}}