{"id":30967,"date":"2022-02-07T18:58:42","date_gmt":"2022-02-07T17:58:42","guid":{"rendered":"https:\/\/ulqini-online.com\/sajti\/?p=30967"},"modified":"2022-02-08T19:05:32","modified_gmt":"2022-02-08T18:05:32","slug":"piramidat-dhe-numrat-e-fibonachit","status":"publish","type":"post","link":"https:\/\/ulqini-online.com\/sajti\/?p=30967","title":{"rendered":"PIRAMIDAT DHE NUMRAT E FIBONACHIT"},"content":{"rendered":"\n<p>Nga Senaida Ismailaga, inxh. e dipl e el.<\/p>\n\n\n\n<p>Jetojm\u00eb n\u00eb nj\u00eb koh\u00eb kur t\u00eb dh\u00ebnat historike, arkeologjike, shkencore etj. gjenden shum\u00eb let\u00eb n\u00eb internet. Sot nj\u00eb njeri i tipit Leonardo Da Vinchi mund t\u00eb studjoj\u00eb dhe zbuloj\u00eb nj\u00eb bot\u00eb t\u00eb t\u00ebr\u00eb. Sigurisht q\u00eb nuk jan\u00eb t\u00eb gjith\u00eb t\u00eb dh\u00ebnat e sakta, por inteligjenca dhe intuicioni mund t\u00eb na ndihmojn\u00eb shum\u00eb n\u00eb lidhjen e mozaikut apo puzzles s\u00eb t\u00eb kaluar\u00ebs por edhe t\u00eb nj\u00eb arrdhme t\u00eb mundshme.<\/p>\n\n\n\n<p>Sipas shkenc\u00ebs zyrtare historia fillon 6000 vite m\u00eb par\u00eb n\u00eb Sumer n\u00eb Mesopotami, midis lumejve Tigar dhe Eufrat nga ku qytetrimi u p\u00ebrhap\u00eb n\u00eb t\u00eb gjith\u00eb bot\u00ebn. Kjo ka qen\u00eb ideja e historis\u00eb zyrtare bot\u00ebrore p\u00ebr nj\u00eb koh\u00eb shum\u00eb t\u00eb gjat\u00eb. Civilizimi filloi n\u00eb Lindjen e Mesme n\u00eb Mesopotami dhe pastaj p\u00ebrfshiu t\u00eb gjith\u00eb bot\u00ebn, por ajo q\u00eb po fillon t\u00eb ndryshoj\u00eb k\u00ebt\u00eb q\u00ebndrim, \u00ebsht\u00eb zbulimi i vendit arkeologjik n\u00eb Gobekli Tepe (e njohur edhe si Gir\u00ea Mirazan\u00a0ose\u00a0Xirabre\u015fk\u00ea\u00a0n\u00eb gjuh\u00ebn Kurde), af\u00ebr qytetit Sanliurfa t\u00eb Anadolis\u00eb q\u00eb sipas disa studjuesve \u00ebsht\u00eb vendi i transferimit t\u00eb teknologjis\u00eb nga nj\u00eb civilizim m\u00eb i hersh\u00ebm si ai i Atlantid\u00ebs i humbur mbas ngjarjeve kataklizmike t\u00eb viteve 10800 p.e.s., kurse p\u00ebr disa teoreticien Gobekli Tepe \u00ebsht\u00eb vendi i zbritjes s\u00eb jasht\u00ebtoksor\u00ebve.<\/p>\n\n\n\n<p>E kaluara \u00ebsht\u00eb nj\u00eb mister q\u00eb mund t\u00eb zgjidhet vet\u00ebm duke studjuar gjurm\u00ebt q\u00eb kan\u00eb l\u00ebn\u00eb parardh\u00ebsit tan\u00eb, mir\u00ebpo disa zbulime rezultojn\u00eb t\u00eb jen\u00eb pjes\u00eb enigme q\u00eb nuk p\u00ebrshtaten fare n\u00eb dogmat historike. Ne mendojm\u00eb se dim\u00eb shum\u00eb p\u00ebr kulturat dhe qytet\u00ebrimet q\u00eb kan\u00eb jetuar para nesh, por her\u00eb pas here arkeolog\u00ebt hasin n\u00eb di\u00e7ka q\u00eb sfidon t\u00eb kuptuarit ton\u00eb.<\/p>\n\n\n\n<div class=\"wp-block-image\"><figure class=\"aligncenter size-full\"><a href=\"https:\/\/ulqini-online.com\/sajti\/wp-content\/uploads\/2022\/02\/Senaida-mavriq-8.jpg\"><img loading=\"lazy\" decoding=\"async\" width=\"609\" height=\"343\" src=\"https:\/\/ulqini-online.com\/sajti\/wp-content\/uploads\/2022\/02\/Senaida-mavriq-8.jpg\" alt=\"\" class=\"wp-image-30968\" srcset=\"https:\/\/ulqini-online.com\/sajti\/wp-content\/uploads\/2022\/02\/Senaida-mavriq-8.jpg 609w, https:\/\/ulqini-online.com\/sajti\/wp-content\/uploads\/2022\/02\/Senaida-mavriq-8-300x169.jpg 300w\" sizes=\"auto, (max-width: 609px) 100vw, 609px\" \/><\/a><\/figure><\/div>\n\n\n\n<p>N\u00eb tetor t\u00eb vitit 1994, nd\u00ebrsa po l\u00ebvronte tok\u00ebn bariu Safak Yildiz q\u00eblloj n\u00eb nj\u00eb gur n\u00eb form\u00eb t\u00eb pazakont q\u00eb dilte nga toka. Pasi fshin papast\u00ebrtit\u00eb ai kupton se ky gur mund t\u00eb jet\u00eb pjes\u00eb e nj\u00eb objekti shum\u00eb m\u00eb t\u00eb madh. Menj\u00ebher\u00eb pasi kontaktoi muzeun lokal p\u00ebr zbulimin e tij, ai vizitohet nga Klaus Schmidt t\u00eb Institutit arkeologjik Gjerman.<\/p>\n\n\n\n<p>Vet\u00ebm pasi arkeologu gjerman Klaus Schmidt vizitoi vendin dhe filloi t\u00eb g\u00ebrmonte, ata kuptuan se \u00e7far\u00eb ndodhej n\u00eb t\u00eb v\u00ebtet\u00eb n\u00eb at\u00eb vend. Ajo q\u00eb zbuloi ishte mahnit\u00ebse. Pasi zbuloi shtyll\u00ebn e par\u00eb n\u00eb form\u00eb t\u00eb shkronj\u00ebs T, ai shpejt gjeti edhe shtylla tjera masive.<\/p>\n\n\n\n<div class=\"wp-block-image\"><figure class=\"aligncenter size-full\"><a href=\"https:\/\/ulqini-online.com\/sajti\/wp-content\/uploads\/2022\/02\/Senaida-mavriqi-2.jpg\"><img loading=\"lazy\" decoding=\"async\" width=\"402\" height=\"226\" src=\"https:\/\/ulqini-online.com\/sajti\/wp-content\/uploads\/2022\/02\/Senaida-mavriqi-2.jpg\" alt=\"\" class=\"wp-image-30982\" srcset=\"https:\/\/ulqini-online.com\/sajti\/wp-content\/uploads\/2022\/02\/Senaida-mavriqi-2.jpg 402w, https:\/\/ulqini-online.com\/sajti\/wp-content\/uploads\/2022\/02\/Senaida-mavriqi-2-300x169.jpg 300w\" sizes=\"auto, (max-width: 402px) 100vw, 402px\" \/><\/a><\/figure><\/div>\n\n\n\n<p>Gjat\u00eb g\u00ebrmimit intensiv, Schmidt dhe ekipi i tij filluan t\u00eb zbulojn\u00eb dhjet\u00ebra monolite gjigante, guri t\u00eb mbuluara me gdhendje t\u00eb nd\u00ebrlikuara, nga t\u00eb cil\u00ebt disa peshojn\u00eb deri n\u00eb 20 ton\u00eb.<\/p>\n\n\n\n<p>Vendi i Gobekli Tepes \u00ebsht\u00eb nj\u00eb seri rrethimesh rrethore ku kemi disa shtylla n\u00eb fom\u00eb t\u00eb shkronj\u00ebs T t\u00eb lidhur me mure guri p\u00ebrreth . N\u00eb qend\u00ebr t\u00eb secilit rrethim kemi dy shtylla ve\u00e7an\u00ebrisht t\u00eb m\u00ebdha, n\u00eb form\u00ebn T, t\u00eb llojit g\u00eblqeror p\u00ebrball\u00eb nj\u00ebra-tjetr\u00ebs. Tani shum\u00eb nga k\u00ebto shtylla kan\u00eb gdhendje t\u00eb mrekullueshme mbi to. Basoreliefe t\u00eb kafsh\u00ebve, zogjve, insekteve, dhe simbolika t\u00eb ndryshme. Vet\u00eb fakti se si i kan\u00eb modifikuar ato, si i kan\u00eb gdhendur ato dhe si i kan\u00eb vendosur ato n\u00eb k\u00ebto struktura \u00ebsht\u00eb thjesht absolutisht e mahnitsh\u00ebme.<\/p>\n\n\n\n<div class=\"wp-block-image\"><figure class=\"aligncenter size-full\"><a href=\"https:\/\/ulqini-online.com\/sajti\/wp-content\/uploads\/2022\/02\/Senaida-mavriq-3.jpg\"><img loading=\"lazy\" decoding=\"async\" width=\"402\" height=\"226\" src=\"https:\/\/ulqini-online.com\/sajti\/wp-content\/uploads\/2022\/02\/Senaida-mavriq-3.jpg\" alt=\"\" class=\"wp-image-30983\" srcset=\"https:\/\/ulqini-online.com\/sajti\/wp-content\/uploads\/2022\/02\/Senaida-mavriq-3.jpg 402w, https:\/\/ulqini-online.com\/sajti\/wp-content\/uploads\/2022\/02\/Senaida-mavriq-3-300x169.jpg 300w\" sizes=\"auto, (max-width: 402px) 100vw, 402px\" \/><\/a><\/figure><\/div>\n\n\n\n<p>Arkeolog\u00ebt vler\u00ebsojn\u00eb se do t\u00eb ishte dashur nj\u00eb ekip prej 50 burrash dhe nj\u00eb jav\u00eb e t\u00ebr\u00eb p\u00ebr t\u00eb l\u00ebvizur vet\u00ebm nj\u00eb nga shtyllat monolitike nga gurorja g\u00eblqerore n\u00eb maj\u00eb t\u00eb kodr\u00ebs deri n\u00eb lokacionin ku q\u00ebndrojn\u00eb sot dhe mbi 300 or\u00eb p\u00ebr t\u00eb gdhendur basorelievet. Me k\u00ebt\u00eb rit\u00ebm, secili nga pes\u00eb rrath\u00ebt prej guri t\u00eb zbuluar deri m\u00eb tani do t\u00eb kishte k\u00ebrkuar nj\u00eb vit t\u00eb plot\u00eb p\u00ebr t&#8217;u p\u00ebrfunduar. Por pse u nd\u00ebrtua nj\u00eb vend kaq monumental n\u00eb radh\u00eb t\u00eb par\u00eb mbetet nj\u00eb mister.<\/p>\n\n\n\n<p>Allatet prej guri q\u00eb jan\u00eb gjet\u00eb k\u00ebtu e kan\u00eb datuar lokacionin arkeologjik t\u00eb Gobekli Tepes n\u00eb fund t\u00eb epok\u00ebs s\u00eb fundit t\u00eb akullit q\u00eb para 12000 viteve. Megjithat\u00eb, ky n\u00eb fakt ishte nj\u00eb tempull q\u00eb u rimodelua&nbsp; u ndryshua dhe u rind\u00ebrtua, gjat\u00eb brezave e brezave p\u00ebr mij\u00ebra e mij\u00ebra vite me rradh. Grupet e gjeneratave pasuese rind\u00ebrtuan mbi strukturat e nd\u00ebrtuara nga njer\u00ebzit q\u00eb erdh\u00ebn m\u00eb par\u00eb.<\/p>\n\n\n\n<p>I intriguar nga d\u00ebshmit\u00eb se struktura mund t\u00eb datoj nga nj\u00eb periudh\u00eb neolitike, Klaus Schmidt b\u00ebri datimin radiokarbonik t\u00eb shtresave t\u00eb sedimentit n\u00eb Gobekli Tepe. Rezultatet treguan se strukturat prej guri mund t\u00eb ishin rreth 12,000 vjet t\u00eb vjetra, m\u00eb shum\u00eb se 5,000 vjet m\u00eb t\u00eb vjetra se qytet\u00ebrimi i par\u00eb i njohur i njer\u00ebzimit n\u00eb Mesopotami. Kjo ishte aq m\u00eb tep\u00ebr mahnit\u00ebse sepse&nbsp; vendoste nd\u00ebrtimin e Gobekli Tepes n\u00eb nj\u00eb koh\u00eb kur studiuesit e zakonsh\u00ebm sugjerojn\u00eb se njer\u00ebzit gjat\u00eb k\u00ebsaj periudhe neolitike po endeshin n\u00eb tok\u00eb si grumbullues gjuetar\u00eb me allate t\u00eb thjeshta prej guri.<\/p>\n\n\n\n<p>Vendi arkeologjik i Gobekli Tepes me t\u00eb v\u00ebrtet\u00eb d\u00ebrgoi val\u00eb trondit\u00ebse n\u00eb t\u00eb gjith\u00eb bot\u00ebn akademike t\u00eb studjuesve t\u00eb parahistoris\u00eb s\u00eb hershme, sepse ne kurr\u00eb nuk e kishim ditur ose imagjinuar m\u00eb par\u00eb se gjuetar\u00eb-grumbullues t\u00eb thjesht\u00eb mund t\u00eb prodhonin struktura monumentale kaq spektakolare.<\/p>\n\n\n\n<p>Tani shkenca e arkeologjis\u00eb q\u00eb kur filloi gjithmon\u00eb ka sugjeruar se gjahtar\u00ebt-grumbullues ishin t\u00eb aft\u00eb t\u00eb prodhonin vepra t\u00eb mrekullueshme t\u00eb artit shk\u00ebmbor, artit t\u00eb shpellave dhe gj\u00ebra t\u00eb tilla, por ato kurr\u00eb nuk e kishim imagjinuar se ata mund t\u00eb mblidheshin n\u00eb nj\u00eb num\u00ebr t\u00eb mjaftuesh\u00ebm p\u00ebr t\u00eb nd\u00ebrtuar di\u00e7ka si Gobekli Tepe. Por n\u00ebse afati kohor q\u00eb \u00ebsht\u00eb pranuar aktualisht p\u00ebr lindjen e civilizimit t\u00eb njer\u00ebzimit \u00ebsht\u00eb i sakt\u00eb, a \u00ebsht\u00eb e mundur q\u00eb gjahtar\u00ebt-grumbullues primitiv\u00eb t\u00eb ken\u00eb nd\u00ebrtuar struktura t\u00eb tilla t\u00eb sofistikuara, megalitike? Teoricien\u00ebt e astronaut\u00ebve t\u00eb lasht\u00eb thon\u00eb, jo. Dhe n\u00eb vend t\u00eb k\u00ebsaj, sugjerojn\u00eb q\u00eb Gobekli Tepe u nd\u00ebrtua nga t\u00eb mbijetuarit e nj\u00eb civilizimi t\u00eb humbur t\u00eb avancuar, nj\u00eb shoq\u00ebri q\u00eb u shkat\u00ebrrua pothuajse t\u00ebr\u00ebsisht nga nj\u00eb katakliz\u00ebm n\u00eb mbar\u00eb bot\u00ebn. Dhe p\u00ebr t\u00eb argumentuar teorin\u00eb e tyre, ata tregojn\u00eb d\u00ebshmit\u00eb e fundit t\u00eb nj\u00eb ngjarje katastrofike, t\u00eb cil\u00ebn shum\u00eb shkenc\u00ebtar\u00eb t\u00eb zakonsh\u00ebm besojn\u00eb se ka ndodhur n\u00eb fund t\u00eb epok\u00ebs s\u00eb akullnajave, e cila besohet se ka zgjatur af\u00ebrsisht gjat\u00eb nj\u00eb periudhe 108,000 para Krishtit deri n\u00eb gati 10,000 para Krishtit. N\u00eb fund t\u00eb epok\u00ebs s\u00eb akullnajave kemi periudh\u00ebn e Dryasit m\u00eb t\u00eb Re q\u00eb \u00ebsht\u00eb p\u00ebrcjell\u00eb me disa evente kataklizmike.<\/p>\n\n\n\n<p>Gobekli Tepe u b\u00eb nj\u00eb atrakcion arkeologjik, megjith\u00ebse q\u00eb nga ajo koh\u00eb jan\u00eb gjetur shum\u00eb struktura megalitike t\u00eb ngjajshme n\u00eb Anadoli.<\/p>\n\n\n\n<div class=\"wp-block-image\"><figure class=\"aligncenter size-full\"><a href=\"https:\/\/ulqini-online.com\/sajti\/wp-content\/uploads\/2022\/02\/Senaida-mavriq-4.jpg\"><img loading=\"lazy\" decoding=\"async\" width=\"594\" height=\"340\" src=\"https:\/\/ulqini-online.com\/sajti\/wp-content\/uploads\/2022\/02\/Senaida-mavriq-4.jpg\" alt=\"\" class=\"wp-image-30984\" srcset=\"https:\/\/ulqini-online.com\/sajti\/wp-content\/uploads\/2022\/02\/Senaida-mavriq-4.jpg 594w, https:\/\/ulqini-online.com\/sajti\/wp-content\/uploads\/2022\/02\/Senaida-mavriq-4-300x172.jpg 300w\" sizes=\"auto, (max-width: 594px) 100vw, 594px\" \/><\/a><\/figure><\/div>\n\n\n\n<p>V\u00ebrtet\u00eb \u00ebsht\u00eb shum\u00eb e v\u00ebshtir\u00eb t\u00eb dihet cili ka qen q\u00ebllimi i di\u00e7kaje si Gobekli Tepe. Dhe sigurisht Klaus Schmidt nuk kishte arritur n\u00eb ndonj\u00eb p\u00ebrfundim, p\u00ebrve\u00e7 se nuk ishte nj\u00eb vendbanim sepse nuk \u00ebsht\u00eb gjetur absolutisht asnj\u00eb gjurm\u00eb e ndonj\u00eb streh\u00eb sht\u00ebpiake. Schmidt gjithmon\u00eb shpresonte se mund t\u00eb ishte nj\u00eb vend varrimi dhe se do t\u00eb gjinden varrime n\u00ebn mure ose n\u00ebn disa shtylla etj. Por deri m\u00eb tani, ata nuk kan\u00eb gjetur ende asnj\u00eb mbetje njer\u00ebzore n\u00eb vend. Ka vet\u00ebm eshtra t\u00eb kafsh\u00ebve t\u00eb egra. N\u00eb m\u00ebnyr\u00eb t\u00eb pashmangshme n\u00eb arkeologji n\u00ebse nuk dihet se p\u00ebr \u00e7far\u00eb \u00ebsht\u00eb di\u00e7ka, shkenctar\u00ebt e marrin si mund\u00ebsi q\u00eb objekti mund t\u00eb jet objekt kulti ku njer\u00ebzit parahistorik kryenin rituale religjoze . Por n\u00eb t\u00eb v\u00ebrtet\u00eb k\u00ebto jan\u00eb vet\u00ebm spekulime.<\/p>\n\n\n\n<p>Deri m\u00eb tani nuk jan\u00eb gjetur gjurm\u00eb t\u00eb vendosjes s\u00eb p\u00ebrhershme t\u00eb njer\u00ebzve n\u00eb zon\u00ebn p\u00ebrreth Gobekli Tepes, k\u00ebshtu q\u00eb sugjerohet q\u00eb njer\u00ebzit nuk kan jetuar k\u00ebtu gjat\u00eb gjith\u00eb vitit. Si duket ato vinin n\u00eb k\u00ebt vend kulti p\u00ebr pelegrinazhe t\u00eb llojeve t\u00eb caktuara n\u00eb periudha t\u00eb caktuara t\u00eb vitit dhe kjo ka kuptim sepse ky lokacion gjendet n\u00eb nj\u00eb distanc\u00eb t\u00eb konsiderueshme larg ujit t\u00eb fresk\u00ebt. Nuk \u00ebsht\u00eb nj\u00eb lokacion dhe zgjedhje e mir\u00eb p\u00ebr nj\u00eb jet\u00eb t\u00eb stacionuar. Ndoshta ndodhej n\u00eb udh\u00ebkryq nd\u00ebrmjet klaneve dhe grupeve t\u00eb ndryshme, q\u00eb jetonin n\u00eb vendbanimet e af\u00ebrta q\u00eb jan\u00eb gjet\u00eb dhe datojn\u00eb nga e nj\u00ebjta periudh\u00eb. Ndoshta ky ishte nj\u00eb vend kulti dhe besimi t\u00eb p\u00ebrbashk\u00ebt shpirt\u00ebror q\u00eb i bashkoi k\u00ebta njer\u00ebz n\u00eb k\u00ebt\u00eb vend.<\/p>\n\n\n\n<div class=\"wp-block-image\"><figure class=\"aligncenter size-full\"><a href=\"https:\/\/ulqini-online.com\/sajti\/wp-content\/uploads\/2022\/02\/Senaida-mavriq-5.jpg\"><img loading=\"lazy\" decoding=\"async\" width=\"448\" height=\"292\" src=\"https:\/\/ulqini-online.com\/sajti\/wp-content\/uploads\/2022\/02\/Senaida-mavriq-5.jpg\" alt=\"\" class=\"wp-image-30985\" srcset=\"https:\/\/ulqini-online.com\/sajti\/wp-content\/uploads\/2022\/02\/Senaida-mavriq-5.jpg 448w, https:\/\/ulqini-online.com\/sajti\/wp-content\/uploads\/2022\/02\/Senaida-mavriq-5-300x196.jpg 300w\" sizes=\"auto, (max-width: 448px) 100vw, 448px\" \/><\/a><\/figure><\/div>\n\n\n\n<p>Simbolika e nj\u00ebjt\u00eb e gjetur tek Aborixhinet e Australis\u00eb dhe n\u00eb shtyllat e Gobekli Tepes<\/p>\n\n\n\n<p>Sipas mendimit tim ky ishte nj\u00eb vend kulti ku klanet e ndryshme takoheshin p\u00ebr t\u00eb bashkuar nj\u00eb \u00e7ift. Ku meshkujt k\u00ebrkonin partneren e tyre t\u00eb p\u00ebrshtatshme p\u00ebr vazhdimin e trashigimis\u00eb. Dy trupat n\u00eb mes t\u00eb retheve n\u00eb form\u00ebn T n\u00eb fakt jan\u00eb nj\u00eb \u00e7ift mashkull-fem\u00ebr duke v\u00ebshtruar nj\u00ebri tjetrin. Duhet kuptuar q\u00eb numri i popullat\u00ebs n\u00eb koh\u00ebn e fundit t\u00eb akullnajave n\u00eb Anadoli mund t\u00eb ket qen\u00eb mjaft i ul\u00ebt.<\/p>\n\n\n\n<p>Shkenctar\u00ebt e kan llogaritur q\u00eb gjat\u00eb periudh\u00ebs s\u00eb akullit para 12, 000 viteve numri total I njer\u00ebzve mbi tok\u00eb n\u00eb gjith\u00eb teritorin e Euroazis\u00eb ishte shum\u00eb i ul\u00ebt dhe sillej p\u00ebraf\u00ebrsisht prej 100,000 deri n\u00eb 1,000,000. Sipas mendimit tim popullata do t\u00eb ket qen m\u00eb tep\u00ebr e koncentruar n\u00eb jug si n\u00eb Lindjen e Af\u00ebrme, Mesopotami, Indi dhe stepat e Euroazis\u00eb. Sepse vet\u00ebm n\u00eb Evrop\u00eb akullnajat plot\u00ebsisht mbulonin pjes\u00ebn veriore t\u00eb Evrop\u00ebs nga Austria deri n\u00eb Skandinavi.<\/p>\n\n\n\n<p>Studimet n\u00eb gjenetik\u00eb v\u00ebrejn\u00eb se nj\u00eb ngushtic\u00eb e popullsis\u00eb ndodhi brenda specieve t\u00eb njer\u00ebzve q\u00eb mbijetuan nga periudha e Dryasit t\u00eb Re. Kjo do t\u00eb thot\u00eb se numri i njer\u00ebzve mbi tok\u00eb u zvog\u00eblua me shpejt\u00ebsi para se filloi ripopullimi i tok\u00ebs.<\/p>\n\n\n\n<div class=\"wp-block-image\"><figure class=\"aligncenter size-full\"><a href=\"https:\/\/ulqini-online.com\/sajti\/wp-content\/uploads\/2022\/02\/Senaida-mavriq-6.jpg\"><img loading=\"lazy\" decoding=\"async\" width=\"582\" height=\"213\" src=\"https:\/\/ulqini-online.com\/sajti\/wp-content\/uploads\/2022\/02\/Senaida-mavriq-6.jpg\" alt=\"\" class=\"wp-image-30986\" srcset=\"https:\/\/ulqini-online.com\/sajti\/wp-content\/uploads\/2022\/02\/Senaida-mavriq-6.jpg 582w, https:\/\/ulqini-online.com\/sajti\/wp-content\/uploads\/2022\/02\/Senaida-mavriq-6-300x110.jpg 300w\" sizes=\"auto, (max-width: 582px) 100vw, 582px\" \/><\/a><\/figure><\/div>\n\n\n\n<div class=\"wp-block-image\"><figure class=\"aligncenter size-full\"><a href=\"https:\/\/ulqini-online.com\/sajti\/wp-content\/uploads\/2022\/02\/Senaida-mavriq-7.jpg\"><img loading=\"lazy\" decoding=\"async\" width=\"650\" height=\"374\" src=\"https:\/\/ulqini-online.com\/sajti\/wp-content\/uploads\/2022\/02\/Senaida-mavriq-7.jpg\" alt=\"\" class=\"wp-image-30987\" srcset=\"https:\/\/ulqini-online.com\/sajti\/wp-content\/uploads\/2022\/02\/Senaida-mavriq-7.jpg 650w, https:\/\/ulqini-online.com\/sajti\/wp-content\/uploads\/2022\/02\/Senaida-mavriq-7-300x173.jpg 300w\" sizes=\"auto, (max-width: 650px) 100vw, 650px\" \/><\/a><\/figure><\/div>\n\n\n\n<p>Megjithat\u00eb k\u00ebto ngushtica tregojn\u00eb m\u00eb shum\u00eb nj\u00eb r\u00ebnie t\u00eb mpreht\u00eb sa i p\u00ebrket popullsis\u00eb mashkullore (ghromozomi Y) dhe jo popullsis\u00eb fem\u00ebrore (hromozomi X) . Me vler\u00ebsimet q\u00eb pretendojn se n\u00eb ato koh\u00ebra kishte nj\u00eb burr\u00eb p\u00ebr \u00e7do 17 gra. Disa kan\u00eb sugjeruar se kjo ishte p\u00ebr shkak t\u00eb shkall\u00ebs s\u00eb lart\u00eb t\u00eb poligamis\u00eb. Nd\u00ebrsa studimi m\u00eb i fundit thot\u00eb se vet\u00ebm nj\u00eb faktor i till\u00eb nuk mund t\u00eb shpjegoj\u00eb pabarazin\u00eb e madhe nd\u00ebrmjet numrit t\u00eb meshkujve dhe femrave dhe se duhet marr parasysh edhe faktor tjer. Sipas mendimit tim kjo munded t\u00eb spjegohet edhe me faktin q\u00eb meshkujt ishin mjaft agresiv nd\u00ebrmjet vehtes dhe kishin tendencion t\u00eb dominonin n\u00eb mesin e shoq\u00ebris\u00eb femrore. Gjat\u00eb periudh\u00ebs s\u00eb Dryasit m\u00eb t\u00eb Re kushtet e jetes\u00ebs ishin mjaft t\u00eb v\u00ebshtira dhe n\u00eb at\u00eb koh\u00eb nuk kishte rregulla morale dhe etike. Vrasja e kund\u00ebrshtarit ishte nj\u00eb vep\u00ebr e justifikueshme.<\/p>\n\n\n\n<p>Vendi i Gobekli Tepes mund t\u00eb jet\u00eb vendi nga ku filluan koded e para morale dhe etike. Nj\u00eb vend besimi dhe pelegrinazhi ku i t\u00ebr ky kaos duhet t\u00eb ket\u00eb mar\u00eb fund me formimin e nj\u00eb shoq\u00ebrie me rregulla dhe parime. N\u00eb fakt vendi i Gobekli Tepes dhe Anadolia me vendbanimet e saja t\u00eb para si \u00c7atal Hoyuk jan\u00eb vendi i lindjes s\u00eb civilizimit dhe jo Mesopotamia.<\/p>\n\n\n\n<p>Tempulli i Gobekli Tepes dhe vendet e para t\u00eb satcionuara larg Gobekli Tepes por q\u00eb ishin n\u00eb kontakt me k\u00ebt\u00eb tempull besimi shpirt\u00ebror ishin vendet nga ku bujq\u00ebsia dhe blegtoria buruan p\u00ebr her\u00eb t\u00eb par\u00eb dhe u krijuan bashk\u00ebsit\u00eb e para fermere t\u00eb stacionuara n\u00eb k\u00ebt\u00eb pjes\u00eb t\u00eb bot\u00ebs. Ajo \u00e7far t\u00ebrheq v\u00ebmendjen e shkenctar\u00ebve k\u00ebtu \u00ebsht\u00eb fakti q\u00eb n\u00eb vendet p\u00ebrreth Gobekli Tepes jan\u00eb gjet p\u00ebr s\u00eb pari her\u00eb mbetjet organike t\u00eb Thekr\u00ebs moderne gjenetikisht t\u00eb modifikuar. Thekra gjenetikisht e modifikuar \u00ebsht\u00eb m\u00eb e p\u00ebrshtatshme p\u00ebr korrje n\u00eb krakasim me thekr\u00ebn e eg\u00ebr q\u00eb e gjejm\u00eb n\u00eb natyr\u00eb e cila \u00ebsht\u00eb shum\u00eb e v\u00ebshtir\u00eb p\u00ebr tu korrur sepse thekra e eg\u00ebr shum\u00eb let thehet n\u00eb dor\u00eb.<\/p>\n\n\n\n<p>Thekra gjenetikisht e modifikuar mun t\u00eb ket qen\u00eb vet\u00ebm prodhim i nj\u00eb dore nga nj\u00eb civilizimi teknologjik t\u00eb avancuar q\u00eb mund t\u00eb ket\u00eb egzistuar para ngjarjeve kataklizmike t\u00eb vitit 12800 por sipas disa teoricient\u00ebve mund t\u00eb ket qen\u00eb edhe prodhim i nj\u00eb q\u00ebnje inteligjente jasht\u00ebtoksore.<\/p>\n\n\n\n<div class=\"wp-block-image\"><figure class=\"aligncenter size-full\"><a href=\"https:\/\/ulqini-online.com\/sajti\/wp-content\/uploads\/2022\/02\/Senaida-mavriq-8.jpg\"><img loading=\"lazy\" decoding=\"async\" width=\"609\" height=\"343\" src=\"https:\/\/ulqini-online.com\/sajti\/wp-content\/uploads\/2022\/02\/Senaida-mavriq-8.jpg\" alt=\"\" class=\"wp-image-30968\" srcset=\"https:\/\/ulqini-online.com\/sajti\/wp-content\/uploads\/2022\/02\/Senaida-mavriq-8.jpg 609w, https:\/\/ulqini-online.com\/sajti\/wp-content\/uploads\/2022\/02\/Senaida-mavriq-8-300x169.jpg 300w\" sizes=\"auto, (max-width: 609px) 100vw, 609px\" \/><\/a><\/figure><\/div>\n\n\n\n<p>Kur vitet arrit periudh\u00ebn rreth 8000 vjet para Krishtit, k\u00ebto fermer\u00eb filluan t\u00eb p\u00ebrhapen jasht\u00eb Azis\u00eb dhe n\u00eb Greqi, q\u00eb nj\u00ebherit ishte dhe porta e dep\u00ebrtimit t\u00eb k\u00ebsaj kulture t\u00eb re n\u00eb Evrop\u00eb.<\/p>\n\n\n\n<div class=\"wp-block-image\"><figure class=\"aligncenter size-full\"><a href=\"https:\/\/ulqini-online.com\/sajti\/wp-content\/uploads\/2022\/02\/Senaida-mavriq-9.jpg\"><img loading=\"lazy\" decoding=\"async\" width=\"628\" height=\"185\" src=\"https:\/\/ulqini-online.com\/sajti\/wp-content\/uploads\/2022\/02\/Senaida-mavriq-9.jpg\" alt=\"\" class=\"wp-image-30969\" srcset=\"https:\/\/ulqini-online.com\/sajti\/wp-content\/uploads\/2022\/02\/Senaida-mavriq-9.jpg 628w, https:\/\/ulqini-online.com\/sajti\/wp-content\/uploads\/2022\/02\/Senaida-mavriq-9-300x88.jpg 300w\" sizes=\"auto, (max-width: 628px) 100vw, 628px\" \/><\/a><\/figure><\/div>\n\n\n\n<div class=\"wp-block-image\"><figure class=\"aligncenter size-full\"><a href=\"https:\/\/ulqini-online.com\/sajti\/wp-content\/uploads\/2022\/02\/Senaida-mavriq-10.jpg\"><img loading=\"lazy\" decoding=\"async\" width=\"299\" height=\"171\" src=\"https:\/\/ulqini-online.com\/sajti\/wp-content\/uploads\/2022\/02\/Senaida-mavriq-10.jpg\" alt=\"\" class=\"wp-image-30970\"\/><\/a><figcaption>Shema e p\u00ebrhapjes s\u00eb kultur\u00ebs fermere n\u00eb Euroazi<\/figcaption><\/figure><\/div>\n\n\n\n<div class=\"wp-block-image\"><figure class=\"aligncenter size-full\"><a href=\"https:\/\/ulqini-online.com\/sajti\/wp-content\/uploads\/2022\/02\/Senaida-mavriq-11.jpg\"><img loading=\"lazy\" decoding=\"async\" width=\"637\" height=\"366\" src=\"https:\/\/ulqini-online.com\/sajti\/wp-content\/uploads\/2022\/02\/Senaida-mavriq-11.jpg\" alt=\"\" class=\"wp-image-30971\" srcset=\"https:\/\/ulqini-online.com\/sajti\/wp-content\/uploads\/2022\/02\/Senaida-mavriq-11.jpg 637w, https:\/\/ulqini-online.com\/sajti\/wp-content\/uploads\/2022\/02\/Senaida-mavriq-11-300x172.jpg 300w\" sizes=\"auto, (max-width: 637px) 100vw, 637px\" \/><\/a><\/figure><\/div>\n\n\n\n<p>\u00a0\u00a0\u00a0\u00a0\u00a0\u00a0\u00a0\u00a0\u00a0\u00a0\u00a0\u00a0\u00a0\u00a0\u00a0\u00a0\u00a0\u00a0\u00a0\u00a0\u00a0\u00a0\u00a0\u00a0\u00a0\u00a0\u00a0\u00a0\u00a0\u00a0\u00a0\u00a0\u00a0\u00a0\u00a0\u00a0\u00a0\u00a0\u00a0\u00a0\u00a0\u00a0\u00a0\u00a0\u00a0\u00a0\u00a0\u00a0 \u00a0\u00a0\u00a0\u00a0 \u00a0<\/p>\n\n\n\n<p>Arkeolog\u00ebt e p\u00ebrshkruan k\u00ebt\u00eb kultur\u00eb t\u00eb re t\u00eb stilit t\u00eb jetes\u00ebs fermer-bujq\u00ebsor me nj\u00eb val\u00eb q\u00eb u p\u00ebrplas n\u00eb t\u00eb gjith\u00eb Evrop\u00ebn me banor\u00ebt e vjet\u00ebr t\u00eb kontinentit, gjuetar\u00eb-grumbullues t\u00eb cil\u00ebt disa u adaptuan m\u00ebnyr\u00ebs s\u00eb re t\u00eb jetes\u00ebs fermere, por shumica u t\u00ebrheq\u00ebn n\u00eb verilindje t\u00eb Evrop\u00ebs dhe stepat e Euroazis\u00eb duke ruajtur stilin nomad t\u00eb jetes\u00ebs si gjahtar\u00eb grumbullues.<\/p>\n\n\n\n<div class=\"wp-block-image\"><figure class=\"aligncenter size-full\"><a href=\"https:\/\/ulqini-online.com\/sajti\/wp-content\/uploads\/2022\/02\/Senaida-mavriq-12.jpg\"><img loading=\"lazy\" decoding=\"async\" width=\"625\" height=\"551\" src=\"https:\/\/ulqini-online.com\/sajti\/wp-content\/uploads\/2022\/02\/Senaida-mavriq-12.jpg\" alt=\"\" class=\"wp-image-30972\" srcset=\"https:\/\/ulqini-online.com\/sajti\/wp-content\/uploads\/2022\/02\/Senaida-mavriq-12.jpg 625w, https:\/\/ulqini-online.com\/sajti\/wp-content\/uploads\/2022\/02\/Senaida-mavriq-12-300x264.jpg 300w\" sizes=\"auto, (max-width: 625px) 100vw, 625px\" \/><\/a><\/figure><\/div>\n\n\n\n<p>Tani pyetja \u00ebsht\u00eb se \u00e7far\u00eb ishte ky civilizim i avancuar q\u00eb u p\u00ebrmbyt nga goditjet kataklizmik?<\/p>\n\n\n\n<p>Piramidad bashk\u00eb me sferat e gurit q\u00eb i gjejm\u00eb si n\u00eb Ballkan ashtu edhe n\u00eb skajet tjera t\u00eb bot\u00ebs jan\u00eb maqineri elektomagnetike. Piramidad nj\u00ebherit jan\u00eb edhe \u00e7el\u00ebsi i universit. Ato jan\u00eb vep\u00ebr e nj\u00eb civilizimi t\u00eb avancuar si atij t\u00eb Atlantid\u00ebs apo t\u00eb themi t\u00eb civilizimit t\u00eb epok\u00ebs s\u00eb akullnajave q\u00eb disa studjues argumentojn\u00eb se u shkat\u00ebrrua pas p\u00ebrmbytjes Biblike q\u00eb mendohet t\u00eb ket\u00eb ndodhur 10800 vite p.e.s. Nj\u00eb nga studjuesit \u00ebsht\u00eb edhe publicisti Britanik, Graham Hancock q\u00eb ka shkruar librin ,,The fingerprints of the Gods\u201d, ,,Magicians of the Gods: The forgotten wisdom of the Earths lost Civilization\u201d, etj. T\u00eb dh\u00ebna mbi piramidad e Bosn\u00ebs mund ti gjeni n\u00eb faqen Wikipedia n\u00eb Internet.<\/p>\n\n\n\n<div class=\"wp-block-image\"><figure class=\"aligncenter size-full\"><a href=\"https:\/\/ulqini-online.com\/sajti\/wp-content\/uploads\/2022\/02\/Senaida-mavriq-13.jpg\"><img loading=\"lazy\" decoding=\"async\" width=\"309\" height=\"178\" src=\"https:\/\/ulqini-online.com\/sajti\/wp-content\/uploads\/2022\/02\/Senaida-mavriq-13.jpg\" alt=\"\" class=\"wp-image-30973\" srcset=\"https:\/\/ulqini-online.com\/sajti\/wp-content\/uploads\/2022\/02\/Senaida-mavriq-13.jpg 309w, https:\/\/ulqini-online.com\/sajti\/wp-content\/uploads\/2022\/02\/Senaida-mavriq-13-300x173.jpg 300w\" sizes=\"auto, (max-width: 309px) 100vw, 309px\" \/><\/a><\/figure><\/div>\n\n\n\n<p>Sipas mitologjis\u00eb Greke t\u00eb Platonit, Atlantida ishte nj\u00eb civilizim i avancuar me nj\u00eb teknologji t\u00eb zhvilluar, por q\u00eb njer\u00ebzimi ishte b\u00ebr\u00eb aq i korruptuar sa q\u00eb me duart e tyre, shkaktuan vdekjen e tyre. Sipas mitologjis\u00eb Greke t\u00eb Deukalionit, Zeusi zoti i vet\u00ebtimave ishte aq i zemruar me njer\u00ebzimin sa q\u00eb vendosi t\u00eb p\u00ebrmbys\u00eb civilizimin e bronzit dhe t\u00eb nd\u00ebshkoj njer\u00ebzimin. I paralajm\u00ebruar nga babai i tij,&nbsp;<a href=\"https:\/\/sq.eferrit.com\/titanet\/\">Titani i<\/a>&nbsp;pavdeksh\u00ebm&nbsp;<a href=\"https:\/\/sq.eferrit.com\/prometheus-zjarri-bringer-dhe-filantrop\/\">Prometeu<\/a>, Deukalioni nd\u00ebrtoi nj\u00eb ark\u00eb p\u00ebr t\u00eb mbijetuar. Deukalioni dhe Pyrrha mbijetuan p\u00ebr 9 dit\u00eb t\u00eb p\u00ebrmbytjeve p\u00ebrpara se t\u00eb zbrisin n\u00eb malin Parnassus.&nbsp;<\/p>\n\n\n\n<p>D\u00ebshmi nga p\u00ebrmbytjet jan\u00eb allkat e anijeve q\u00eb disa jan\u00eb gjet\u00eb edhe n\u00eb nj\u00eb lart\u00ebsi deri n\u00eb 650 metra mbi nivelin e detit n\u00eb teritorin e Bosn\u00ebs dhe Hercegovin\u00ebs. Por edhe n\u00eb 150 metra mbi nivelin e detit n\u00eb disa lokalitete n\u00eb Ballkan. \u00c7ka tregon se k\u00ebto teritore kan qen disa her\u00eb t\u00eb p\u00ebrmbytura. K\u00ebto jan tema q\u00eb do t\u00eb p\u00ebrpiqem ti spjegoj me argumente n\u00eb nj\u00eb tekst t\u00eb ve\u00e7ant.<\/p>\n\n\n\n<div class=\"wp-block-image\"><figure class=\"aligncenter size-full\"><a href=\"https:\/\/ulqini-online.com\/sajti\/wp-content\/uploads\/2022\/02\/Senaida-mavriq-14.jpg\"><img loading=\"lazy\" decoding=\"async\" width=\"533\" height=\"151\" src=\"https:\/\/ulqini-online.com\/sajti\/wp-content\/uploads\/2022\/02\/Senaida-mavriq-14.jpg\" alt=\"\" class=\"wp-image-30974\" srcset=\"https:\/\/ulqini-online.com\/sajti\/wp-content\/uploads\/2022\/02\/Senaida-mavriq-14.jpg 533w, https:\/\/ulqini-online.com\/sajti\/wp-content\/uploads\/2022\/02\/Senaida-mavriq-14-300x85.jpg 300w\" sizes=\"auto, (max-width: 533px) 100vw, 533px\" \/><\/a><\/figure><\/div>\n\n\n\n<p>Civilizimi i epok\u00ebs s\u00eb akullnajave u shkat\u00ebrrua 12800 vite m\u00eb par\u00eb kur 8 fragmente t\u00eb nj\u00eb komete t\u00eb shk\u00ebputur nga nj\u00eb vend i larg\u00ebt n\u00eb rrug\u00ebn e qum\u00ebshtit q\u00eb astrolog\u00ebt e quajn\u00eb ret\u00eb Oort u fut n\u00eb orbit\u00ebn e diellit duke u p\u00ebrplas\u00eb me planetin tok\u00eb, nga to m\u00eb s\u00eb pakti 4 kometa godit\u00ebn shtresat akullnajore n\u00eb hemisfer\u00ebn veriore t\u00eb planetit, duke shkaktuar efekte kataklizmike nga m\u00eb t\u00eb ndryshme si shkrirjen e akullnajave, megacunami t\u00eb cil\u00ebt sot nuk mundemi as ti imagjinojm\u00eb, p\u00ebrmbytje t\u00eb civilizimeve t\u00eb avancuara si atyre q\u00eb nd\u00ebrtuan piramidat Egjiptiane, piramidat e Bosn\u00ebs etj. Shkenca e sotme sot gjithnj\u00eb e m\u00eb tep\u00ebr po v\u00ebrteton se k\u00ebto piramida jan\u00eb shum\u00eb m\u00eb t\u00eb lashta se\u00e7 mendohet dhe se ato n\u00eb fakt jan\u00eb maqineri energjetike. Egjiptian\u00ebt e lasht\u00eb apo t\u00eb themi njer\u00ebzit e periudh\u00ebs s\u00eb Dinastive Egjiptiane i gjet\u00ebn k\u00ebto piramida n\u00eb Giza dhe thjesht\u00eb filluan rind\u00ebrtimin apo rikonstruimin e tyre duke i sh\u00ebndruar n\u00eb varre Faraonash. Me datimin radiokarbonik t\u00eb nj\u00eb gjethi q\u00eb \u00ebsht\u00eb z\u00ebn n\u00eb mes gjat vendosjes s\u00eb gurit mbi gur\u00eb n\u00eb koh\u00ebn kur piramida e Diellit n\u00eb Bosnj\u00eb \u00ebsht\u00eb nd\u00ebrtuar, \u00ebsht\u00eb v\u00ebrtetuar q\u00eb piramida daton nga nj\u00eb periudh\u00eb 35,000 vje\u00e7are q\u00eb p\u00ebr studjuesit e piramidave t\u00eb Bosnj\u00ebs ka qen nj\u00eb lajm mahnit\u00ebs.<\/p>\n\n\n\n<p>P\u00ebrve\u00e7 k\u00ebsaj goditjet e k\u00ebtyre fragmenteve me sip\u00ebrfaqen e tok\u00ebs kan \u00e7liruar nj\u00eb energji eksplozive t\u00eb ngjajshme me energjin eksplozive t\u00eb disa bombeve atomike t\u00eb aktivuara n\u00eb t\u00eb njajt\u00ebn koh\u00eb.Goditjet kataklizmike t\u00eb k\u00ebtyre fragmenteve shkaktuan emitimin e hirit dhe gazrave ne atmosfer\u00eb. Qielli u mbulua me re t\u00eb zeza q\u00eb nuk lejonin dep\u00ebrtimin e rrezeve t\u00eb diellit duke shkaktuar k\u00ebshtu ramje t\u00eb shpejt t\u00eb temperaturave n\u00eb ato m\u00eb ekstreme dhe mbi tok\u00eb filloi nj\u00eb periudh\u00eb e re e akullnajave q\u00eb shkencatr\u00ebt e njohin si epoka ,,Dryasi m\u00eb e Re\u201d apo ,,Younger Dryer\u201d,&nbsp; nd\u00ebrsa uj\u00ebrat apo p\u00ebrmbytjet t\u00eb shkaktuara nga impakti i fragmenteve t\u00eb komet\u00ebs mbi tok\u00eb dhe rritjen e niveleve t\u00eb detit dhe oqeaneve shkenca e njeh si ,,Pulsi i ujit t\u00eb shkrir\u00eb 1B\u201d. P\u00ebrmbytjet nga kjo periudh\u00eb jan\u00eb studjuar n\u00eb baz\u00eb t\u00eb gjurm\u00ebve q\u00eb ndryshimet e nivelit t\u00eb detit kan lan\u00eb me fillimin e epok\u00ebs s\u00eb ,,Dryasit m\u00eb t\u00eb re\u201d mbi koralet t\u00eb quajtura Akropora Palmata n\u00eb ishullin Barbados (nj\u00eb ishull-shtet n\u00eb Karaibet e Amerik\u00ebs).<\/p>\n\n\n\n<p>Misteri i Piramidave sipas mendimit tim q\u00ebndron n\u00eb numrat e Fibonachit dhe raportin e art\u00eb q\u00eb e gjejm\u00eb kudo n\u00eb natyr\u00eb dhe univers por edhe n\u00eb struktur\u00ebn e nd\u00ebrtimit t\u00eb priamid\u00ebs.<\/p>\n\n\n\n<div class=\"wp-block-image\"><figure class=\"aligncenter size-full\"><a href=\"https:\/\/ulqini-online.com\/sajti\/wp-content\/uploads\/2022\/02\/Senaida-mavriq-15.jpg\"><img loading=\"lazy\" decoding=\"async\" width=\"304\" height=\"172\" src=\"https:\/\/ulqini-online.com\/sajti\/wp-content\/uploads\/2022\/02\/Senaida-mavriq-15.jpg\" alt=\"\" class=\"wp-image-30975\" srcset=\"https:\/\/ulqini-online.com\/sajti\/wp-content\/uploads\/2022\/02\/Senaida-mavriq-15.jpg 304w, https:\/\/ulqini-online.com\/sajti\/wp-content\/uploads\/2022\/02\/Senaida-mavriq-15-300x170.jpg 300w\" sizes=\"auto, (max-width: 304px) 100vw, 304px\" \/><\/a><\/figure><\/div>\n\n\n\n<p>Sikur t\u00eb vendosim nj\u00eb spiral rreth e rrotull Piramid\u00ebs ajo do t\u00eb p\u00ebrcillte form\u00ebn gjeometrike t\u00eb numrave t\u00eb Fibonachit: 0,1,1,2,3,5,8,13,21,34,55,89,144&#8230;<\/p>\n\n\n\n<div class=\"wp-block-image\"><figure class=\"aligncenter size-full\"><a href=\"https:\/\/ulqini-online.com\/sajti\/wp-content\/uploads\/2022\/02\/Senaida-mavriq-16.jpg\"><img loading=\"lazy\" decoding=\"async\" width=\"613\" height=\"189\" src=\"https:\/\/ulqini-online.com\/sajti\/wp-content\/uploads\/2022\/02\/Senaida-mavriq-16.jpg\" alt=\"\" class=\"wp-image-30976\" srcset=\"https:\/\/ulqini-online.com\/sajti\/wp-content\/uploads\/2022\/02\/Senaida-mavriq-16.jpg 613w, https:\/\/ulqini-online.com\/sajti\/wp-content\/uploads\/2022\/02\/Senaida-mavriq-16-300x92.jpg 300w\" sizes=\"auto, (max-width: 613px) 100vw, 613px\" \/><\/a><\/figure><\/div>\n\n\n\n<p>Duket sikur Zoti ka p\u00ebrdorur pik\u00ebrisht numrat e Fibonachit n\u00eb krijimin e tij magjik t\u00eb Universit dhe jet\u00ebs, por ndoshta edhe hap\u00ebsir\u00eb-koh\u00ebs. Bibla thot\u00eb: ,,N\u00eb fillim ishte Fjala dhe Fjala ishte pran\u00eb Per\u00ebndis\u00eb, dhe Fjala ishte Per\u00ebndi\u201c. Por sikur t\u00eb ishte n\u00eb fillim numri, apo formula e krijimit t\u00eb universit dhe universi i jon\u00eb t\u00eb jet\u00eb nj\u00eb Univers i krijuar n\u00eb laborator dhe ne t\u00eb jemi nj\u00eb eksperiment i krijuesit por q\u00eb krijuesi po mundohet ta mbaj n\u00ebn kontroll q\u00eb ky eksperiment mos t\u00eb shkoj d\u00ebm. Po sikur Zoti t\u00eb ishte jo Ai por Ato. N\u00ebse po, a mund t\u00eb jet\u00eb Zoti &#8230;\u221e. Dhe kush lindi m\u00eb par\u00eb inteligjenca e pastaj universi apo universi e pastaj inteligjenca dhe a mundet inteligjenca t\u00eb egzistoj pa materijalin fizik.<\/p>\n\n\n\n<div class=\"wp-block-image\"><figure class=\"aligncenter size-full\"><a href=\"https:\/\/ulqini-online.com\/sajti\/wp-content\/uploads\/2022\/02\/Senaida-mavriq-17.jpg\"><img loading=\"lazy\" decoding=\"async\" width=\"296\" height=\"176\" src=\"https:\/\/ulqini-online.com\/sajti\/wp-content\/uploads\/2022\/02\/Senaida-mavriq-17.jpg\" alt=\"\" class=\"wp-image-30977\"\/><\/a><\/figure><\/div>\n\n\n\n<p>Neve e dim\u00eb q\u00eb trupi i njeriut \u00ebsht\u00eb i p\u00ebrb\u00ebr nga elementet kimike t\u00eb sistemit periodik t\u00eb Mendeljejevit nd\u00ebrsa 60-70% e mas\u00ebs s\u00eb trupit \u00ebsht\u00eb e p\u00ebrb\u00ebr nga uji. Kurse inteligjenca, vet\u00ebdija dhe memorija e jon\u00eb jan\u00eb disa neurone q\u00eb komunikojn\u00eb nd\u00ebrmjet vehtes me an\u00eb t\u00eb signaleve elektrike n\u00eb trurin ton\u00eb masa e t\u00eb cilit mund t\u00eb jet\u00eb edhe deri 85% uj\u00eb. Pra k\u00ebto jan\u00eb kushtet p\u00ebr egzistenc\u00ebn e inteligjenc\u00ebs. At\u00ebher\u00eb pyetja \u00ebsht\u00eb a mundet t\u00eb egzistoj\u00eb inteligjenca n\u00eb uj\u00eb?. T\u00eb gjith\u00eb kemi nd\u00ebgjuar p\u00ebr inteligjenc\u00ebn artificiale. Po sikur t\u00eb kemi avancuar me shkenc\u00ebn e nanoteknologjis\u00eb s\u00eb sotme aq sa t\u00eb mundemi t\u00eb nd\u00ebrhyjm\u00eb n\u00eb nivelin molekular t\u00eb ujit duke krijuar nj\u00eb kompjuter me 100% uj\u00eb dhe inteligjenc\u00ebn artificiale n\u00eb te q\u00eb funkcionon dhe komunikon me an\u00eb t\u00eb impulseve elektrike. A egziston n\u00eb nj\u00eb t\u00eb arrdhme mund\u00ebsia e konektimit nd\u00ebrmjet inteligjenc\u00ebs natyrale, shembull t\u00eb njeriut me inteligjenc\u00ebn artificiale apo me nj\u00eb super inteligjenc\u00eb. Shkenctar\u00ebt mendojn\u00eb se po.<\/p>\n\n\n\n<div class=\"wp-block-image\"><figure class=\"aligncenter size-full\"><a href=\"https:\/\/ulqini-online.com\/sajti\/wp-content\/uploads\/2022\/02\/Senaida-mavriq-18.jpg\"><img loading=\"lazy\" decoding=\"async\" width=\"344\" height=\"198\" src=\"https:\/\/ulqini-online.com\/sajti\/wp-content\/uploads\/2022\/02\/Senaida-mavriq-18.jpg\" alt=\"\" class=\"wp-image-30978\" srcset=\"https:\/\/ulqini-online.com\/sajti\/wp-content\/uploads\/2022\/02\/Senaida-mavriq-18.jpg 344w, https:\/\/ulqini-online.com\/sajti\/wp-content\/uploads\/2022\/02\/Senaida-mavriq-18-300x173.jpg 300w\" sizes=\"auto, (max-width: 344px) 100vw, 344px\" \/><\/a><\/figure><\/div>\n\n\n\n<p>\u00cbsht\u00eb pik\u00ebrisht kompanija neurotehnologjike e Elon Musk dhe timi multidisciplinar i kompanis\u00eb q\u00eb po b\u00ebjn\u00eb hapat e para n\u00eb konektimin njeri-maqineri n\u00ebp\u00ebrmjet shkenc\u00ebs s\u00eb nanoteknologjis\u00eb dhe mikro\u00e7ipave q\u00eb mund t\u00eb implementohen n\u00eb organizmin e njeriut.<\/p>\n\n\n\n<p>N\u00ebse ndoshta n\u00eb nj\u00eb t\u00eb arrdhme mund t\u00eb krijojm\u00eb nj\u00eb inteligjenc\u00eb artificiale n\u00eb nj\u00eb ambient 100% uj\u00eb, pyetja e rradh\u00ebs \u00ebsht\u00eb: a mund t\u00eb egzistoj inteligjenca n\u00eb vakum dhe a \u00ebsht\u00eb vakumi n\u00eb t\u00eb v\u00ebrtet\u00eb vakum apo n\u00eb te ka ndoshta edhe antimaterije? Antimaterija \u00ebsht\u00eb e kund\u00ebrta e materijes. Shembull elektroni dhe pozitroni, kan\u00eb ngarkes\u00ebn dhe momentin magnetik t\u00eb kund\u00ebrt, nd\u00ebrsa t\u00eb gjitha vetit\u00eb e tjera jan\u00eb identike. Materia dhe antimateria nuk mund t\u00eb q\u00ebndrojn\u00eb pran nj\u00ebra tjetr\u00ebs. Kur jan\u00eb nj\u00ebra pran tjetr\u00ebs, ato anulojn\u00eb nj\u00ebra-tjetr\u00ebn duke \u00e7liruar nj\u00eb sasi t\u00eb madhe energjie.<\/p>\n\n\n\n<p>E v\u00ebrtet\u00eb \u00ebsht\u00eb q\u00eb ne i marrim radioval\u00ebt shembull sot nga Marsi. Pamjet nga Marsi na vijn\u00eb shum\u00eb qart n\u00eb tok\u00eb. Ne e dim\u00eb q\u00eb radioval\u00ebt nuk mund t\u00eb p\u00ebr\u00e7ohen n\u00ebp\u00ebr vakum. At\u00ebher\u00eb n\u00eb \u00e7far\u00eb m\u00ebnyre arrijn\u00eb radioval\u00ebt nga Marsi n\u00eb Tok\u00eb, n\u00ebse vakumi \u00ebsht\u00eb thjesht\u00eb vet\u00ebm nj\u00eb vakum pa materije. Pra ka shum\u00eb pyetje dhe ka shum\u00eb ,,pse?\u201c, dhe ne kemi nj\u00eb inteligjenc\u00eb shum\u00eb t\u00eb kufizuar p\u00ebr tu p\u00ebrgjegjur k\u00ebtyre pyetjeve dhe aq ma mir\u00eb q\u00eb kemi inteligjenc\u00eb t\u00eb kufizuar sepse jemi t\u00eb prishur dhe diturija aq sa krijon, aq edhe vret.<\/p>\n\n\n\n<p>Un\u00eb p\u00ebr vehte mund t\u00eb them q\u00eb n\u00eb mesin e njer\u00ebzve t\u00eb prishur me inteligjenc\u00eb t\u00eb kufizuar jam shum\u00eb m\u00eb pak e prishur dhe kam nj\u00eb inteligjenc\u00eb t\u00eb mjaftueshm\u00eb, p\u00ebr t\u00eb \u00e7el pyetje dhe diskutime n\u00eb lidhje me temat e ndryshme akademike por edhe temat n\u00eb lidhje me dogma t\u00eb ndryshme shpesh her\u00eb edhe t\u00eb imponuara. Madje edhe besimet fetare mundohem ti kuptoj nga pikpamja shkecore. N\u00eb mesin e shkenc\u00ebtar\u00ebve t\u00eb sot\u00ebm gjithnj\u00eb e m\u00eb tep\u00ebr mbizot\u00ebrojn\u00eb njer\u00ebzit besimtar\u00eb.<\/p>\n\n\n\n<div class=\"wp-block-image\"><figure class=\"aligncenter size-full\"><a href=\"https:\/\/ulqini-online.com\/sajti\/wp-content\/uploads\/2022\/02\/Senaida-mavriq-19.jpg\"><img loading=\"lazy\" decoding=\"async\" width=\"413\" height=\"371\" src=\"https:\/\/ulqini-online.com\/sajti\/wp-content\/uploads\/2022\/02\/Senaida-mavriq-19.jpg\" alt=\"\" class=\"wp-image-30979\" srcset=\"https:\/\/ulqini-online.com\/sajti\/wp-content\/uploads\/2022\/02\/Senaida-mavriq-19.jpg 413w, https:\/\/ulqini-online.com\/sajti\/wp-content\/uploads\/2022\/02\/Senaida-mavriq-19-300x269.jpg 300w\" sizes=\"auto, (max-width: 413px) 100vw, 413px\" \/><\/a><\/figure><\/div>\n\n\n\n<p>N\u00ebse e v\u00ebshtrojm\u00eb rrug\u00ebn e qumshtit dhe pozit\u00ebn e sitemit diellor n\u00eb te do t\u00eb shohim q\u00eb n\u00eb rrug\u00ebn e krijimit dhe shtrirjes s\u00eb rrug\u00ebs s\u00eb qum\u00ebshtit ne jemi diku n\u00eb mes t\u00eb rrug\u00ebs pra ka shum\u00eb yj\u00ebsi me trupat e tyre p\u00ebrreth q\u00eb kan lindur para sistemit ton\u00eb diellor, dhe n\u00ebse e v\u00ebshtrojm\u00eb pozit\u00ebn e sistemit diellor n\u00eb skal\u00ebn e Universit prap do shohim shum\u00eb galaktika dhe shum\u00eb yj\u00ebsi me trupat e tyre p\u00ebrreth q\u00eb kan lindur para sistemit ton\u00eb diellor, dhe n\u00ebse besojm\u00eb q\u00eb ne nuk jemi qenjet e vetme inteligjente n\u00eb Univers at\u00ebher\u00eb duhet t\u00eb besojm\u00eb q\u00eb n\u00eb k\u00ebt Univers egziston inteligjenca e cila \u00ebsht\u00eb shum\u00eb m\u00eb e hershme se e jona dhe shum\u00eb m\u00eb e avnacuar se e jona aq sa truri jon\u00eb nuk mundet as ta imagjinoj\u00eb. Ne jemi n\u00eb nivel t\u00eb nj\u00eb foshnje n\u00eb krahasim me inteligjenc\u00ebn e avancuar t\u00eb universit por ndoshta edhe t\u00eb nj\u00eb fetusi, dhe \u00ebsht\u00eb shum\u00eb mir\u00eb q\u00eb nuk kemi Nikola Tesla apo Anshtajna n\u00eb dit\u00ebt e sotme, sepse me inteligjenc\u00ebn e jon\u00eb shpirt\u00ebrore dhe emocionale at\u00eb dije do e kishim shfryt\u00ebzuar p\u00ebr shkat\u00ebrrim dhe jo krijim, deri n\u00eb vet\u00ebshkat\u00ebrrim!<\/p>\n\n\n\n<p>N\u00eb historin\u00eb e njer\u00ebzimit, qytetrimi ka p\u00ebsuar shum\u00eb her\u00eb shembje, shkat\u00ebrrime si nga ngrohjet globale si nga luft\u00ebrat dhe konfliktet por edhe nga p\u00ebrmbytjet kataklizmike si atyre t\u00eb p\u00ebrmasave Biblike.<\/p>\n\n\n\n<p>Toka sot po ngrohet me shpejt\u00ebsi dhe n\u00ebse vazhdojm\u00eb me k\u00ebt\u00eb m\u00ebnyr\u00eb jetese, deri n\u00eb vitin 2050, do t\u00eb kemi temperatura planetare globale m\u00eb t\u00eb ngrohta se sa q\u00eb speciet q\u00eb ne njohim sot kan\u00eb p\u00ebrjetuar ndonj\u00ebher\u00eb n\u00eb tok\u00eb. Dhe n\u00ebse ndodh q\u00eb t\u00eb arrijm\u00eb deri n\u00eb vitin 2100, parashikohet q\u00eb toka t\u00eb arrij\u00eb temperatura mbi + 4 grad\u00eb celsius. Toka nuk i ka arritur k\u00ebto temperatura t\u00eb parashikuara nga shkenc\u00ebtar\u00ebt q\u00eb prej 14 milion\u00eb viteve t\u00eb fundit. Duhet t\u00eb dim\u00eb se speciet e gjitar\u00ebve nuk jetojn\u00eb aq gjat\u00eb. Ne nuk kemi specie gjitar\u00ebsh n\u00eb planet q\u00eb jan\u00eb 14 milion\u00eb vjet t\u00eb vjetra. Pra, kujtimi i k\u00ebsaj klime q\u00eb p\u00ebrjetoi toka 14 milion\u00eb vjet m\u00eb par\u00eb, n\u00eb gjenomet e specieve t\u00eb gjitar\u00ebve \u00ebsht\u00eb zhdukur.<\/p>\n\n\n\n<p>N\u00eb planetin tok\u00eb kan\u00eb ndodhur zhdukje masive. Ne e dim\u00eb se zhdukjet masive ndodhin shum\u00eb her\u00eb n\u00eb ekosistemet e vogla, por zhdukjet masive mund t\u00eb ndodhin dhe kan\u00eb ndodhur n\u00eb t\u00eb v\u00ebrtet\u00eb edhe n\u00eb nj\u00eb shkall\u00eb planetare.<\/p>\n\n\n\n<p>\u00c7\u00ebshtja \u00ebsht\u00eb se kur diversiteti ose jeta rim\u00ebk\u00ebmbet pas k\u00ebtyre zhdukjeve masive, duhen 5 deri n\u00eb 10 milion\u00eb vjet p\u00ebr tu rikuperuar dhe jeta e re e ringjallur pas k\u00ebsaj periudhe \u00ebsht\u00eb krejt\u00ebsisht e ndryshme. Toka ka humbur shum\u00eb organizma q\u00eb dikur kan formuar diversitetin n\u00eb planet pas k\u00ebtyre zhdukjeve masive dhe ata nuk kthehen m\u00eb.<\/p>\n\n\n\n<p>Ne sot jemi 7,7 miliard\u00eb njer\u00ebz n\u00eb bot\u00eb, nj\u00eb num\u00ebr q\u00eb mund t\u00eb dyfishohet deri n\u00eb fund t\u00eb shekullit. Jetojm\u00eb n\u00eb nj\u00eb bot\u00eb t\u00eb polarizuar dhe \u00ebsht\u00eb e qart\u00eb se n\u00ebse nuk kemi asnj\u00eb plan strategjik p\u00ebr t\u00eb arrdhmen ajo do t\u00eb jet\u00eb devastuese p\u00ebr shum\u00eb njer\u00ebz por ndoshta edhe p\u00ebr popuj t\u00eb t\u00ebr\u00eb dhe njer\u00ebzimi do jet\u00eb n\u00eb m\u00ebshir\u00ebn e fatit dhe t\u00eb Zotit t\u00eb plotfuqish\u00ebm.<\/p>\n\n\n\n<div class=\"wp-block-image\"><figure class=\"aligncenter size-full\"><a href=\"https:\/\/ulqini-online.com\/sajti\/wp-content\/uploads\/2022\/02\/Senaida-mavriq-20.jpg\"><img loading=\"lazy\" decoding=\"async\" width=\"223\" height=\"337\" src=\"https:\/\/ulqini-online.com\/sajti\/wp-content\/uploads\/2022\/02\/Senaida-mavriq-20.jpg\" alt=\"\" class=\"wp-image-30980\" srcset=\"https:\/\/ulqini-online.com\/sajti\/wp-content\/uploads\/2022\/02\/Senaida-mavriq-20.jpg 223w, https:\/\/ulqini-online.com\/sajti\/wp-content\/uploads\/2022\/02\/Senaida-mavriq-20-199x300.jpg 199w\" sizes=\"auto, (max-width: 223px) 100vw, 223px\" \/><\/a><\/figure><\/div>\n\n\n\n<p>Kushti i par\u00eb p\u00ebr t\u00eb p\u00ebrmir\u00ebsuar shoq\u00ebrin\u00eb ton\u00eb globale \u00ebsht\u00eb t\u00eb ndalojm\u00eb s\u00eb luftuari. Kushti tjet\u00ebr kur t\u00eb mos kemi m\u00eb luft\u00eb, duhet t\u00eb nd\u00ebrtojm\u00eb nj\u00eb shoq\u00ebri q\u00eb do t\u00eb bazohet n\u00eb dialog, demokraci dhe kompromis. Kushti tjet\u00ebr \u00ebsht\u00eb q\u00eb n\u00eb nj\u00eb t\u00eb arrdhme t\u00eb nd\u00ebrtojm\u00eb nj\u00eb shoq\u00ebri t\u00eb bazuar n\u00eb dashuri dhe mir\u00ebkuptim. N\u00eb momentin q\u00eb nd\u00ebrtojm\u00eb nj\u00eb qytet\u00ebrim t\u00eb bazuar n\u00eb dashuri dhe mir\u00ebkuptim, ne jemi gati p\u00ebr nj\u00eb shkall\u00eb m\u00eb t\u00eb lart\u00eb zhvillimi.<\/p>\n\n\n\n<p>N\u00ebse jo mund t\u00eb kemi fatin e Kollapsit t\u00eb civilizimit t\u00eb bronzit q\u00eb ka ndodh rreth viteve 1177 p.e.s. q\u00eb \u00ebsht\u00eb nj\u00eb herit edhe periudha e luft\u00ebs s\u00eb Troj\u00ebs q\u00eb ka zgjatur 10 vite me rradh. Kjo \u00ebsht\u00eb nj\u00eb periudh\u00eb kur toka p\u00ebrjetoj ngrohjen globale q\u00eb \u00e7oi deri te zija e buk\u00ebs. Kjo \u00ebsht\u00eb nj\u00eb periudh\u00eb kur t\u00eb gjith\u00eb qytetrimet u shemben nj\u00ebra pas tjetr\u00ebs, si p\u00ebrshkak t\u00eb konflikteve t\u00eb mbrendshme, luftrave civile ashtu edhe p\u00ebr shkak t\u00eb luft\u00ebrave rajonale dhe tani shkenctar\u00ebt gjithnj\u00eb e m\u00eb tep\u00ebr po e v\u00ebrtetojn\u00eb q\u00eb k\u00ebto luft\u00ebra kan qen\u00eb n\u00eb fakt t\u00eb nivelit global. Duhet kuptuar q\u00eb qytetrimet e civilizimit t\u00eb bronzit kan qen\u00eb t\u00eb varura nj\u00ebra nga tjetra dhe t\u00eb lidhura me nj\u00eb rrjet\u00eb tregtare globale si shembull me rrug\u00ebn e m\u00ebndafshit, rrug\u00ebt detare mesdhetare etj. Me shembjen e nj\u00eb qytetrimi u shemb\u00ebn edhe qytetrimet tjera p\u00ebrreth. Shembull me shembjen e qytetrimeve t\u00eb lindjes u nd\u00ebrpe edhe rruga tregtare me minierat n\u00eb Afganistanin e sot\u00ebm nga ku importohej bakri p\u00ebr pr\u00ebpunimine veglave dhe arm\u00ebve prej bronzit. Me shembjen e k\u00ebsaj rruge tregtare u shemb\u00ebn edhe qytetrimet tjera p\u00ebrreth. Kjo \u00ebsht\u00eb periudha e humbjeve njerzore, migrimeve t\u00eb m\u00ebdha, shemjes s\u00eb qytetrimeve, dituris\u00eb dhe e civilizimit n\u00eb p\u00ebrgjith\u00ebsi. Kjo \u00ebsht\u00eb edhe periudha e tkurrjes s\u00eb trojeve shqip fol\u00ebse apo t\u00eb themi t\u00eb dijalektit Geg t\u00eb popujve Iliro-pellasg-dardan por edhe periudha e lindjes s\u00eb gjuh\u00ebve t\u00eb reja apo popujve t\u00eb ri indo-evropian. Nuk ka prova q\u00eb kjo periudh\u00eb ka p\u00ebrjetuar edhe humbje njerzore nga pandemite virusale, por mungesa e provave nuk \u00ebsht\u00eb prov\u00eb q\u00eb nuk ka pas s\u00ebmundje pandemike sepse n\u00eb disa ruina n\u00eb lindjen e af\u00ebrme jan\u00eb gjet\u00eb shkrime kuneiform\u00eb q\u00eb v\u00ebrtetojn\u00eb se disa qindra vite para Kollapsit t\u00eb civilizimit t\u00eb bronzit ka pas p\u00ebrhapje t\u00eb s\u00ebmundjes s\u00eb Leproz\u00ebz.<\/p>\n\n\n\n<p>Nga kjo periudh\u00eb na vijn\u00eb shum\u00eb shkrime kuniform\u00eb q\u00eb flasin p\u00ebr kollapsin e civilizimit t\u00eb bronzit.<\/p>\n\n\n\n<p>Ashurbanipal ishte nj\u00eb mbret Asirian dhe mbreti i fundit i fuqish\u00ebm i&nbsp;<a href=\"https:\/\/sq.wikipedia.org\/w\/index.php?title=Perandoria_Asirane&amp;action=edit&amp;redlink=1\">Perandoris\u00eb Neo-Asiriane<\/a>&nbsp;(934-609 p.e.s.). Ai \u00ebsht\u00eb i famsh\u00ebm p\u00ebr grumbullimin e nj\u00eb sasie t\u00eb konsiderueshme dokumentesh kuneiforme n\u00eb pallatin e tij mbret\u00ebror n\u00eb Ninive. Ky koleksion, i njohur si Biblioteka e Ashurbanipalit, tani \u00ebsht\u00eb e vendosur n\u00eb Muzeun Britanik.<\/p>\n\n\n\n<p>Ne sot jemi shum\u00eb m\u00eb inteligjent se pararrdh\u00ebsit ton\u00eb 3,200 vite m\u00eb par\u00eb dhe shpresoj q\u00eb kemi kapaciete dhe inteligjenc\u00eb shpirtrore t\u00eb mjaftueshme q\u00eb mos ta p\u00ebrs\u00ebrisim fatin e parardh\u00ebsve ton\u00eb apo ndonj\u00eb fat edhe m\u00eb tragjik. &nbsp;&nbsp;<\/p>\n","protected":false},"excerpt":{"rendered":"<p>Nga Senaida Ismailaga, inxh. e dipl e el. Jetojm\u00eb n\u00eb nj\u00eb koh\u00eb kur t\u00eb dh\u00ebnat historike, arkeologjike, shkencore etj. gjenden shum\u00eb let\u00eb n\u00eb internet. Sot nj\u00eb njeri i tipit Leonardo Da Vinchi mund t\u00eb studjoj\u00eb dhe zbuloj\u00eb nj\u00eb bot\u00eb t\u00eb t\u00ebr\u00eb. Sigurisht q\u00eb nuk jan\u00eb t\u00eb gjith\u00eb t\u00eb dh\u00ebnat e sakta, por inteligjenca dhe intuicioni [&hellip;]<\/p>\n","protected":false},"author":1,"featured_media":30975,"comment_status":"open","ping_status":"open","sticky":false,"template":"","format":"standard","meta":{"_seopress_robots_primary_cat":"","_seopress_titles_title":"","_seopress_titles_desc":"","_seopress_robots_index":"","footnotes":""},"categories":[2,8],"tags":[],"class_list":["post-30967","post","type-post","status-publish","format-standard","has-post-thumbnail","hentry","category-aktualitet","category-te-tjera"],"_links":{"self":[{"href":"https:\/\/ulqini-online.com\/sajti\/index.php?rest_route=\/wp\/v2\/posts\/30967","targetHints":{"allow":["GET"]}}],"collection":[{"href":"https:\/\/ulqini-online.com\/sajti\/index.php?rest_route=\/wp\/v2\/posts"}],"about":[{"href":"https:\/\/ulqini-online.com\/sajti\/index.php?rest_route=\/wp\/v2\/types\/post"}],"author":[{"embeddable":true,"href":"https:\/\/ulqini-online.com\/sajti\/index.php?rest_route=\/wp\/v2\/users\/1"}],"replies":[{"embeddable":true,"href":"https:\/\/ulqini-online.com\/sajti\/index.php?rest_route=%2Fwp%2Fv2%2Fcomments&post=30967"}],"version-history":[{"count":9,"href":"https:\/\/ulqini-online.com\/sajti\/index.php?rest_route=\/wp\/v2\/posts\/30967\/revisions"}],"predecessor-version":[{"id":30996,"href":"https:\/\/ulqini-online.com\/sajti\/index.php?rest_route=\/wp\/v2\/posts\/30967\/revisions\/30996"}],"wp:featuredmedia":[{"embeddable":true,"href":"https:\/\/ulqini-online.com\/sajti\/index.php?rest_route=\/wp\/v2\/media\/30975"}],"wp:attachment":[{"href":"https:\/\/ulqini-online.com\/sajti\/index.php?rest_route=%2Fwp%2Fv2%2Fmedia&parent=30967"}],"wp:term":[{"taxonomy":"category","embeddable":true,"href":"https:\/\/ulqini-online.com\/sajti\/index.php?rest_route=%2Fwp%2Fv2%2Fcategories&post=30967"},{"taxonomy":"post_tag","embeddable":true,"href":"https:\/\/ulqini-online.com\/sajti\/index.php?rest_route=%2Fwp%2Fv2%2Ftags&post=30967"}],"curies":[{"name":"wp","href":"https:\/\/api.w.org\/{rel}","templated":true}]}}