{"id":3089,"date":"2015-04-24T18:12:56","date_gmt":"2015-04-24T16:12:56","guid":{"rendered":"http:\/\/ulqini-online.com\/sajti\/?p=3089"},"modified":"2015-04-24T18:21:22","modified_gmt":"2015-04-24T16:21:22","slug":"dita-e-librit-u-shenua-edhe-ne-ulqin","status":"publish","type":"post","link":"https:\/\/ulqini-online.com\/sajti\/?p=3089","title":{"rendered":"Dita e Librit u sh\u00ebnua edhe n\u00eb Ulqin (foto)"},"content":{"rendered":"<p><strong><a href=\"https:\/\/ulqini-online.com\/sajti\/wp-content\/uploads\/2015\/04\/Dita-e-librit-shenohet-ne-ulqin.jpg\"><img loading=\"lazy\" decoding=\"async\" class=\" size-medium wp-image-3093 alignleft\" src=\"https:\/\/ulqini-online.com\/sajti\/wp-content\/uploads\/2015\/04\/Dita-e-librit-shenohet-ne-ulqin-300x201.jpg\" alt=\"Dita-e-librit-shenohet-ne-ulqin\" width=\"300\" height=\"201\" srcset=\"https:\/\/ulqini-online.com\/sajti\/wp-content\/uploads\/2015\/04\/Dita-e-librit-shenohet-ne-ulqin-300x201.jpg 300w, https:\/\/ulqini-online.com\/sajti\/wp-content\/uploads\/2015\/04\/Dita-e-librit-shenohet-ne-ulqin.jpg 522w\" sizes=\"auto, (max-width: 300px) 100vw, 300px\" \/><\/a>N\u00eb organizimin e Libraris\u00eb Arti dhe Bibliotek\u00ebs s\u00eb qytetit n\u00eb Ulqin, mbr\u00ebm\u00eb u sh\u00ebnua Dita nd\u00ebrkomb\u00ebtare e librit<br \/>\n<\/strong><br \/>\nTakimin i cili ishte parapar\u00eb q\u00eb t\u00eb jet\u00eb n\u00eb form\u00eb debati me tem\u00ebn aktuale \u201cFati i Librit\u201d, (elektronik VS leter) gjendja e librit n\u00eb Ulqin dhe Tuz, e hapi drejtoresha e k\u00ebsaj biblioteke zonja Ardita Rama. Ajo me k\u00ebt\u00eb rast njoftoi t\u00eb pranishmit se p\u00ebr nder\u00eb t\u00eb k\u00ebsaj dite fal\u00eb angazhimit t\u00eb Zonj\u00ebs s\u00eb par\u00eb t\u00eb Republik\u00ebs s\u00eb Shqip\u00ebris\u00eb u arrit q\u00eb k\u00ebsaj biblioteke t\u2019i dhurohen 3000 libra nga botues shqiptar, num\u00ebr ky q\u00eb p\u00ebrkund\u00ebr v\u00ebshtir\u00ebsive q\u00eb ka ky institucion \u00ebsht\u00eb shum\u00eb dometh\u00ebn\u00ebs. Sa i p\u00ebrket tem\u00ebs s\u00eb dh\u00ebn\u00eb Ardita mbrojti pozit\u00ebn e librit konvencional dhe, megjith\u00ebse leht\u00ebsis\u00eb s\u00eb gjetjes s\u00eb librave t\u00eb ndryshme p\u00ebrmes form\u00ebs elektronike, prap\u00eb se prap\u00eb komoditetin dhe ndjesin\u00eb q\u00eb ta ofron libri n\u00eb let\u00ebr edhe p\u00ebr nj\u00eb koh\u00eb t\u00eb gjat\u00eb do t\u00eb jet\u00eb i pazavend\u00ebsuesh\u00ebm.<\/p>\n<p>Kurse, Gazmend \u00c7itaku, pronar i Libraris\u00eb ARTI, problematik\u00ebn e k\u00ebsaj konkurrence e sheh n\u00eb nj\u00eb m\u00ebnyr\u00eb pak m\u00eb t\u00eb ndryshme. Duke u pajtuar me faktin se n\u00eb bot\u00ebn e zhvilluar (pik\u00eb s\u00eb pari SHBA) forma elektronike e librit \u00ebsht\u00eb duke b\u00ebr\u00eb presion jasht\u00ebzakonisht t\u00eb madh ndaj librit konvencional, p\u00ebr kushtet tona shqiptare, n\u00eb munges\u00eb t\u00eb lexuesve do t\u00eb detyrohemi q\u00eb librat ti botojm\u00eb vet\u00ebm n\u00eb form\u00ebn elektronike, sepse shpenzimet do t\u00eb jen\u00eb m\u00eb t\u00eb vogla si dhe nuk do t\u00eb jet\u00eb problemi i shp\u00ebrndrarjes. Duke analizuar gjendjen e till\u00eb, ai konkludon se faji \u00ebsht\u00eb zinxhiror dhe fillon q\u00eb nga familja dhe vazhdon ke shoq\u00ebria e p\u00ebrfundon te procesi i edukimit, pasi q\u00eb, n\u00ebse m\u00ebsimdh\u00ebn\u00ebsit e sot\u00ebm vet\u00eb p\u00ebr vete nuk lexojn\u00eb, at\u00ebher\u00eb ata edhe nuk jan\u00eb n\u00eb gjendje q\u00eb k\u00ebt\u00eb k\u00ebnaq\u00ebsi t\u2019ua ofrojn\u00eb edhe f\u00ebmij\u00ebve. N\u00eb k\u00ebt\u00eb tryez\u00eb me v\u00ebshtrimet e tyre jan\u00eb prezantuar edhe: Nail Draga, drejtor i Qendr\u00ebs Kulturore n\u00eb Ulqin, Suad Ukoshata, pronar i Libraris\u00eb me literatur\u00eb fetare, Ali Gje\u00e7britaj, arsimtar pran\u00eb SHF n\u00eb Ostros-Kraj\u00eb, Haxhi Shabani, Hajredin Kova\u00e7i, Ismet Kallaba, Jaho Kollari, Ibrahim Berjashi, Gani Karamanaga, Mehmet Bardhi, Edita Nimanbegu e Liridona Sinishtaj.<\/p>\n<p>Krejt n\u00eb fund si konkluz\u00eb e k\u00ebtij debate doli se shqet\u00ebsimi m\u00eb i madh p\u00ebr momentin paraqet problematika e mosleximit se sa konkurrenca midis librit elektronik dhe konvencional. \u201cDuhet t\u00eb nd\u00ebrmerren masa n\u00eb ngritjen e vet\u00ebdijes dhe domosdoshm\u00ebrin\u00eb e leximit pasi q\u00eb leximi \u00ebsht\u00eb ushqimi I trurit\u201d, u tha n\u00eb k\u00ebt\u00eb takim .\/KultPlus.com<\/p>\n<p><strong><a href=\"https:\/\/ulqini-online.com\/sajti\/wp-content\/uploads\/2015\/04\/Dita-e-librit-shenohet-ne-ulqin.jpg\"><img loading=\"lazy\" decoding=\"async\" class=\"aligncenter wp-image-3093 size-full\" src=\"https:\/\/ulqini-online.com\/sajti\/wp-content\/uploads\/2015\/04\/Dita-e-librit-shenohet-ne-ulqin.jpg\" alt=\"Dita-e-librit-shenohet-ne-ulqin\" width=\"522\" height=\"350\" srcset=\"https:\/\/ulqini-online.com\/sajti\/wp-content\/uploads\/2015\/04\/Dita-e-librit-shenohet-ne-ulqin.jpg 522w, https:\/\/ulqini-online.com\/sajti\/wp-content\/uploads\/2015\/04\/Dita-e-librit-shenohet-ne-ulqin-300x201.jpg 300w\" sizes=\"auto, (max-width: 522px) 100vw, 522px\" \/><\/a><\/strong><\/p>\n","protected":false},"excerpt":{"rendered":"<p>N\u00eb organizimin e Libraris\u00eb Arti dhe Bibliotek\u00ebs s\u00eb qytetit n\u00eb Ulqin, mbr\u00ebm\u00eb u sh\u00ebnua Dita nd\u00ebrkomb\u00ebtare e librit Takimin i cili ishte parapar\u00eb q\u00eb t\u00eb jet\u00eb n\u00eb form\u00eb debati me tem\u00ebn aktuale \u201cFati i Librit\u201d, (elektronik VS leter) gjendja e librit n\u00eb Ulqin dhe Tuz, e hapi drejtoresha e k\u00ebsaj biblioteke zonja Ardita Rama. Ajo [&hellip;]<\/p>\n","protected":false},"author":1,"featured_media":3093,"comment_status":"open","ping_status":"open","sticky":false,"template":"","format":"standard","meta":{"_seopress_robots_primary_cat":"","_seopress_titles_title":"","_seopress_titles_desc":"","_seopress_robots_index":"","footnotes":""},"categories":[2,6],"tags":[],"class_list":["post-3089","post","type-post","status-publish","format-standard","has-post-thumbnail","hentry","category-aktualitet","category-kulture"],"_links":{"self":[{"href":"https:\/\/ulqini-online.com\/sajti\/index.php?rest_route=\/wp\/v2\/posts\/3089","targetHints":{"allow":["GET"]}}],"collection":[{"href":"https:\/\/ulqini-online.com\/sajti\/index.php?rest_route=\/wp\/v2\/posts"}],"about":[{"href":"https:\/\/ulqini-online.com\/sajti\/index.php?rest_route=\/wp\/v2\/types\/post"}],"author":[{"embeddable":true,"href":"https:\/\/ulqini-online.com\/sajti\/index.php?rest_route=\/wp\/v2\/users\/1"}],"replies":[{"embeddable":true,"href":"https:\/\/ulqini-online.com\/sajti\/index.php?rest_route=%2Fwp%2Fv2%2Fcomments&post=3089"}],"version-history":[{"count":3,"href":"https:\/\/ulqini-online.com\/sajti\/index.php?rest_route=\/wp\/v2\/posts\/3089\/revisions"}],"predecessor-version":[{"id":3097,"href":"https:\/\/ulqini-online.com\/sajti\/index.php?rest_route=\/wp\/v2\/posts\/3089\/revisions\/3097"}],"wp:featuredmedia":[{"embeddable":true,"href":"https:\/\/ulqini-online.com\/sajti\/index.php?rest_route=\/wp\/v2\/media\/3093"}],"wp:attachment":[{"href":"https:\/\/ulqini-online.com\/sajti\/index.php?rest_route=%2Fwp%2Fv2%2Fmedia&parent=3089"}],"wp:term":[{"taxonomy":"category","embeddable":true,"href":"https:\/\/ulqini-online.com\/sajti\/index.php?rest_route=%2Fwp%2Fv2%2Fcategories&post=3089"},{"taxonomy":"post_tag","embeddable":true,"href":"https:\/\/ulqini-online.com\/sajti\/index.php?rest_route=%2Fwp%2Fv2%2Ftags&post=3089"}],"curies":[{"name":"wp","href":"https:\/\/api.w.org\/{rel}","templated":true}]}}