{"id":30405,"date":"2021-12-03T13:35:54","date_gmt":"2021-12-03T12:35:54","guid":{"rendered":"https:\/\/ulqini-online.com\/sajti\/?p=30405"},"modified":"2021-12-03T13:35:54","modified_gmt":"2021-12-03T12:35:54","slug":"mungon-komunikimi-ne-mes-popujve-pakice-dhe-institucioneve-qeveritare","status":"publish","type":"post","link":"https:\/\/ulqini-online.com\/sajti\/?p=30405","title":{"rendered":"Mungon komunikimi n\u00eb mes popujve pakic\u00eb dhe institucioneve qeveritare"},"content":{"rendered":"\n<div class=\"wp-block-image is-style-rounded\"><figure class=\"alignleft size-full\"><a href=\"https:\/\/ulqini-online.com\/sajti\/wp-content\/uploads\/2014\/12\/Nail-draga.jpg\"><img loading=\"lazy\" decoding=\"async\" width=\"305\" height=\"368\" src=\"https:\/\/ulqini-online.com\/sajti\/wp-content\/uploads\/2014\/12\/Nail-draga.jpg\" alt=\"\" class=\"wp-image-805\" srcset=\"https:\/\/ulqini-online.com\/sajti\/wp-content\/uploads\/2014\/12\/Nail-draga.jpg 305w, https:\/\/ulqini-online.com\/sajti\/wp-content\/uploads\/2014\/12\/Nail-draga-248x300.jpg 248w\" sizes=\"auto, (max-width: 305px) 100vw, 305px\" \/><\/a><\/figure><\/div>\n\n\n\n<p><strong>N\u00eb munges\u00eb t\u00eb institucion\u00ebve t\u00eb ve\u00e7anta \u00e7\u00ebshtja e komunikimit n\u00eb mes popujve pakic\u00eb dhe institucion\u00ebve qeveritare n\u00eb mjediset multinacionale sikurse \u00ebsht\u00eb Mali i Zi, var\u00ebt sipas vullnetit politik t\u00eb pushtetit, q\u00eb edhe n\u00eb pluraliz\u00ebm nuk ka treguar gadishm\u00ebri t\u00eb avancimit t\u00eb barazis\u00eb praktike qytetare e nacionale sipas standard\u00ebve nd\u00ebrkomb\u00ebtare<\/strong><\/p>\n\n\n\n<p>Nga Nail Draga<\/p>\n\n\n\n<p>N\u00eb rrethana t\u00eb reja shoq\u00ebrore n\u00eb pluraliz\u00ebm \u00e7\u00ebshtje par\u00ebsore paraqet p\u00ebrfaq\u00ebsimi i shqiptar\u00ebve p\u00ebrkat\u00ebsisht prezantimi i k\u00ebrkesave t\u00eb tyre t\u00eb ligjshme n\u00eb lidhje me avancimin e pozit\u00ebs dhe t\u00eb statusit t\u00eb tyre. Kemi t\u00eb b\u00ebjm\u00eb me \u00e7\u00ebshtje komplekse, sepse p\u00ebrfaq\u00ebsimi nuk \u00ebsht\u00eb \u00e7\u00ebshtje personale apo partiake, duke qen\u00eb p\u00ebrgjegj\u00ebsi para institucion\u00ebve qeveritare sepse kemi t\u00eb b\u00ebjm\u00eb me barazin\u00eb qytetare e nacionale n\u00eb nj\u00eb mjedis multinacional e multikulturor si\u00e7 \u00ebsht\u00eb Mali i Zi<br>Ndon\u00ebse jan\u00eb b\u00ebr\u00eb tre dekada n\u00eb pluralizm\u00ebm subjekt\u00ebt politike t\u00eb cilat p\u00ebrfaq\u00ebsojn\u00eb shqiptar\u00ebt deri m\u00eb tash si dhe p\u00ebrfaq\u00ebsuesit e tyre autentik nuk kan\u00eb realizuar asnj\u00eb hulumtim n\u00eb lidhje me raport\u00ebt dhe institucion\u00ebt qeveritare. T\u00eb dh\u00ebnat e tilla empirike do t\u00eb d\u00ebshmonin pabarazin\u00eb e shqiptar\u00ebve n\u00eb fusha t\u00eb ndryshme shoq\u00ebrore si n\u00eb pun\u00ebsim, arsim, kultur\u00eb etj.<\/p>\n\n\n\n<p><br><strong>Prezantimi dhe p\u00ebrfaq\u00ebsimi<\/strong><\/p>\n\n\n\n<p>Pik\u00ebrisht n\u00eb k\u00ebt\u00eb aspekt ketu qendron problemi se kush i p\u00ebrfaq\u00ebson shqiptar\u00ebt n\u00eb institucionet qeveritare dhe sa jan\u00eb ata t\u00eb gatsh\u00ebm t\u00eb ballafaqohen me realitetin shoq\u00ebror. P\u00ebrve\u00e7 p\u00ebrgatitjes profesionale individ\u00ebt e till\u00eb duhet t\u00eb jen\u00eb edhe t\u00eb guximsh\u00ebm p\u00ebr t\u00eb prezantuar k\u00ebrkesat q\u00eb jan\u00eb n\u00eb favor t\u00eb avancimit t\u00eb drejtave t\u00eb shqiptar\u00ebve t\u00eb cilat jan\u00eb mohuar dekada m\u00eb radh\u00eb. Nj\u00eb analiz\u00eb e k\u00ebsaj natyre do t\u00eb eliminonte paragjykimet ndaj pjes\u00ebtar\u00ebve t\u00eb popujve pakic\u00eb, e n\u00eb ve\u00e7anti p\u00ebr shqiptar\u00ebt, t\u00eb cil\u00ebt nuk jan\u00eb t\u00eb p\u00ebrfaq\u00ebsuar n\u00eb m\u00ebnyr\u00eb proporcionale. Duke marr\u00eb parasysh s\u00eb nga viti 1998-2020, shqiptar\u00ebt perms subjekt\u00ebve t\u00eb tyre politike kan\u00eb qen\u00eb pjes\u00eb e koalicionit qeveritar, analiza e p\u00ebrfaq\u00ebsuesve p\u00ebrkat\u00ebs do t\u00eb eliminonte dilemat ekzistuese. Sepse jo rrall\u00eb her\u00eb me tep\u00ebr kan\u00eb p\u00ebrfituar individ\u00ebt e jo elektorati i tyre votues.<br>M\u00eb k\u00ebt\u00eb rast cekim se nga viti 1998, n\u00eb kuad\u00ebr t\u00eb Qeveris\u00eb s\u00eb Malit t\u00eb Zi u formu Ministria e popujve pakic\u00eb, e cila pothuaj vazhdimisht \u00ebsht\u00eb udh\u00ebhequr nga shqiptar\u00ebt. Nd\u00ebrsa \u00e7\u00ebshtje tjet\u00ebr paraqet angazhimi I tyre n\u00eb favor t\u00eb avancimit t\u00eb barazis\u00eb nacionale t\u00eb shqiptar\u00ebve, q\u00eb meriton trajtim t\u00eb ve\u00e7ant\u00eb.<br>Nd\u00ebrsa me rastin e rotacionit t\u00eb pushtetit(30.8.2020) Qeveria e re eliminoj k\u00ebt\u00eb ministri duke ia bashkangjitur asaj t\u00eb Drejt\u00ebsis\u00eb, pa dh\u00ebn\u00eb arsyetim t\u00eb nj\u00eb veprimi t\u00eb till\u00eb. Ne mendojm\u00eb se popujt pakic\u00eb duhet t\u00eb jen\u00eb pjes\u00eb e pushtetit ekzekutiv, pa marr\u00eb parasysh se kush do ta formoj\u00eb shumic\u00ebn parlamentare.<br>N\u00eb qeverin\u00eb e re n\u00eb kabinetin e Kryeministrit t\u00eb Malit t\u00eb Zi, jemi t\u00eb informuar n\u00eb lidhje me k\u00ebt\u00eb \u00e7\u00ebshtje \u00ebsht\u00eb i angazhuar nj\u00eb person n\u00eb cil\u00ebsin\u00eb e k\u00ebshilltarit t\u00eb pakicave nd\u00ebrsa cili do t\u00eb jet\u00eb roli p\u00ebrmbajt\u00ebsor mbetet t\u00eb shihet.<\/p>\n\n\n\n<p><br><strong>Pa p\u00ebrfaq\u00ebsues autentik n\u00eb K\u00ebshilla t\u00eb ndryshme<\/strong><\/p>\n\n\n\n<p>Duke marr\u00eb parasysh s\u00eb n\u00eb qeverisjen e m\u00ebparshme kan\u00eb qen\u00eb t\u00eb pranishme dob\u00ebsi kadrovike e funksionale, nga qeverisja e re nuk jemi duke par\u00eb ndonj\u00eb angazhim konkret p\u00ebr ndryshime cil\u00ebsore e p\u00ebrmbajt\u00ebsore. Nj\u00eb veprim I till\u00eb \u00ebsht\u00eb n\u00eb kund\u00ebrshtim ligjor e kushtetues kur kemi t\u00eb b\u00ebjm\u00eb me p\u00ebrfaq\u00ebsimin autentik t\u00eb pjes\u00ebtar\u00ebve t\u00eb popujve pakic\u00eb.<br>Nuk mund t\u00eb arsyetohet me asnj\u00eb argument mos pjes\u00ebmarrja e p\u00ebrfaq\u00ebsuesve autentik t\u00eb shqiptar\u00ebve n\u00eb K\u00ebshillin e Arsimit, K\u00ebshillin e Kultur\u00ebs, Entin e Tekst\u00ebve dhe t\u00eb Mjet\u00ebve M\u00ebsimore etj. Duke marr\u00eb parasysh se subjekt\u00ebt e tilla miratojn\u00eb Vendime q\u00eb p\u00ebrfaq\u00ebsojn\u00eb edhe t\u00eb drejtat e popujve pakic\u00eb, mospjes\u00ebmarrja e p\u00ebrfaq\u00ebsues\u00ebve t\u00eb tyre autentik, d\u00ebshmon mos bashk\u00ebpunimin institucional dhe imponim t\u00eb \u00e7\u00ebshtjeve programore, q\u00eb nuk jan\u00eb n\u00eb favor t\u00eb popujve pakic\u00eb. Veprimet e tilla t\u00eb imponuara jan\u00eb kund\u00ebr barazis\u00eb qytetare e nacionale sepse popujt pakic\u00eb nuk mund t\u00eb p\u00ebrfaq\u00ebsohen nga t\u00eb tjer\u00ebt por vet\u00ebm nga p\u00ebrfaq\u00ebsuesit e tyre autentik.<\/p>\n\n\n\n<p><br><strong>Pa ankesa t\u00eb Avokati i Popullit(!)<\/strong><\/p>\n\n\n\n<p>\u00c7\u00ebshtjet nacionale n\u00eb nj\u00eb mjedis multinacional jan\u00eb t\u00eb ndieshme dhe mbet\u00ebn t\u00eb hapura, sidomos n\u00eb ato mjedise ku ende mungon demokracia funksionale, si rezultat i mentalitetit unitarist i trash\u00ebguar nga koha e monizmit. Edhe pse jan\u00eb b\u00ebr\u00eb tre dekada n\u00eb pluraliz\u00ebm, \u00e7\u00ebshtja e barazis\u00eb nacionale e qytetare mbet\u00ebt e hapur sidomos kur jan\u00eb pyetje shqiptar\u00ebt.<br>Nga nj\u00eb informat\u00eb q\u00eb disponoj nga Avokati i popullit(Ombudsmani) te ata deri m\u00eb tash nuk \u00ebsht\u00eb paraqitur asnj\u00eb k\u00ebrkes\u00eb p\u00ebr t\u00eb kontestuar raportet aktuale t\u00eb institucioneve t\u00eb pushtetit ndaj shqiptar\u00ebve. Nj\u00eb e dh\u00ebn\u00eb e till\u00eb \u00ebsht\u00eb shqet\u00ebsuese dhe zhg\u00ebnjyese sidomos p\u00ebr ata q\u00eb na p\u00ebrfaq\u00ebsojn\u00eb dhe prezantojn\u00eb n\u00eb institucionet p\u00ebrkat\u00ebse. K\u00ebtu kritika shkon n\u00eb rend t\u00eb par\u00eb ndaj partive politike q\u00eb p\u00ebrfaq\u00ebsojn\u00eb shqiptar\u00ebt, t\u00eb cilat \u00ebsht\u00eb dashur t\u00eb jen\u00eb ma aktive, duke ofruar argumente t\u00eb pabarazis\u00eb praktike q\u00eb jan\u00eb duke e p\u00ebrjetuar shqiptar\u00ebt.<\/p>\n\n\n\n<p><br><strong>Mungon partneriteti me pushtetin<\/strong><\/p>\n\n\n\n<p>N\u00eb saj\u00eb t\u00eb munges\u00ebs s\u00eb raport\u00ebve bashk\u00ebpunuese n\u00eb mes pushetit dhe popujve pakic\u00eb duke mohuar partneritetin d\u00ebshmon qasjen e pushtetit edhe tash n\u00eb pluraliz\u00ebm sikurse n\u00eb moniz\u00ebm.<br>Vet\u00ebm trajtimi i popujve pakic\u00eb si partner n\u00eb qeverisje, do t\u00eb eliminoheshin defektet ekzistuese dhe do t\u00eb ishte n\u00eb favor t\u00eb avancimit t\u00eb \u00e7\u00ebshtjeve t\u00eb kontestuara q\u00eb do t\u00eb jen\u00eb n\u00eb favor t\u00eb barazis\u00eb nacionale e qytetare n\u00eb k\u00ebt\u00eb mjedis. Nj\u00eb qasje e till\u00eb serioze do t\u00eb ishte d\u00ebshmi e fillimit t\u00eb respektimit t\u00eb nd\u00ebrsjell\u00eb n\u00eb favor t\u00eb te gjith\u00ebve n\u00eb k\u00ebt\u00eb mjedis multinacional.<br>Sepse, \u00e7do k\u00ebrkes\u00eb e shqiptar\u00ebve t\u00eb cilat nuk cenojn\u00eb t\u00eb tjer\u00ebt do t\u00eb pranohej nga \u00e7do pushtet demokratik dhe do t\u00eb ishte n\u00eb favor t\u00eb avancimit t\u00eb barazis\u00eb nacionale sipas standard\u00ebve nd\u00ebrkomb\u00ebtare. Nd\u00ebrsa e kund\u00ebrta ndodh\u00eb me pushtetet autokratike, q\u00eb vuajn\u00eb nga paragjykimet me konceptet unitare t\u00eb qeverisj\u00ebs.<\/p>\n\n\n\n<p><br><strong>Bashk\u00ebpunimi pa paragjykime<\/strong><\/p>\n\n\n\n<p>Nga ana e subjekt\u00ebve politike t\u00eb shqiptar\u00ebve deri me tash nuk kemi pasur rast t\u00eb d\u00ebgjojm\u00eb se \u00ebsht\u00eb realizuar ndonj\u00eb hulumtim i opinionit n\u00eb lidhje me k\u00ebto \u00e7\u00ebshtje q\u00eb \u00ebsht\u00eb d\u00ebshmi e mosinteresimit t\u00eb bashk\u00ebpunimit me institucionet qeveritare t\u00eb cilat e kan\u00eb obligim t\u00eb trajtojn\u00eb \u00e7\u00ebshtjet n\u00eb lidhje mbi barazin\u00eb nacionale n\u00eb fushat p\u00ebrkat\u00ebse.<br>Andaj mbetet \u00e7\u00ebshtje e hapur \u00e7bllokimi i k\u00ebtij komunikimi n\u00eb mes popujve pakic\u00eb, p\u00ebrkat\u00ebsisht p\u00ebrfaq\u00ebsues\u00ebve te tyre dhe institucioneve qeveritare. \u00c7do tentim p\u00ebr t\u00eb margjinalizuar k\u00ebt\u00eb \u00e7\u00ebshtje d\u00ebshmon se mungon vullneti politik i pushtetit, p\u00ebr ndryshime pozitive n\u00eb favor t\u00eb drejtave nacionale sipas standard\u00ebve nd\u00ebrkomb\u00ebtare.<\/p>\n\n\n\n<p><br><strong>(Dhjetor 2021)<\/strong><\/p>\n","protected":false},"excerpt":{"rendered":"<p>N\u00eb munges\u00eb t\u00eb institucion\u00ebve t\u00eb ve\u00e7anta \u00e7\u00ebshtja e komunikimit n\u00eb mes popujve pakic\u00eb dhe institucion\u00ebve qeveritare n\u00eb mjediset multinacionale sikurse \u00ebsht\u00eb Mali i Zi, var\u00ebt sipas vullnetit politik t\u00eb pushtetit, q\u00eb edhe n\u00eb pluraliz\u00ebm nuk ka treguar gadishm\u00ebri t\u00eb avancimit t\u00eb barazis\u00eb praktike qytetare e nacionale sipas standard\u00ebve nd\u00ebrkomb\u00ebtare Nga Nail Draga N\u00eb rrethana t\u00eb [&hellip;]<\/p>\n","protected":false},"author":1,"featured_media":805,"comment_status":"open","ping_status":"open","sticky":false,"template":"","format":"standard","meta":{"_seopress_robots_primary_cat":"","_seopress_titles_title":"","_seopress_titles_desc":"","_seopress_robots_index":"","footnotes":""},"categories":[2,12],"tags":[384],"class_list":["post-30405","post","type-post","status-publish","format-standard","has-post-thumbnail","hentry","category-aktualitet","category-opinione","tag-nail-draga"],"_links":{"self":[{"href":"https:\/\/ulqini-online.com\/sajti\/index.php?rest_route=\/wp\/v2\/posts\/30405","targetHints":{"allow":["GET"]}}],"collection":[{"href":"https:\/\/ulqini-online.com\/sajti\/index.php?rest_route=\/wp\/v2\/posts"}],"about":[{"href":"https:\/\/ulqini-online.com\/sajti\/index.php?rest_route=\/wp\/v2\/types\/post"}],"author":[{"embeddable":true,"href":"https:\/\/ulqini-online.com\/sajti\/index.php?rest_route=\/wp\/v2\/users\/1"}],"replies":[{"embeddable":true,"href":"https:\/\/ulqini-online.com\/sajti\/index.php?rest_route=%2Fwp%2Fv2%2Fcomments&post=30405"}],"version-history":[{"count":1,"href":"https:\/\/ulqini-online.com\/sajti\/index.php?rest_route=\/wp\/v2\/posts\/30405\/revisions"}],"predecessor-version":[{"id":30406,"href":"https:\/\/ulqini-online.com\/sajti\/index.php?rest_route=\/wp\/v2\/posts\/30405\/revisions\/30406"}],"wp:featuredmedia":[{"embeddable":true,"href":"https:\/\/ulqini-online.com\/sajti\/index.php?rest_route=\/wp\/v2\/media\/805"}],"wp:attachment":[{"href":"https:\/\/ulqini-online.com\/sajti\/index.php?rest_route=%2Fwp%2Fv2%2Fmedia&parent=30405"}],"wp:term":[{"taxonomy":"category","embeddable":true,"href":"https:\/\/ulqini-online.com\/sajti\/index.php?rest_route=%2Fwp%2Fv2%2Fcategories&post=30405"},{"taxonomy":"post_tag","embeddable":true,"href":"https:\/\/ulqini-online.com\/sajti\/index.php?rest_route=%2Fwp%2Fv2%2Ftags&post=30405"}],"curies":[{"name":"wp","href":"https:\/\/api.w.org\/{rel}","templated":true}]}}