{"id":29999,"date":"2021-10-06T20:10:05","date_gmt":"2021-10-06T18:10:05","guid":{"rendered":"https:\/\/ulqini-online.com\/sajti\/?p=29999"},"modified":"2021-10-06T20:12:05","modified_gmt":"2021-10-06T18:12:05","slug":"abazoviq-te-promovohen-paqja-dhe-bashkepunimi-rajonal","status":"publish","type":"post","link":"https:\/\/ulqini-online.com\/sajti\/?p=29999","title":{"rendered":"Abazoviq: T\u00eb promovohen paqja dhe bashk\u00ebpunimi rajonal"},"content":{"rendered":"\n<div class=\"wp-block-image\"><figure class=\"aligncenter size-full is-resized\"><a href=\"https:\/\/ulqini-online.com\/sajti\/wp-content\/uploads\/2019\/04\/dritan-abazoviq.jpg\"><img loading=\"lazy\" decoding=\"async\" src=\"https:\/\/ulqini-online.com\/sajti\/wp-content\/uploads\/2019\/04\/dritan-abazoviq.jpg\" alt=\"\" class=\"wp-image-22399\" width=\"619\" height=\"599\" srcset=\"https:\/\/ulqini-online.com\/sajti\/wp-content\/uploads\/2019\/04\/dritan-abazoviq.jpg 347w, https:\/\/ulqini-online.com\/sajti\/wp-content\/uploads\/2019\/04\/dritan-abazoviq-300x290.jpg 300w\" sizes=\"auto, (max-width: 619px) 100vw, 619px\" \/><\/a><\/figure><\/div>\n\n\n\n<p>Qeveria e Malit t\u00eb Zi d\u00ebshiron t\u00eb promovoj\u00eb politik\u00ebn e paqes dhe t\u00eb bashk\u00ebpunimit nd\u00ebrmjet Malit t\u00eb Zi dhe Shqip\u00ebris\u00eb, por edhe t\u00eb kontribuoj\u00eb n\u00eb p\u00ebrmir\u00ebsimin e rrethanave n\u00eb Ballkan, ka theksuar n\u00ebnkryetari i Qeveris\u00eb Dritan Abazoviq. <\/p>\n\n\n\n<p>Si\u00e7 shkruan rtcg, nga kabineti i tij m\u00ebsohet se Abazoviq gjat\u00eb takimit n\u00eb Tiran\u00eb me ministrin shqiptar t\u00eb mbrojtjes Niko Peleshi ka theksuar se marr\u00ebdh\u00ebniet nd\u00ebrmjet dy shteteve jan\u00eb shum\u00eb t\u00eb mira. <br>\u201cK\u00ebto marr\u00ebdh\u00ebnie bazohen n\u00eb miq\u00ebsi dhe bashk\u00ebpunim , t\u00eb p\u00ebrforcuara me partneritetin n\u00eb kuad\u00ebr t\u00eb NATO-s dhe me synimet e p\u00ebrbashk\u00ebta n\u00eb politik\u00ebn rajonale dhe perspektiv\u00ebn evropiane\u201d, ka theksuar Abazoviq. <\/p>\n\n\n\n<p>Si\u00e7 kumtohet, Peleshi ka theksuar se madh\u00ebsia e shteteve n\u00eb sistemin e mbrojtjes kolektive nuk ka ndonj\u00eb r\u00ebnd\u00ebsi t\u00eb madhe. Ai ka shprehur p\u00ebrkushtimin e plot\u00eb t\u00eb Shqip\u00ebris\u00eb\u00a0 p\u00ebr rajonin stabil t\u00eb Ballkanin Per\u00ebndimor. Gjat\u00eb takimit \u00ebsht\u00eb konstatuar se Mali i Zi dhe Shqip\u00ebria ndjekin bashk\u00ebpunim konstruktiv dhe praktik\u00eb n\u00eb kuad\u00ebr t\u00eb NATO aleanc\u00ebs, por edhe n\u00eb kuad\u00ebr t\u00eb Iniciativave t\u00eb siguris\u00eb\u00a0 rajonale, \u00ebsht\u00eb kumtuar nga kabineti i n\u00ebnkryetarit Abazoviq.<\/p>\n","protected":false},"excerpt":{"rendered":"<p>Qeveria e Malit t\u00eb Zi d\u00ebshiron t\u00eb promovoj\u00eb politik\u00ebn e paqes dhe t\u00eb bashk\u00ebpunimit nd\u00ebrmjet Malit t\u00eb Zi dhe Shqip\u00ebris\u00eb, por edhe t\u00eb kontribuoj\u00eb n\u00eb p\u00ebrmir\u00ebsimin e rrethanave n\u00eb Ballkan, ka theksuar n\u00ebnkryetari i Qeveris\u00eb Dritan Abazoviq. Si\u00e7 shkruan rtcg, nga kabineti i tij m\u00ebsohet se Abazoviq gjat\u00eb takimit n\u00eb Tiran\u00eb me ministrin shqiptar t\u00eb [&hellip;]<\/p>\n","protected":false},"author":1,"featured_media":22399,"comment_status":"open","ping_status":"open","sticky":false,"template":"","format":"standard","meta":{"_seopress_robots_primary_cat":"","_seopress_titles_title":"","_seopress_titles_desc":"","_seopress_robots_index":"","footnotes":""},"categories":[2,3],"tags":[],"class_list":["post-29999","post","type-post","status-publish","format-standard","has-post-thumbnail","hentry","category-aktualitet","category-politike"],"_links":{"self":[{"href":"https:\/\/ulqini-online.com\/sajti\/index.php?rest_route=\/wp\/v2\/posts\/29999","targetHints":{"allow":["GET"]}}],"collection":[{"href":"https:\/\/ulqini-online.com\/sajti\/index.php?rest_route=\/wp\/v2\/posts"}],"about":[{"href":"https:\/\/ulqini-online.com\/sajti\/index.php?rest_route=\/wp\/v2\/types\/post"}],"author":[{"embeddable":true,"href":"https:\/\/ulqini-online.com\/sajti\/index.php?rest_route=\/wp\/v2\/users\/1"}],"replies":[{"embeddable":true,"href":"https:\/\/ulqini-online.com\/sajti\/index.php?rest_route=%2Fwp%2Fv2%2Fcomments&post=29999"}],"version-history":[{"count":2,"href":"https:\/\/ulqini-online.com\/sajti\/index.php?rest_route=\/wp\/v2\/posts\/29999\/revisions"}],"predecessor-version":[{"id":30001,"href":"https:\/\/ulqini-online.com\/sajti\/index.php?rest_route=\/wp\/v2\/posts\/29999\/revisions\/30001"}],"wp:featuredmedia":[{"embeddable":true,"href":"https:\/\/ulqini-online.com\/sajti\/index.php?rest_route=\/wp\/v2\/media\/22399"}],"wp:attachment":[{"href":"https:\/\/ulqini-online.com\/sajti\/index.php?rest_route=%2Fwp%2Fv2%2Fmedia&parent=29999"}],"wp:term":[{"taxonomy":"category","embeddable":true,"href":"https:\/\/ulqini-online.com\/sajti\/index.php?rest_route=%2Fwp%2Fv2%2Fcategories&post=29999"},{"taxonomy":"post_tag","embeddable":true,"href":"https:\/\/ulqini-online.com\/sajti\/index.php?rest_route=%2Fwp%2Fv2%2Ftags&post=29999"}],"curies":[{"name":"wp","href":"https:\/\/api.w.org\/{rel}","templated":true}]}}