{"id":29833,"date":"2021-09-09T13:01:18","date_gmt":"2021-09-09T11:01:18","guid":{"rendered":"https:\/\/ulqini-online.com\/sajti\/?p=29833"},"modified":"2021-09-09T13:01:18","modified_gmt":"2021-09-09T11:01:18","slug":"shba-new-york-xhamadani-shqiptar-qe-i-perket-simon-marash-dedvukaj-ne-muzeumin-kombetar-i-kujtimit-te-viktimave-te-11-shtatorit","status":"publish","type":"post","link":"https:\/\/ulqini-online.com\/sajti\/?p=29833","title":{"rendered":"SHBA\/New York: Xhamadani shqiptar q\u00eb i p\u00ebrket Simon Marash Dedvukaj n\u00eb Muzeumin Komb\u00ebtar i Kujtimit t\u00eb Viktimave t\u00eb 11 Shtatorit"},"content":{"rendered":"\n<div class=\"wp-block-image\"><figure class=\"aligncenter size-full is-resized\"><a href=\"https:\/\/ulqini-online.com\/sajti\/wp-content\/uploads\/2021\/09\/Xhamadani-shqiptar-Simon-Marash-Dedvukaj.jpg\"><img loading=\"lazy\" decoding=\"async\" src=\"https:\/\/ulqini-online.com\/sajti\/wp-content\/uploads\/2021\/09\/Xhamadani-shqiptar-Simon-Marash-Dedvukaj.jpg\" alt=\"\" class=\"wp-image-29834\" width=\"466\" height=\"622\" srcset=\"https:\/\/ulqini-online.com\/sajti\/wp-content\/uploads\/2021\/09\/Xhamadani-shqiptar-Simon-Marash-Dedvukaj.jpg 311w, https:\/\/ulqini-online.com\/sajti\/wp-content\/uploads\/2021\/09\/Xhamadani-shqiptar-Simon-Marash-Dedvukaj-225x300.jpg 225w\" sizes=\"auto, (max-width: 466px) 100vw, 466px\" \/><\/a><\/figure><\/div>\n\n\n\n<p><\/p>\n\n\n\n<p>Nga Beqir SINA \u2013 New York City<\/p>\n\n\n\n<p>Jeleku(Xhamadani) ka nj\u00eb ngjyr\u00eb t\u00eb kuqe t\u00eb rrezatueshme me detaje t\u00eb q\u00ebndisura, n\u00eb t\u00eb zez\u00eb q\u00eb simboliziojn\u00eb dy ngjyrat e flamurit Shqiptar . Ai \u00ebsht\u00eb dhurat\u00eb nga familja e Simon Marash Dedvukaj &#8211; Nik M. dhe Lisabeta Dedvukaj.<\/p>\n\n\n\n<p>NEW YORK CITY : \u201cMegjith\u00eb pik\u00ebllimin ton\u00eb t\u00eb p\u00ebrbashk\u00ebt pas 11 Shtatorit, shpresa, q\u00ebndrueshm\u00ebria dhe uniteti na ngrit\u00ebn si komb. Nj\u00ebzet vjet m\u00eb von\u00eb, k\u00ebto m\u00ebsime jan\u00eb m\u00eb t\u00eb r\u00ebnd\u00ebsishme se kurr\u00eb,\u201d shkruhet n\u00eb nj\u00eb shkrim n\u00eb hyrje t\u00eb Memorialit dhe Muzeut t\u00eb 11 Shtatorit.<\/p>\n\n\n\n<p>Sot, Memoriali dhe Muzeu i 11 Shtatorit q\u00ebndron si nj\u00eb fener sh\u00ebrimi dhe rinovimi &#8211; nj\u00eb mish\u00ebrim fizik i dhembshuris\u00eb q\u00eb i treguam nj\u00ebri -tjetrit, vendosm\u00ebris\u00eb q\u00eb i treguam bot\u00ebs dhe se si, p\u00ebrball\u00eb humbjes s\u00eb paimagjinueshme, u ngrit\u00ebm si nj\u00eb.<br>Gjat\u00eb k\u00ebtij viti t\u00eb p\u00ebrvjetorit t\u00eb 20 -t\u00eb, thot\u00eb Memoriali dhe Muzeu i 11 Shtatorit, ne do t\u00eb ndajm\u00eb historin\u00eb dhe m\u00ebsimet e nxjerra me nj\u00eb brez t\u00eb ri, do t&#8217;i m\u00ebsojm\u00eb ata p\u00ebr pasojat e vazhdueshme t\u00eb sulmeve t\u00eb 11 Shtatorit dhe do t\u00eb frym\u00ebzojm\u00eb bot\u00ebn me kujtime p\u00ebr forc\u00ebn, forc\u00ebn dhe q\u00ebndrueshm\u00ebrin\u00eb ton\u00eb. \u201c<\/p>\n\n\n\n<p>Muzeumin Komb\u00ebtar i Kujtimit t\u00eb Viktimave t\u00eb 11 Shtatorit<\/p>\n\n\n\n<p>Rreth dy miliard dollar do t\u00eb kushtonte Muzeumi Komb\u00ebtar i Kujtimit t\u00eb Viktimave t\u00eb 11 Shtatorit &#8211; &#8220;National September 11 Memorial &amp; Museum&#8221;, i ngritur n\u00eb vendin aty ku 20 vjet m\u00eb pare, ishin dy Kullat Binjake t\u00eb Qendr\u00ebs Bot\u00ebrore t\u00eb Treg\u00ebtis\u00eb<\/p>\n\n\n\n<p>Kurator\u00ebt e muzeumit dhe bordi i artitek\u00ebve, i k\u00ebtij\u00eb muzeu, e p\u00ebrfunduan at\u00eb n\u00eb vitin 2011, n\u00eb 10 vjetorin e tragjedis\u00eb m\u00eb t\u00eb madhe t\u00eb historis\u00eb moderrne, q\u00eb t\u00eb sjellin n\u00ebp\u00ebrmjet sendeve t\u00eb dhuruara e t\u00eb gjetura, emocione t\u00eb m\u00ebdha, lot\u00eb, mos harres\u00eb, dhe prekjen e thell\u00eb n\u00eb zem\u00ebr t\u00eb \u00e7do vizitori.<\/p>\n\n\n\n<p>Dokumentare dhe grafika do t\u00eb tregojn\u00eb pas vite e vitesh se sulmet e 2001-shit jan\u00eb t\u00eb organizuar nga terrorist\u00ebt dhe organizata Al Qaida. P\u00ebr k\u00ebt\u00eb do t\u00eb flasin provat n\u00eb dokumentaret q\u00eb shfaqen n\u00eb muzeumin Muzeumi Komb\u00ebtar i Kujtimit t\u00eb Viktimave t\u00eb 11 Shtatorit &#8211; &#8220;National September 11 Memorial &amp; Museum&#8221;, ku jan\u00eb gjetur dhe jan\u00eb vendosur n\u00eb stenda edhe mbeturinat e avionve q\u00eb u p\u00ebrplas\u00ebn n\u00eb WTC , e mbi Pentagon si dhe rr\u00ebzimit t\u00eb avionit n\u00eb Pensillvani.<\/p>\n\n\n\n<p>Presidenti i muzeumit, Joseph Daniels ka th\u00ebn\u00eb , : &#8220;Se jemi t\u00eb befasuar nga vullneti i familjeve t\u00eb viktimave, t\u00eb cil\u00ebt na kan\u00eb dhuruar vullnetarisht t\u00eb gjitha sendet, prej kartave t\u00eb indentitetit, k\u00ebpuc\u00ebt, unazat me vler\u00eb, byzylyk\u00ebt, portofol\u00ebt me dokumenta ose me t\u00eb holla, mbetje rrobash, letra t\u00eb shkruara para vdekjes, kompjutera, telefona celular, radio, makinat e parkuara rreth godinave, kukulla dhe fotografi t\u00eb personave t\u00eb humbur<\/p>\n\n\n\n<p>Simon Marash Dedvukaj<\/p>\n\n\n\n<p>Simon Dedvukaj ishte m\u00eb i riu nga t\u00eb tre shqiptar\u00ebt q\u00eb humb\u00ebn jet\u00ebn n\u00eb Manhatan. 26-vje\u00e7ari Dedvukaj punonte n\u00eb Qendr\u00ebn Bot\u00ebrore t\u00eb Tregtis\u00eb si p\u00ebrgjegj\u00ebs i punonj\u00ebsve t\u00eb mir\u00ebmbajtjes s\u00eb Kullave Binjake. Tashm\u00eb n\u00eb New York, \u00ebsht\u00eb ngritur fondacioni \u201cSimon M. Dedvukaj\u201d , ku q\u00ebllimi i k\u00ebtij fondacioni \u00ebsht\u00eb n\u00eb arsimimin dhe edukimin e brezave t\u00eb rinj p\u00ebr t\u00eb b\u00ebr\u00eb zgjedhjen e duhur n\u00eb jet\u00eb, p\u00ebr t\u2019i sh\u00ebrbyer jo vet\u00ebm vetes, por edhe familjeve dhe komunitetit ku ata jetojn\u00eb.<\/p>\n\n\n\n<p>I lindur n\u00eb Bronx, Simon Dedvukaj ishte i idh\u00ebtar p\u00ebr trash\u00ebgimin\u00eb e tij shqiptare q\u00eb n\u00eb mosh\u00eb t\u00eb re. Atij i p\u00eblqente t\u00eb d\u00ebgjonte histori familjare t\u00eb Shqip\u00ebris\u00eb dhe atje takoi gruan e tij, Elizabeta. Ata u vendos\u00ebn n\u00eb rrethinat \u201cLake Mohegan\u201d, n\u00eb Nju Jork, dhe do t\u00eb festonin p\u00ebrvjetorin e tyre t\u00eb par\u00eb n\u00eb Tetor 2001, nj\u00eb muaj para s\u00eb ai dhe afro tre mij\u00eb njer\u00ebz t\u00eb pafajsh\u00ebm, u ndan\u00eb nga kjo jet\u00eb nj\u00ebzet vjet m\u00eb par\u00eb, 11 Shtator 2001.<\/p>\n\n\n\n<p>Simon Marash Dedvukaj ishte nj\u00eb drejtues i mir\u00ebmbajtjes n\u00eb kompanin\u00eb \u201cABM Industries\u201d, ai ishte n\u00eb pun\u00eb lart n\u00eb Kull\u00ebn e Veriut m\u00eb 11 Shtator.<\/p>\n\n\n\n<p>Xhamadani shqiptar q\u00eb i p\u00ebrket Simon Marash Dedvukaj( Numri i An\u00ebtar\u00ebsimit: C.2011.1362.17) ndodhet n\u00eb pavionin e veshjeve t\u00eb dhuruara nga an\u00ebtar\u00ebt e familjeve t\u00eb viktimave n\u00eb Muzeumin Komb\u00ebtar i Kujtimit t\u00eb Viktimave t\u00eb 11 Shtatorit \u2013 n\u00eb \u201cGround Zero\u201d pjesa e poshtme e qytetit t\u00eb New Yorkut.<\/p>\n\n\n\n<p>Jeleku(Xhamadani), Shqiptar, ka nj\u00eb ngjyr\u00eb t\u00eb kuqe t\u00eb rrezatueshme me detaje t\u00eb q\u00ebndisura, n\u00eb t\u00eb zez\u00eb q\u00eb simboliziojn\u00eb dy ngjyrat e flamurit Shqiptar . Ai \u00ebsht\u00eb dhurat\u00eb nga familja e Simon Marash Dedvukaj &#8211; Nik M. dhe Lisabeta Dedvukaj.<\/p>\n","protected":false},"excerpt":{"rendered":"<p>Nga Beqir SINA \u2013 New York City Jeleku(Xhamadani) ka nj\u00eb ngjyr\u00eb t\u00eb kuqe t\u00eb rrezatueshme me detaje t\u00eb q\u00ebndisura, n\u00eb t\u00eb zez\u00eb q\u00eb simboliziojn\u00eb dy ngjyrat e flamurit Shqiptar . Ai \u00ebsht\u00eb dhurat\u00eb nga familja e Simon Marash Dedvukaj &#8211; Nik M. dhe Lisabeta Dedvukaj. NEW YORK CITY : \u201cMegjith\u00eb pik\u00ebllimin ton\u00eb t\u00eb p\u00ebrbashk\u00ebt pas [&hellip;]<\/p>\n","protected":false},"author":1,"featured_media":29834,"comment_status":"open","ping_status":"open","sticky":false,"template":"","format":"standard","meta":{"_seopress_robots_primary_cat":"","_seopress_titles_title":"","_seopress_titles_desc":"","_seopress_robots_index":"","footnotes":""},"categories":[2,5],"tags":[2963],"class_list":["post-29833","post","type-post","status-publish","format-standard","has-post-thumbnail","hentry","category-aktualitet","category-diaspora","tag-simon-marash-dedvukaj"],"_links":{"self":[{"href":"https:\/\/ulqini-online.com\/sajti\/index.php?rest_route=\/wp\/v2\/posts\/29833","targetHints":{"allow":["GET"]}}],"collection":[{"href":"https:\/\/ulqini-online.com\/sajti\/index.php?rest_route=\/wp\/v2\/posts"}],"about":[{"href":"https:\/\/ulqini-online.com\/sajti\/index.php?rest_route=\/wp\/v2\/types\/post"}],"author":[{"embeddable":true,"href":"https:\/\/ulqini-online.com\/sajti\/index.php?rest_route=\/wp\/v2\/users\/1"}],"replies":[{"embeddable":true,"href":"https:\/\/ulqini-online.com\/sajti\/index.php?rest_route=%2Fwp%2Fv2%2Fcomments&post=29833"}],"version-history":[{"count":1,"href":"https:\/\/ulqini-online.com\/sajti\/index.php?rest_route=\/wp\/v2\/posts\/29833\/revisions"}],"predecessor-version":[{"id":29835,"href":"https:\/\/ulqini-online.com\/sajti\/index.php?rest_route=\/wp\/v2\/posts\/29833\/revisions\/29835"}],"wp:featuredmedia":[{"embeddable":true,"href":"https:\/\/ulqini-online.com\/sajti\/index.php?rest_route=\/wp\/v2\/media\/29834"}],"wp:attachment":[{"href":"https:\/\/ulqini-online.com\/sajti\/index.php?rest_route=%2Fwp%2Fv2%2Fmedia&parent=29833"}],"wp:term":[{"taxonomy":"category","embeddable":true,"href":"https:\/\/ulqini-online.com\/sajti\/index.php?rest_route=%2Fwp%2Fv2%2Fcategories&post=29833"},{"taxonomy":"post_tag","embeddable":true,"href":"https:\/\/ulqini-online.com\/sajti\/index.php?rest_route=%2Fwp%2Fv2%2Ftags&post=29833"}],"curies":[{"name":"wp","href":"https:\/\/api.w.org\/{rel}","templated":true}]}}