{"id":29799,"date":"2021-09-04T11:21:57","date_gmt":"2021-09-04T09:21:57","guid":{"rendered":"https:\/\/ulqini-online.com\/sajti\/?p=29799"},"modified":"2021-09-04T11:21:57","modified_gmt":"2021-09-04T09:21:57","slug":"dita-nderkombetare-e-krimeve-te-totalitarizmit-pa-respektin-e-merituar","status":"publish","type":"post","link":"https:\/\/ulqini-online.com\/sajti\/?p=29799","title":{"rendered":"DITA ND\u00cbRKOMB\u00cbTARE E KRIMEVE T\u00cb TOTALITARIZMIT PA RESPEKTIN E MERITUAR"},"content":{"rendered":"\n<div class=\"wp-block-image\"><figure class=\"aligncenter size-full is-resized\"><a href=\"https:\/\/ulqini-online.com\/sajti\/wp-content\/uploads\/2021\/09\/DITA-NDERKOMBETARE-E-KRIMEVE-TE-TOTALITARIZMIT.jpg\"><img loading=\"lazy\" decoding=\"async\" src=\"https:\/\/ulqini-online.com\/sajti\/wp-content\/uploads\/2021\/09\/DITA-NDERKOMBETARE-E-KRIMEVE-TE-TOTALITARIZMIT.jpg\" alt=\"\" class=\"wp-image-29800\" width=\"592\" height=\"592\" srcset=\"https:\/\/ulqini-online.com\/sajti\/wp-content\/uploads\/2021\/09\/DITA-NDERKOMBETARE-E-KRIMEVE-TE-TOTALITARIZMIT.jpg 416w, https:\/\/ulqini-online.com\/sajti\/wp-content\/uploads\/2021\/09\/DITA-NDERKOMBETARE-E-KRIMEVE-TE-TOTALITARIZMIT-300x300.jpg 300w, https:\/\/ulqini-online.com\/sajti\/wp-content\/uploads\/2021\/09\/DITA-NDERKOMBETARE-E-KRIMEVE-TE-TOTALITARIZMIT-150x150.jpg 150w\" sizes=\"auto, (max-width: 592px) 100vw, 592px\" \/><\/a><\/figure><\/div>\n\n\n\n<p><a><\/a><strong>Diskursi politik<\/strong><strong><\/strong><\/p>\n\n\n\n<p><em>P\u00ebrkujtimi i datave t\u00eb sh\u00ebnuara paraqet moment t\u00eb ve\u00e7ant\u00eb nderimi dhe respekti qytetar e institucional n\u00eb \u00e7do vend t\u00eb bot\u00ebs, por, kur b\u00ebh\u00ebt fjal\u00eb p\u00ebr data n\u00eb nivel nd\u00ebrkomb\u00ebtar\u00a0 sikurse \u00ebsht\u00eb 23 gushti\u00a0\u00a0 qe paraqet <strong>Dit\u00ebn Europiane t\u00eb Kujtimit t\u00eb Viktimave t\u00eb Regjimeve Totalitare, ka pesh\u00eb t\u00eb ve\u00e7ant\u00eb nderimi e p\u00ebrkujtimi ndaj viktimave t\u00eb regjimeve totalitare.<\/strong><\/em><\/p>\n\n\n\n<p><strong><em>Por, ndon\u00ebse jan\u00eb b\u00ebr\u00eb tre dekada nga falemintimi i komunizmit si ideologji e socializmit si r\u00ebnd shoq\u00ebror&nbsp; n\u00eb vendet e ish kampit socialist ende ka hezitim n\u00eb p\u00ebrkujtimin e dit\u00ebs s\u00eb krimeve t\u00eb nazizmit dhe t\u00eb komunizmit, q\u00eb d\u00ebshmon munges\u00eb respekti ndaj viktimave n\u00eb vendet e tyre. Nj\u00eb qendrim i till\u00eb abuzues u v\u00ebrejt dit\u00eb m\u00eb par\u00eb sepse me 23 gusht si n\u00eb Shqip\u00ebri, Kosov\u00eb, Maqedoni t\u00eb Veriut dhe Mal t\u00eb Zi mungoj sh\u00ebnimi i k\u00ebsaj <\/em><\/strong><strong><em>Dite t\u00eb Kujtes\u00ebs <\/em><\/strong><strong><em>&nbsp;q\u00eb d\u00ebshmon&nbsp; mohimin e heshtur &nbsp;t\u00eb institucion\u00ebve qeveritare ndaj viktimave t\u00eb totalitarizmit<\/em><\/strong><\/p>\n\n\n\n<p><strong>Nail&nbsp; Draga<\/strong><\/p>\n\n\n\n<p>N\u00eb saj\u00eb t\u00eb Deklarat\u00ebs s\u00eb Parlamentit Europian nga data 23 shtator 2008, Dita e 23 gushtit n\u00eb Europ\u00eb \u00ebsht\u00eb shpallur <em>Dita Europiane e Kujtimit t\u00eb Viktimave t\u00eb Regjimeve Totalitare<\/em>. Kemi t\u00eb b\u00ebjm\u00eb me&nbsp; nj\u00eb dat\u00eb simbolike, sepse me 23 gusht t\u00eb vitit&nbsp; 1939 \u00ebsht\u00eb n\u00ebnshkruar Pakti Ribentrop-Molotov, n\u00eb lidhje me mossulmimin n\u00eb mes Gjermanis\u00eb e Bashkimit Sovjetik.<\/p>\n\n\n\n<p>Nj\u00eb pakt i till\u00eb u pasua nga nj\u00eb traktat p\u00ebr tregtin\u00eb, por duhet cekur se pal\u00ebt n\u00eb m\u00ebnyr\u00eb sekrete n\u00ebnshkruan shtesa t\u00eb Paktit&nbsp; n\u00eb protokoll, q\u00eb ishte t\u00eb ndante Evrop\u00ebn Qendrore sipas interesave, sferave t\u00eb influenc\u00ebs p\u00ebr pal\u00ebt, nga Finlanda, vendet baltike, Besarabia dhe Polonia lindore t\u00eb ishin n\u00eb sfer\u00ebn e ndikimit sovjetik, nd\u00ebrsa Polonia Per\u00ebndimore t\u00eb ishin n\u00ebn sfer\u00ebn gjermane, q\u00eb d\u00ebshmohet nga harta.<\/p>\n\n\n\n<p>Se kemi pasur t\u00eb b\u00ebjm\u00eb me intrigat politike t\u00eb k\u00ebtij pakti n\u00eb mes dy vendeve t\u00eb cilat kishin aspiratat pushtuese ndaj vendeve tjera, d\u00ebshmon e dh\u00ebna se nj\u00eb jav\u00eb m\u00eb pas, e pik\u00ebrisht me 1 shtator 1939, gjermanet sulmuan Polonin\u00eb, duke sh\u00ebnuar dit\u00ebn e par\u00eb t\u00eb hapj\u00ebs s\u00eb frontit n\u00eb Luft\u00ebn e Dyt\u00eb Bot\u00ebrore. Po ashtu edhe Bashkimi Sovjetik pushtoi pjes\u00ebn lindore t\u00eb Polonis\u00eb me 17 shtator 1939, duke d\u00ebshmuar n\u00eb praktik\u00eb mar\u00ebveshj\u00ebn sekrete n\u00eb mes dy vendeve, me pasoja t\u00eb m\u00ebdha komb\u00ebtare p\u00ebr popullsin\u00eb polake por edhe vendet tjera q\u00eb u pushtuan n\u00eb em\u00ebr t\u00eb ideologjis\u00eb komuniste, q\u00eb u d\u00ebshmu me p\u00ebrfundimin e Luft\u00ebs s\u00eb Dyt\u00eb Bot\u00ebrore.<\/p>\n\n\n\n<p>Por, n\u00eb rrethana t\u00eb reja shoq\u00ebrore pas&nbsp; falimentimit t\u00eb ideologjis\u00eb komuniste dhe d\u00ebshtimit t\u00eb sistemit socialist, duke filluar me r\u00ebnien e Murit t\u00eb Berlinit(8.11.1989) dhe miratimit t\u00eb pluralizmit n\u00eb vendet e ish kampit socialist, filloj rishkrimi i historis\u00eb me argumente, duke d\u00ebshmuar vuajtjet e p\u00ebrsekutimet e qytetar\u00ebve n\u00eb sistemet totalitare. Dhe \u00ebsht\u00eb kjo koha e liris\u00eb personale e shoq\u00ebrore e cila ka eliminuar paragjykimet duke shpalosur t\u00eb kaluar\u00ebn e popujve n\u00ebn pushtetet diktatoriale komuniste me pasoja t\u00eb m\u00ebdha p\u00ebr qytetar\u00ebt e tyre vend\u00ebve, ku as shqiptar\u00ebt nuk ishin p\u00ebrjashtim, me pasoja t\u00eb m\u00ebdha shoq\u00ebrore dhe komb\u00ebtare.<\/p>\n\n\n\n<p><strong>Dita e viktimave n\u00eb Mal t\u00eb Zi ende e pa p\u00ebrcaktuar<\/strong><\/p>\n\n\n\n<p>N\u00eb lidhje me k\u00ebt\u00eb \u00e7\u00ebshtje &nbsp;Kuvendi i Malit t\u00eb Zi n\u00eb vitin 2006&nbsp; ka miratuar Rezolutat e K\u00ebshillit t\u00eb Europ\u00ebs: nr. 1096, nga viti 1996<strong>, \u201cMasat p\u00ebr t\u00eb \u00e7rr\u00ebnjosur trash\u00ebgimin\u00eb e sistemeve totalitare komuniste\u201d, <\/strong>dhe nr. 1481, nga viti 2006<strong> \u201cDomosdoshm\u00ebria p\u00ebr d\u00ebnimin nd\u00ebrkomb\u00ebtar t\u00eb krimeve t\u00eb regjimeve totalitare komuniste<\/strong>\u201d, por dita e kujtimit t\u00eb tyre viktimave deri m\u00eb tash \u00ebnde nuk \u00ebsht\u00eb p\u00ebrcaktuar. Nga nj\u00eb qendrim i till\u00eb pushteti n\u00eb Mal t\u00eb Zi nuk ka respektuar rekomandimin e Parlamentit Europian, duke d\u00ebshmuar munges\u00ebn e vullnetit politik p\u00ebr tu ballafaquar me t\u00eb kaluar\u00ebn.<\/p>\n\n\n\n<p>Po ashtu, Parlamenti europian ka miratuar rekomandimin ku theksohet q\u00eb \u00e7do vend duhet t\u00eb p\u00ebrcaktoj\u00eb koh\u00ebn dhe m\u00ebnyr\u00ebn e sh\u00ebnimit t\u00eb kujtimit ndaj viktimave t\u00eb regjimeve totalitare, duke ia p\u00ebrshtatur historis\u00eb dhe tradit\u00ebs s\u00eb tyre. Por, me gjith\u00eb obligimet e detyrueshme deri m\u00eb tash n\u00eb Mal t\u00eb Zi kemi nj\u00eb heshtje n\u00eb k\u00ebt\u00eb drejtim, andaj edhe sot nuk ekziton nj\u00eb dat\u00eb e cila do t\u00eb sh\u00ebnohej si <em>Dita e kujtes\u00ebs s\u00eb viktimave t\u00eb komunizmit<\/em>, sikurse kan\u00eb vepruar vendet tjera nga ish kampi socialist.<\/p>\n\n\n\n<p><strong>Qasje t\u00eb dyfishta t\u00eb pushtetit<\/strong><\/p>\n\n\n\n<p><br>Me k\u00ebt\u00eb rast &nbsp;duhet cekur se Kuvendi i Malit t\u00eb Zi n\u00eb vitin 1992 ka miratuar Deklarat\u00ebn s\u00eb shteti obligohet t\u00eb rehabilitoj\u00eb viktimat e Goli Otokut(1948), si dhe t\u00eb&nbsp; d\u00ebmshp\u00ebrblej\u00eb familjet e tyre, \u00e7\u00ebshtje e cila ende nuk \u00ebsht\u00eb p\u00ebrmbyllur nga qeveria.<br>Nga nj\u00eb qendrim i till\u00eb del qart\u00eb&nbsp; se kemi standarde t\u00eb dyfishta, duke eliminuar krimet para vitit 1948, ku trajtojn\u00eb vet\u00ebm ata t\u00eb Goli Otokut, athu se krimet e komunizmit kan\u00eb fillu nga ajo koh\u00eb, e jo&nbsp; m\u00eb par\u00eb nga instalimi i komunist\u00ebve n\u00eb n\u00ebntor t\u00eb vitit 1944. Nj\u00eb qasje e till\u00eb \u00ebsht\u00eb diskriminuese sepse do t\u00eb legalizoheshin krimet e m\u00eb hershme, nd\u00ebrsa viktimat do t\u00eb mbeteshin t\u00eb pa evidentuara nd\u00ebrsa ekzekutor\u00ebt t\u00eb pa ndeshkuar.<\/p>\n\n\n\n<p>Pra, qasja duhet t\u00eb jet\u00eb e pranueshme p\u00ebr t\u00eb gjith\u00eb e jo t\u00eb ket\u00eb diferencime, n\u00eb aspektin komb\u00ebtar, sepse represioni ka pasur&nbsp; p\u00ebrmasa t\u00eb m\u00ebdha var\u00ebsisht rrethanave shoq\u00ebrore. N\u00eb k\u00ebt\u00eb aspekt deri m\u00eb tash&nbsp; nuk jan\u00eb cekur fare viktimat e shqiptar\u00ebve, sikurse \u00ebsht\u00eb Masakra e Tivarit(1.4.1945), por edhe t\u00eb shqiptar\u00ebve t\u00eb tjer\u00eb nga Ulqini n\u00eb jug e Rozhaja n\u00eb veri,&nbsp; duke mbetur tem\u00eb e pa hulumtuar p\u00ebr opinion e gjer\u00eb n\u00eb Mal t\u00eb Zi.<\/p>\n\n\n\n<p><strong>Krimeve nuk iu skadon afati kohor<\/strong><\/p>\n\n\n\n<p>Por, n\u00eb deklarat\u00ebn e Parlamentit europian&nbsp; t\u00eb miratuar n\u00eb shtator t\u00eb vitit&nbsp; 2008, n\u00eb kujtim t\u00eb viktimave t\u00eb komunizmit dhe nazizmit thuhet se <em>\u201en\u00eb baz\u00eb t\u00eb ligjit nd\u00ebrkomb\u00ebtar, nuk skadon kurr\u00eb afati p\u00ebr d\u00ebnimin e krimeve t\u00eb luft\u00ebs dhe krimeve kund\u00ebr njer\u00ebzimit\u201c. <\/em>Andaj, p\u00ebr t\u00eb trajtuar \u00e7\u00ebshtjet e tilla duhet pritur nj\u00eb moment tjet\u00ebr m\u00eb t\u00eb p\u00ebrshtash\u00ebm sepse p\u00ebr tash&nbsp; nuk ekziston vullneti politik i pushtetit, p\u00ebr ballafaqim m\u00eb t\u00eb shkuar\u00ebn e krimeve t\u00eb komunizmit n\u00eb Mal t\u00eb Zi.<\/p>\n\n\n\n<p>Pik\u00ebrisht duke marr\u00eb parasysh s\u00eb nuk ekziston qasje unike mendoj se duhet&nbsp; inicuar Ligjin p\u00ebr t\u00eb rehabilituar qytetar\u00ebt t\u00eb cil\u00ebt kan\u00eb p\u00ebrjetuar krime nga koha e komunizmit, nga viti 1944-1990. Madje duhet parapar\u00eb d\u00ebmshp\u00ebrblimin ndaj familjeve t\u00eb viktimizuara, sepse vet\u00ebm n\u00eb k\u00ebt\u00eb m\u00ebnyr\u00eb do t\u00eb eliminohej nj\u00eb padrejt\u00ebsi ndaj qytetar\u00ebve t\u00eb pafajsh\u00ebm n\u00eb kohen e komunizmit.<\/p>\n\n\n\n<p><strong>Shqip\u00ebria vendi me i p\u00ebrsekutuar n\u00eb ish kampin socialist<\/strong><\/p>\n\n\n\n<p>Si askush tjet\u00ebr n\u00eb Europ\u00eb, shqiptar\u00ebt nga Shqip\u00ebria kan\u00eb arsy ta p\u00ebrkujtojn\u00eb k\u00ebt\u00eb dit\u00eb, sepse&nbsp; nga pushteti komunist i instaluar jan\u00eb ekzekutuar m\u00eb mij\u00ebra me dhe pa gjyq, p\u00ebr liri dhe demokraci p\u00ebr t\u00eb nd\u00ebrtuar nj\u00eb shoq\u00ebri sipas vlerave demokratike europiane. T\u00eb dh\u00ebnat p\u00ebr periudh\u00ebn kohore n\u00eb Shqip\u00ebri (1944-1991) jan\u00eb trishtuese q\u00eb iu ka tejkaluar nazist\u00ebve, e ate nga pushtetar\u00ebt vendas n\u00eb em\u00ebr t\u00eb ideologjis\u00eb komuniste. Deri me tash statistika n\u00eb Shqip\u00ebri ka dh\u00ebn\u00eb k\u00ebto informacione: 34,135 shqiptar\u00eb jan\u00eb burgosur dhe d\u00ebnuar p\u00ebr arsye politike,<\/p>\n\n\n\n<p>59,009 qytetar\u00eb u internuan n\u00eb kampe p\u00ebrqendrimi, 7.022 prej tyre vdiq\u00ebn prej trajtimit shatazarak, 984 persona kan\u00eb vdekur n\u00eb burgjet e regjimit, 6.027 burra dhe gra, djem dhe vajza u ekzekutuan me dhe pa gjyq gjat\u00eb diktatur\u00ebs. Nd\u00ebrsa nga torturat dhe d\u00ebnimet e koh\u00ebs, 308 persona kan\u00eb humbur aft\u00ebsit\u00eb mendore gjat\u00eb q\u00ebndrimit n\u00eb burgjet e komunizmit.<\/p>\n\n\n\n<p>Krimi komunist shqiptar \u00ebsht\u00eb krimi m\u00eb i r\u00ebnd\u00eb komunist n\u00eb Europ\u00eb, por akoma m\u00eb e r\u00ebnd\u00eb se ky krim, \u00ebsht\u00eb zhdukja e gjurm\u00ebve t\u00eb krimit. Mosgjetja e eshtrave t\u00eb mbi 4500 t\u00eb ekzekutuarve me dhe pa gjyq, d\u00ebshmon se pushteti kriminal si qellim kishte p\u00ebr t\u00eb zhdukur edhe gjurm\u00ebt e krimit t\u00eb tyre.<\/p>\n\n\n\n<p><strong>Mungon memoriali i krimeve t\u00eb komunizmit<\/strong><\/p>\n\n\n\n<p>Ndon\u00ebse jan\u00eb b\u00ebr\u00eb &nbsp;tri dekada nga falemintimi i komunizmit si ideologji e socializmit si r\u00ebnd shoq\u00ebror, ndaj \u00e7\u00ebshtj\u00ebs s\u00eb krimeve t\u00eb komunizmit nuk \u00ebsht\u00eb b\u00ebr\u00eb aq sa ata meritojn\u00eb, nderimin e sakrific\u00ebs p\u00ebr lirin\u00eb dhe demokracin\u00eb n\u00eb Shqip\u00ebri. Inicimi dhe inaugurimi &nbsp;i nj\u00eb memoriali p\u00ebrkujtimor n\u00eb Tiran\u00eb, Prishtin\u00eb e Shkup, &nbsp;\u00ebsht\u00eb obligim moral dhe komb\u00ebtar n\u00eb nderim t\u00eb&nbsp; sakrific\u00ebs se tyre q\u00eb kan\u00eb kontribuar&nbsp; p\u00ebr lirin\u00eb dhe&nbsp; demokracin\u00eb. &nbsp;&nbsp;<\/p>\n\n\n\n<p>P\u00ebrkujtimi i <em>Dit\u00ebs s\u00eb Kujtes\u00ebs<\/em> \u00ebsht\u00eb \u00e7\u00ebshtje e nd\u00ebrgjegj\u00ebs e obligim qytetar e qeveritar&nbsp; ndaj viktimave t\u00eb&nbsp; komunizmit dhe nazizmit, si\u00e7 ishin&nbsp; burgosjet, vrasjet, deportimet, internimet, kampet e pun\u00ebs, izolimet etj., me pasoja t\u00eb m\u00ebdha shoq\u00ebrore e komb\u00ebtare, andaj duhet p\u00ebrkujtuar \u00e7do vit, por patjet\u00ebr t\u00eb prezantohen &nbsp;n\u00eb tekstet shkollore si d\u00ebshmi p\u00ebr brezat e sot\u00ebm e ato q\u00eb do t\u00eb vijn\u00eb m\u00eb pas.<\/p>\n\n\n\n<p><em>(1 shtator &nbsp;2021)<\/em><\/p>\n","protected":false},"excerpt":{"rendered":"<p>Diskursi politik P\u00ebrkujtimi i datave t\u00eb sh\u00ebnuara paraqet moment t\u00eb ve\u00e7ant\u00eb nderimi dhe respekti qytetar e institucional n\u00eb \u00e7do vend t\u00eb bot\u00ebs, por, kur b\u00ebh\u00ebt fjal\u00eb p\u00ebr data n\u00eb nivel nd\u00ebrkomb\u00ebtar\u00a0 sikurse \u00ebsht\u00eb 23 gushti\u00a0\u00a0 qe paraqet Dit\u00ebn Europiane t\u00eb Kujtimit t\u00eb Viktimave t\u00eb Regjimeve Totalitare, ka pesh\u00eb t\u00eb ve\u00e7ant\u00eb nderimi e p\u00ebrkujtimi ndaj viktimave [&hellip;]<\/p>\n","protected":false},"author":1,"featured_media":29800,"comment_status":"open","ping_status":"open","sticky":false,"template":"","format":"standard","meta":{"_seopress_robots_primary_cat":"","_seopress_titles_title":"","_seopress_titles_desc":"","_seopress_robots_index":"","footnotes":""},"categories":[2,12],"tags":[384],"class_list":["post-29799","post","type-post","status-publish","format-standard","has-post-thumbnail","hentry","category-aktualitet","category-opinione","tag-nail-draga"],"_links":{"self":[{"href":"https:\/\/ulqini-online.com\/sajti\/index.php?rest_route=\/wp\/v2\/posts\/29799","targetHints":{"allow":["GET"]}}],"collection":[{"href":"https:\/\/ulqini-online.com\/sajti\/index.php?rest_route=\/wp\/v2\/posts"}],"about":[{"href":"https:\/\/ulqini-online.com\/sajti\/index.php?rest_route=\/wp\/v2\/types\/post"}],"author":[{"embeddable":true,"href":"https:\/\/ulqini-online.com\/sajti\/index.php?rest_route=\/wp\/v2\/users\/1"}],"replies":[{"embeddable":true,"href":"https:\/\/ulqini-online.com\/sajti\/index.php?rest_route=%2Fwp%2Fv2%2Fcomments&post=29799"}],"version-history":[{"count":1,"href":"https:\/\/ulqini-online.com\/sajti\/index.php?rest_route=\/wp\/v2\/posts\/29799\/revisions"}],"predecessor-version":[{"id":29801,"href":"https:\/\/ulqini-online.com\/sajti\/index.php?rest_route=\/wp\/v2\/posts\/29799\/revisions\/29801"}],"wp:featuredmedia":[{"embeddable":true,"href":"https:\/\/ulqini-online.com\/sajti\/index.php?rest_route=\/wp\/v2\/media\/29800"}],"wp:attachment":[{"href":"https:\/\/ulqini-online.com\/sajti\/index.php?rest_route=%2Fwp%2Fv2%2Fmedia&parent=29799"}],"wp:term":[{"taxonomy":"category","embeddable":true,"href":"https:\/\/ulqini-online.com\/sajti\/index.php?rest_route=%2Fwp%2Fv2%2Fcategories&post=29799"},{"taxonomy":"post_tag","embeddable":true,"href":"https:\/\/ulqini-online.com\/sajti\/index.php?rest_route=%2Fwp%2Fv2%2Ftags&post=29799"}],"curies":[{"name":"wp","href":"https:\/\/api.w.org\/{rel}","templated":true}]}}