{"id":29795,"date":"2021-09-02T13:19:22","date_gmt":"2021-09-02T11:19:22","guid":{"rendered":"https:\/\/ulqini-online.com\/sajti\/?p=29795"},"modified":"2021-09-02T13:19:22","modified_gmt":"2021-09-02T11:19:22","slug":"nje-shtepi-e-ndare-dhe-e-percare-kunder-vetes-nuk-mund-te-qendroje","status":"publish","type":"post","link":"https:\/\/ulqini-online.com\/sajti\/?p=29795","title":{"rendered":"&#8220;NJ\u00cb SHT\u00cbPI E NDAR\u00cb DHE E P\u00cbR\u00c7AR\u00cb KUND\u00cbR VETES, NUK MUND T\u00cb Q\u00cbNDROJ\u00cb\u201d"},"content":{"rendered":"\n<div class=\"wp-block-image\"><figure class=\"aligncenter size-full is-resized\"><a href=\"https:\/\/ulqini-online.com\/sajti\/wp-content\/uploads\/2021\/09\/vuciq-rama-zaev-kurti-plenkoviq.jpg\"><img loading=\"lazy\" decoding=\"async\" src=\"https:\/\/ulqini-online.com\/sajti\/wp-content\/uploads\/2021\/09\/vuciq-rama-zaev-kurti-plenkoviq.jpg\" alt=\"\" class=\"wp-image-29796\" width=\"804\" height=\"330\" srcset=\"https:\/\/ulqini-online.com\/sajti\/wp-content\/uploads\/2021\/09\/vuciq-rama-zaev-kurti-plenkoviq.jpg 674w, https:\/\/ulqini-online.com\/sajti\/wp-content\/uploads\/2021\/09\/vuciq-rama-zaev-kurti-plenkoviq-300x123.jpg 300w\" sizes=\"auto, (max-width: 804px) 100vw, 804px\" \/><\/a><\/figure><\/div>\n\n\n\n<p>Nga Frank Shkreli<\/p>\n\n\n\n<p>Kjo th\u00ebnje \u00ebsht\u00eb p\u00ebrdorur nga Presidenti i Shteteve t\u00eb Bashkuara, Abraham Linkolni, n\u00eb koh\u00ebn e Luft\u00ebs Civile midis jugut dhe veriut n\u00eb Shtetet e Bashkuara, 1861-1865 dhe t\u00eb tjer\u00eb pas tij, por q\u00eb rr\u00ebnj\u00ebn e ka n\u00eb Bib\u00ebl (Mark 3:25). Kuptimi i s\u00eb cil\u00ebs \u00ebsht\u00eb se nj\u00eb komb i ndar\u00eb e i p\u00ebr\u00e7ar\u00eb kund\u00ebr vetvetes nuk mund t\u00eb q\u00ebndroj, ashtu si nuk mund t\u00eb q\u00ebndroj\u00eb e t\u00eb mbijetoj\u00eb as edhe nj\u00eb familje kur antar\u00ebt e saj nuk merren vesh me nj\u00ebri tjetrin. Shikoni k\u00ebto dy fotografi m\u00eb posht\u00eb dhe do t\u00eb kuptoni menj\u00ebher\u00eb se p\u00ebr ke due p\u00ebr \u00e7ka e kam fjal\u00ebn. N\u00eb Bled t\u00eb Sllovenis\u00eb, Kryeministri i Shqip\u00ebris\u00eb, Edi Rama me Presidentin e Serbis\u00eb Aleksand\u00ebr Vu\u00e7iq dhe me Kryeministrin Zoran Zaev t\u00eb Maqedonis\u00eb s\u00eb Veriut (propozues t\u00eb Lidhjes \u201cBallkani i Hapur\u201d dhe n\u00eb foton tjet\u00ebr, Kryeministri i Republik\u00ebs s\u00eb Kosov\u00ebs, Albin Kurti me Kryeminstrin e Kroacis\u00eb, Andrej Plenkoviq, t\u00eb cil\u00ebt, sipas medias, biseduan p\u00ebr antar\u00ebsimin e Kosov\u00ebs n\u00eb BE dhe n\u00eb NATO, antar\u00ebsim p\u00ebr t\u00eb cilin Kroacia u angazhua plot\u00ebsisht p\u00ebr t\u00eb ndihmuar Kosov\u00ebn n\u00eb k\u00ebt\u00eb rrug\u00eb.<\/p>\n\n\n\n<p>I shikoj k\u00ebto foto dhe nuk u besoj syve mi, jo se k\u00ebto fotografi tregojn\u00eb ndonj\u00eb gj\u00eb t\u00eb re n\u00eb politik\u00ebn ballkanase t\u00eb dy dekadave t\u00eb fundit, pasi k\u00ebto foto pasqyrojn\u00eb realitetin fatkeq, sidomos, t\u00eb marr\u00ebdh\u00ebnieve shqiptaro-shqiptare p\u00ebr disa vite tani, por p\u00ebr zhg\u00ebnjimin tim personal dhe besoj edhe t\u00eb shum\u00eb shqiptar\u00ebve an\u00eb e mban\u00eb trojeve shqiptare dhe n\u00eb diaspor\u00eb, p\u00ebr marr\u00ebdh\u00ebniet n\u00eb familjen e p\u00ebrbashk\u00ebt shqiptare.&nbsp; Shikoj k\u00ebto fotografi dhe pyes veten se cila, n\u00eb t\u00eb v\u00ebrtet\u00eb, \u00ebsht\u00eb struktura e marr\u00ebdh\u00ebnieve aktuale t\u00eb Kombit shqiptar an\u00eb e mban\u00eb trojeve t\u00eb veta. Shikoj dhe pyes se cilat jan\u00eb shpresat e p\u00ebrbashk\u00ebta \u2013 n\u00ebqoftse ekzistojn\u00eb \u2013 dhe n\u00ebse ekziston besimi i nd\u00ebrsjellt\u00eb se Kombi shqiptar \u00ebsht\u00eb dhe mbetet nj\u00eb popull i vet\u00ebm i bashkuar me lidhje t\u00eb p\u00ebrhershme, n\u00eb mbrojtje t\u00eb interesave t\u00eb p\u00ebrbashk\u00ebta komb\u00ebtare.<\/p>\n\n\n\n<p>I shikoj k\u00ebto foto dhe i them vetes, mos u zhg\u00ebnje se kjo \u00ebsht\u00eb nj\u00eb periudh\u00eb e p\u00ebrkoh\u00ebshme, populli shqiptar do t\u00eb dij\u00eb t\u00eb tejkaloj\u00eb edhe k\u00ebt\u00eb situat\u00eb absurde t\u00eb krijuar midis dy familjeve shqiptare \u2013 Shqip\u00ebri-Kosov\u00eb \u2013 se shqiptar\u00ebt e thjesht\u00eb, nga t\u00eb dy an\u00ebt e kufirit shqiptaro-shqiptar dhe jo politikan\u00ebt e tyre, do t\u00eb jen\u00eb forca q\u00eb bashkon dhe jo forca q\u00eb ndan\u00eb e p\u00ebr\u00e7an\u00eb. Do t\u00eb jet\u00eb nj\u00eb brez tjet\u00ebr shqiptar\u00ebsh q\u00eb do t\u00eb jet\u00eb i vetdijsh\u00ebm i detyrave dhe objektivave t\u00eb pa realizuara gjat\u00eb shekujsh, p\u00ebr t\u2019i arritur k\u00ebto objektiva, sipas fjal\u00ebve t\u00eb Linkolnit, me<\/p>\n\n\n\n<p>&#8220;Armiq\u00ebsi kunder askujt, me mir\u00ebsi ndaj t\u00eb gjith\u00ebve&#8230;&#8221;, me bindjen se<\/p>\n\n\n\n<p>lufta p\u00ebr liri dhe demokraci nuk mund t\u00eb shuhet kurr\u00eb dhe se p\u00ebrpjekjet p\u00ebr t\u00eb drejta t\u00eb barabarta dhe p\u00ebr nj\u00eb jet\u00eb m\u00eb t\u00eb mir\u00eb p\u00ebr t\u00eb gjith\u00eb nuk do t\u00eb ndalen asnj\u00ebher\u00eb dhe n\u00eb t\u00eb nj\u00ebjt\u00ebn koh\u00eb, liria dhe demokracia\u2014megjith\u00eb t\u00eb metat e saj &#8212; \u00ebsht\u00eb gjithnj\u00eb shpresa m\u00eb e mir\u00eb p\u00ebr t\u00eb gjith\u00eb popujt an\u00eb e mbane bot\u00ebs, p\u00ebrfshir popujt e Ballkanit. Sidomos p\u00ebr popullin shqiptar, megjith\u00ebse udh\u00ebheq\u00ebsit aktual\u00eb &#8212; t\u00eb cil\u00ebt p\u00ebr interesa jo komb\u00ebtare n\u00eb k\u00ebt\u00eb proces e sip\u00ebr flirtimesh t\u00eb rrezikshme politike n\u00eb kurriz t\u00eb interesave komb\u00ebtare &#8212; po luajn\u00eb me fatin e tyre duke rrezikuar dhe p\u00ebr\u00e7ar\u00eb, k\u00ebshtu, sht\u00ebpin\u00eb e tyre t\u00eb p\u00ebrbashk\u00ebt shqiptare.<\/p>\n\n\n\n<p><\/p>\n","protected":false},"excerpt":{"rendered":"<p>Nga Frank Shkreli Kjo th\u00ebnje \u00ebsht\u00eb p\u00ebrdorur nga Presidenti i Shteteve t\u00eb Bashkuara, Abraham Linkolni, n\u00eb koh\u00ebn e Luft\u00ebs Civile midis jugut dhe veriut n\u00eb Shtetet e Bashkuara, 1861-1865 dhe t\u00eb tjer\u00eb pas tij, por q\u00eb rr\u00ebnj\u00ebn e ka n\u00eb Bib\u00ebl (Mark 3:25). Kuptimi i s\u00eb cil\u00ebs \u00ebsht\u00eb se nj\u00eb komb i ndar\u00eb e i [&hellip;]<\/p>\n","protected":false},"author":1,"featured_media":29796,"comment_status":"open","ping_status":"open","sticky":false,"template":"","format":"standard","meta":{"_seopress_robots_primary_cat":"","_seopress_titles_title":"","_seopress_titles_desc":"","_seopress_robots_index":"","footnotes":""},"categories":[2,12],"tags":[],"class_list":["post-29795","post","type-post","status-publish","format-standard","has-post-thumbnail","hentry","category-aktualitet","category-opinione"],"_links":{"self":[{"href":"https:\/\/ulqini-online.com\/sajti\/index.php?rest_route=\/wp\/v2\/posts\/29795","targetHints":{"allow":["GET"]}}],"collection":[{"href":"https:\/\/ulqini-online.com\/sajti\/index.php?rest_route=\/wp\/v2\/posts"}],"about":[{"href":"https:\/\/ulqini-online.com\/sajti\/index.php?rest_route=\/wp\/v2\/types\/post"}],"author":[{"embeddable":true,"href":"https:\/\/ulqini-online.com\/sajti\/index.php?rest_route=\/wp\/v2\/users\/1"}],"replies":[{"embeddable":true,"href":"https:\/\/ulqini-online.com\/sajti\/index.php?rest_route=%2Fwp%2Fv2%2Fcomments&post=29795"}],"version-history":[{"count":1,"href":"https:\/\/ulqini-online.com\/sajti\/index.php?rest_route=\/wp\/v2\/posts\/29795\/revisions"}],"predecessor-version":[{"id":29797,"href":"https:\/\/ulqini-online.com\/sajti\/index.php?rest_route=\/wp\/v2\/posts\/29795\/revisions\/29797"}],"wp:featuredmedia":[{"embeddable":true,"href":"https:\/\/ulqini-online.com\/sajti\/index.php?rest_route=\/wp\/v2\/media\/29796"}],"wp:attachment":[{"href":"https:\/\/ulqini-online.com\/sajti\/index.php?rest_route=%2Fwp%2Fv2%2Fmedia&parent=29795"}],"wp:term":[{"taxonomy":"category","embeddable":true,"href":"https:\/\/ulqini-online.com\/sajti\/index.php?rest_route=%2Fwp%2Fv2%2Fcategories&post=29795"},{"taxonomy":"post_tag","embeddable":true,"href":"https:\/\/ulqini-online.com\/sajti\/index.php?rest_route=%2Fwp%2Fv2%2Ftags&post=29795"}],"curies":[{"name":"wp","href":"https:\/\/api.w.org\/{rel}","templated":true}]}}