{"id":29466,"date":"2021-07-20T11:09:57","date_gmt":"2021-07-20T09:09:57","guid":{"rendered":"https:\/\/ulqini-online.com\/sajti\/?p=29466"},"modified":"2021-07-20T11:10:49","modified_gmt":"2021-07-20T09:10:49","slug":"gladiola-jorbus-dritan-abazoviq-takimi-ne-durres-me-perfaqesues-te-shoqates-ulqini","status":"publish","type":"post","link":"https:\/\/ulqini-online.com\/sajti\/?p=29466","title":{"rendered":"Gladiola Jorbus: Dritan Abazoviq \u2013 takimi n\u00eb Durr\u00ebs me p\u00ebrfaq\u00ebsues t\u00eb shoqat\u00ebs \u2018\u2019Ulqini\u2019\u2019"},"content":{"rendered":"\n<figure class=\"wp-block-image alignwide size-large\"><a href=\"https:\/\/ulqini-online.com\/sajti\/wp-content\/uploads\/2021\/07\/dritan-abazoviq-me-shoqaten-ulqini-ne-durres.jpg\"><img loading=\"lazy\" decoding=\"async\" width=\"826\" height=\"610\" src=\"https:\/\/ulqini-online.com\/sajti\/wp-content\/uploads\/2021\/07\/dritan-abazoviq-me-shoqaten-ulqini-ne-durres.jpg\" alt=\"\" class=\"wp-image-29467\" srcset=\"https:\/\/ulqini-online.com\/sajti\/wp-content\/uploads\/2021\/07\/dritan-abazoviq-me-shoqaten-ulqini-ne-durres.jpg 826w, https:\/\/ulqini-online.com\/sajti\/wp-content\/uploads\/2021\/07\/dritan-abazoviq-me-shoqaten-ulqini-ne-durres-300x222.jpg 300w, https:\/\/ulqini-online.com\/sajti\/wp-content\/uploads\/2021\/07\/dritan-abazoviq-me-shoqaten-ulqini-ne-durres-768x567.jpg 768w\" sizes=\"auto, (max-width: 826px) 100vw, 826px\" \/><\/a><\/figure>\n\n\n\n<p>P\u00ebrgatiti: Gladiola Jorbus<\/p>\n\n\n\n<p>Dritan Abazovi\u00e7, nj\u00eb em\u00ebr i suksessh\u00ebm dhe sfidues q\u00eb n\u00eb mosh\u00eb t\u00eb re ka arritur majat e politik\u00ebs n\u00eb Mal t\u00eb Zi.<\/p>\n\n\n\n<p>Gjat\u00eb vizit\u00ebs zyrtare n\u00eb Shqip\u00ebri, ai u shpreh se \u2018\u2019pas ndryshimit t\u00eb par\u00eb demokratik t\u00eb qeveris\u00eb n\u00eb historin\u00eb e tij dhe an\u00ebtar\u00ebsimit t\u00eb plot\u00eb n\u00eb NATO, Mali i Zi d\u00ebshiron t\u00eb shoh\u00eb t\u00eb ardhmen e tij n\u00eb Bashkimin Evropian\u2019\u2019.<\/p>\n\n\n\n<p>&nbsp;Duke folur p\u00ebr marr\u00ebdh\u00ebniet midis Malit t\u00eb Zi dhe Shqip\u00ebris\u00eb, ai deklaroi se ato jan\u00eb miq\u00ebsore dhe theksoi r\u00ebnd\u00ebsin\u00eb e lidhjeve t\u00eb mira rajonale, bashk\u00ebpunimin dhe promovimin e paqes dhe toleranc\u00ebs p\u00ebr zhvillimin e Ballkanit Per\u00ebndimor.<\/p>\n\n\n\n<p>T\u00eb premten e kaluar, z\u00ebvend\u00ebskryeministri Abazovi\u00e7 u takua gjithashtu me p\u00ebrfaq\u00ebsues t\u00eb Shoqat\u00ebs&nbsp; \u2018\u2019Ulqini\u2019\u2019 n\u00eb Durr\u00ebs, si pjesa p\u00ebrmbyll\u00ebse e vizit\u00ebs s\u00eb tij n\u00eb Shqip\u00ebri. Gjat\u00eb takimit, ai p\u00ebrmendi se ndryshe nga ajo e m\u00ebparshmja, qeveria aktuale do t\u00eb kujdeset ve\u00e7an\u00ebrisht p\u00ebr Ulqinin, si nj\u00eb qytet me potencial t\u00eb jasht\u00ebzakonsh\u00ebm natyror dhe ekonomik. Abazovi\u00e7 i informoi ata mbi projektet e infrastruktur\u00ebs q\u00eb diskutoi me zyrtar\u00ebt shqiptar\u00eb, t\u00eb cilat duhet t\u00eb lidhin Shqip\u00ebrin\u00eb dhe Malin e Zi, si dy destinacione t\u00eb njohura turistike n\u00eb Detin Adriatik.<\/p>\n\n\n\n<p>Ai shtoi gjithashtu se Parlamenti i Malit t\u00eb Zi miratoi propozimin q\u00eb prona n\u00eb Valdanos t&#8217;u kthehej pronar\u00ebve t\u00eb vjet\u00ebr dhe se pasojat e erozionit t\u00eb tok\u00ebs n\u00eb Ada Bojana u rregulluan brenda nj\u00eb periudhe t\u00eb shkurt\u00ebr kohe.<\/p>\n\n\n\n<p><em>Marr\u00eb nga: Vijesti online<\/em><\/p>\n\n\n\n<p><em>Foto: Qeveria e Malit t\u00eb Zi<\/em><\/p>\n\n\n\n<p><strong>&nbsp;&nbsp;&nbsp;&nbsp;&nbsp;&nbsp;&nbsp;&nbsp;&nbsp;&nbsp;&nbsp;&nbsp;&nbsp;&nbsp;&nbsp;&nbsp;&nbsp;&nbsp;&nbsp;&nbsp;&nbsp;&nbsp;&nbsp;&nbsp; &nbsp;&nbsp;&nbsp;&nbsp;&nbsp;&nbsp;&nbsp;&nbsp;&nbsp;&nbsp;&nbsp;&nbsp;&nbsp;&nbsp;&nbsp;&nbsp;&nbsp;&nbsp;&nbsp;&nbsp;&nbsp;&nbsp;&nbsp;&nbsp;&nbsp;&nbsp;&nbsp;&nbsp;&nbsp;&nbsp;&nbsp;&nbsp;&nbsp;&nbsp;&nbsp;&nbsp;&nbsp;&nbsp;&nbsp;&nbsp;&nbsp;&nbsp;&nbsp;&nbsp;&nbsp;&nbsp;&nbsp;&nbsp;&nbsp;&nbsp;&nbsp;&nbsp;&nbsp;&nbsp;&nbsp;&nbsp;&nbsp;Profil<\/strong><\/p>\n\n\n\n<p>&nbsp;Dritan Abazovi\u0107, i lindur m\u00eb 25 dhjetor 1985 n\u00eb Ulqin \u00ebsht\u00eb politikan, President i Aksionit t\u00eb Reform\u00ebs s\u00eb Bashkuar q\u00eb nga maji 2017, an\u00ebtar i Parlamentit t\u00eb Malit t\u00eb Zi, nga 2012 deri n\u00eb 2020, kur ai mori detyr\u00ebn e z\u00ebvend\u00ebskryeministrit p\u00ebr sigurin\u00eb komb\u00ebtare n\u00eb kabinetin e Zdravko Krivokapi.<\/p>\n\n\n\n<p>Pasi mbaroi shkoll\u00ebn e mesme n\u00eb Ulqin, Abazovi\u00e7 u diplomua n\u00eb Fakultetin e Shkencave Politike n\u00eb Universitetin e Sarajev\u00ebs, duke u b\u00ebr\u00eb nj\u00eb valediktorian dhe fitues i &#8220;Artificial Badge&#8221; dhe &#8220;Golden Charter&#8221; t\u00eb Universitetit t\u00eb Sarajev\u00ebs. Masterin e p\u00ebrfundoi n\u00eb 2008 -\u00ebn, n\u00eb Fakultetin e Shkencave Politike, Departamenti i Marr\u00ebdh\u00ebnieve Nd\u00ebrkomb\u00ebtare, Universiteti i Malit t\u00eb Zi. M\u00eb pas kreu doktoratur\u00ebn n\u00eb vitin 2019, n\u00eb Fakultetin e Shkencave Politike n\u00eb Universitetin e Sarajev\u00ebs, disertacion doktorature &#8220;Politika Globale &#8211; Aspekte Etike t\u00eb Globalizimit&#8221;.<\/p>\n\n\n\n<p>Ai ka qen\u00eb bashk\u00ebpun\u00ebtor i organizatave joqeveritare n\u00eb fush\u00ebn e t\u00eb drejtave t\u00eb njeriut, Euro-Atlantikut dhe aktivizmit qytetar. Dritan Abazovi\u00e7 \u00ebsht\u00eb angazhuar n\u00eb projekte t\u00eb lidhura me promovimin e multikulturalizmit n\u00eb zonat pas konfliktit t\u00eb ish-Jugosllavis\u00eb.<\/p>\n\n\n\n<p>Si pjes\u00ebmarr\u00ebs n\u00eb programe, konferenca dhe seminare nd\u00ebrkomb\u00ebtare, ai u specializua n\u00eb disa programe studimi. Nga 2005 n\u00eb 2007 ai ishte asistent n\u00eb Fakultetin e Shkencave Politike n\u00eb Universitetin e Sarajev\u00ebs. N\u00eb vitin 2009, ai p\u00ebrfundoi kursin p\u00ebr Studimin e Paqes (K\u00ebrkimi i Paqes) n\u00eb Universitetin e Oslos. N\u00eb t\u00eb nj\u00ebjtin universitet, ai p\u00ebrfundoi nj\u00eb seminar p\u00ebr zhvillimin profesional (Zhvillimi Profesional).<\/p>\n\n\n\n<p>N\u00eb vitin 2011, ai ka jetuar n\u00eb Shtetet e Bashkuara, teksa merrte pjes\u00eb n\u00eb programin e Departamentit t\u00eb Shtetit n\u00eb Washington D.C. Nga 2010 n\u00eb 2012, ai ishte Drejtor Ekzekutiv i kompanis\u00eb lokale t\u00eb transmetimit \u2018\u2019Teuta\u2019\u2019 (Ulqin, Mali i Zi).<\/p>\n\n\n\n<p>Nga viti 2010 deri n\u00eb vitin 2012, ai ishte Drejtor Ekzekutiv i OJQ-s\u00eb \u2018\u2019Mogul\u2019\u2019 n\u00eb Ulqin. N\u00eb vitin 2010, ai botoi librin e tij t\u00eb par\u00eb &#8220;Kultura Kozmopolitane dhe Drejt\u00ebsia Globale&#8221;. Gjithashtu ai ka punuar edhe si m\u00ebsues gjimnazi n\u00eb Ulqin, duke dh\u00ebn\u00eb m\u00ebsim sociologjin\u00eb e kultur\u00ebs, komunikim dhe historin\u00eb e fes\u00eb. Abazovi\u00e7 flet rrjedhsh\u00ebm shqip, serbokroatisht dhe anglisht.<\/p>\n","protected":false},"excerpt":{"rendered":"<p>P\u00ebrgatiti: Gladiola Jorbus Dritan Abazovi\u00e7, nj\u00eb em\u00ebr i suksessh\u00ebm dhe sfidues q\u00eb n\u00eb mosh\u00eb t\u00eb re ka arritur majat e politik\u00ebs n\u00eb Mal t\u00eb Zi. Gjat\u00eb vizit\u00ebs zyrtare n\u00eb Shqip\u00ebri, ai u shpreh se \u2018\u2019pas ndryshimit t\u00eb par\u00eb demokratik t\u00eb qeveris\u00eb n\u00eb historin\u00eb e tij dhe an\u00ebtar\u00ebsimit t\u00eb plot\u00eb n\u00eb NATO, Mali i Zi d\u00ebshiron [&hellip;]<\/p>\n","protected":false},"author":1,"featured_media":29467,"comment_status":"open","ping_status":"open","sticky":false,"template":"","format":"standard","meta":{"_seopress_robots_primary_cat":"","_seopress_titles_title":"","_seopress_titles_desc":"","_seopress_robots_index":"","footnotes":""},"categories":[2,4],"tags":[190,2186,2922,2923],"class_list":["post-29466","post","type-post","status-publish","format-standard","has-post-thumbnail","hentry","category-aktualitet","category-kronike","tag-dritan-abazoviq","tag-gladiola-jorbus","tag-shoqata-ulqini","tag-shoqata-ulqini-durres"],"_links":{"self":[{"href":"https:\/\/ulqini-online.com\/sajti\/index.php?rest_route=\/wp\/v2\/posts\/29466","targetHints":{"allow":["GET"]}}],"collection":[{"href":"https:\/\/ulqini-online.com\/sajti\/index.php?rest_route=\/wp\/v2\/posts"}],"about":[{"href":"https:\/\/ulqini-online.com\/sajti\/index.php?rest_route=\/wp\/v2\/types\/post"}],"author":[{"embeddable":true,"href":"https:\/\/ulqini-online.com\/sajti\/index.php?rest_route=\/wp\/v2\/users\/1"}],"replies":[{"embeddable":true,"href":"https:\/\/ulqini-online.com\/sajti\/index.php?rest_route=%2Fwp%2Fv2%2Fcomments&post=29466"}],"version-history":[{"count":1,"href":"https:\/\/ulqini-online.com\/sajti\/index.php?rest_route=\/wp\/v2\/posts\/29466\/revisions"}],"predecessor-version":[{"id":29468,"href":"https:\/\/ulqini-online.com\/sajti\/index.php?rest_route=\/wp\/v2\/posts\/29466\/revisions\/29468"}],"wp:featuredmedia":[{"embeddable":true,"href":"https:\/\/ulqini-online.com\/sajti\/index.php?rest_route=\/wp\/v2\/media\/29467"}],"wp:attachment":[{"href":"https:\/\/ulqini-online.com\/sajti\/index.php?rest_route=%2Fwp%2Fv2%2Fmedia&parent=29466"}],"wp:term":[{"taxonomy":"category","embeddable":true,"href":"https:\/\/ulqini-online.com\/sajti\/index.php?rest_route=%2Fwp%2Fv2%2Fcategories&post=29466"},{"taxonomy":"post_tag","embeddable":true,"href":"https:\/\/ulqini-online.com\/sajti\/index.php?rest_route=%2Fwp%2Fv2%2Ftags&post=29466"}],"curies":[{"name":"wp","href":"https:\/\/api.w.org\/{rel}","templated":true}]}}