{"id":29461,"date":"2021-07-20T11:02:01","date_gmt":"2021-07-20T09:02:01","guid":{"rendered":"https:\/\/ulqini-online.com\/sajti\/?p=29461"},"modified":"2021-07-20T11:05:05","modified_gmt":"2021-07-20T09:05:05","slug":"udheheqesit-politik-ne-ulqin-urojne-per-festen-e-bajramit","status":"publish","type":"post","link":"https:\/\/ulqini-online.com\/sajti\/?p=29461","title":{"rendered":"Udh\u00ebheq\u00ebsit politik n\u00eb Ulqin urojn\u00eb p\u00ebr Fest\u00ebn e Bajramit"},"content":{"rendered":"\n<figure class=\"wp-block-image alignwide size-large\"><a href=\"https:\/\/ulqini-online.com\/sajti\/wp-content\/uploads\/2021\/07\/kurban-bajrami-ulqin-2.jpg\"><img loading=\"lazy\" decoding=\"async\" width=\"800\" height=\"347\" src=\"https:\/\/ulqini-online.com\/sajti\/wp-content\/uploads\/2021\/07\/kurban-bajrami-ulqin-2.jpg\" alt=\"\" class=\"wp-image-29462\" srcset=\"https:\/\/ulqini-online.com\/sajti\/wp-content\/uploads\/2021\/07\/kurban-bajrami-ulqin-2.jpg 800w, https:\/\/ulqini-online.com\/sajti\/wp-content\/uploads\/2021\/07\/kurban-bajrami-ulqin-2-300x130.jpg 300w, https:\/\/ulqini-online.com\/sajti\/wp-content\/uploads\/2021\/07\/kurban-bajrami-ulqin-2-768x333.jpg 768w\" sizes=\"auto, (max-width: 800px) 100vw, 800px\" \/><\/a><figcaption>Nga falja e Kurban Bajramit sot n\u00eb Ulqin<\/figcaption><\/figure>\n\n\n\n<p>Besimtar\u00ebt e besimit islam sot festojn\u00eb Kurban Bajramin. N\u00eb lidhje me k\u00ebt\u00eb krer\u00ebt politik n\u00eb Ulqin urojn\u00eb p\u00ebr k\u00ebt\u00eb fest\u00eb t\u00eb madhe bashk\u00ebqytetar\u00ebt e tyre.<\/p>\n\n\n\n<p>M\u00eb posht\u00eb mund t\u00eb lexoni urimet e kryetarit t\u00eb Komun\u00ebs s\u00eb Ulqinit Aleksand\u00ebr Daboviq, kryetarin e Kuvendit Komunal Haxhi Sulejmani si dhe kryetarit t\u00eb subjektit politik Forca Nazif Cungu.<\/p>\n\n\n\n<p><strong><em>Kryetari i Ulqinit Aleksandar Daboviq ka uruar besimtaret e fese Islame me rastin e fest\u00ebs s\u00eb madhe t\u00eb Kurban Bajramit.<\/em><\/strong><\/p>\n\n\n\n<p><em>T\u00eb dashur besimtar urime dhe g\u00ebzuar Kurban Bajramin, paqja, harmonia dhe mir\u00ebkuptimi qofshin me Ju dhe familjet tuaja.<\/em><\/p>\n\n\n\n<p><em>K\u00ebto dit\u00eb t\u00eb m\u00ebshir\u00ebs,faljes dhe paqes, d\u00ebshiroj ti kaloni sa m\u00eb bukur me familjaret, miq\u00ebt dhe mysafir\u00ebt tuaj.<\/em><\/p>\n\n\n\n<p><em>Gezuar!<\/em><\/p>\n\n\n\n<p><\/p>\n\n\n\n<p><strong>Urimi i Kryetarit t\u00eb Kuvendit Komunal z. Haxhi Sulejmani<br><\/strong>V\u00ebllez\u00ebr dhe motra,<br>Me sh\u00ebndet e zem\u00ebr t\u00eb mir\u00eb nat\u00ebn dhe fest\u00ebn e Kurban Bajramit!<\/p>\n\n\n\n<p>Le t\u00eb sh\u00ebrbej\u00eb kjo fest\u00eb q\u00eb, n\u00eb qend\u00ebr ka sakrific\u00ebn n\u00eb em\u00ebr t\u00eb paqes shpirt\u00ebrore dhe dor\u00ebshtrirjen n\u00eb em\u00ebr t\u00eb solidarizimit njer\u00ebzor, p\u00ebr dit\u00eb solidare dhe t\u00eb begat\u00ebta n\u00eb familjet tuaja, rrethin tuaj, qytetin tuaj, vendin ton\u00eb t\u00eb p\u00ebrbashk\u00ebt.<\/p>\n\n\n\n<p>Ulqini yn\u00eb, sidomos k\u00ebto dit\u00eb, \u00ebsht\u00eb qyteti i t\u00eb gjith\u00ebve. Ulqini, po pra ai Ulqini i vog\u00ebl ka vend p\u00ebr t\u00eb gjith\u00eb. Ulqini yn\u00eb, Ulqini i t\u00eb gjith\u00ebve, i vog\u00ebl xhevahir\u00eb, i fshehur si margaritar\u00eb. Si\u00e7 festat i kremtojm\u00eb pa dallime eventuale dhe t\u00eb bashkuar, ashtu le t\u00eb frymojm\u00eb e funksionojm\u00eb \u00e7do dit\u00eb. \u00c7do dit\u00eb bashk\u00eb n\u00ebnkupton \u00e7do dit\u00eb fest\u00eb.<\/p>\n\n\n\n<p>Duke d\u00ebshiruar p\u00ebr secilin dhe t\u00eb gjith\u00eb sh\u00ebndet e harmoni, apeloj p\u00ebr m\u00eb shume bashk\u00ebrendim dhe bashk\u00ebpunim n\u00eb secil\u00ebn fush\u00eb, solidarizim dhe aktiviz\u00ebm n\u00eb \u00e7do l\u00ebmi, n\u00eb em\u00ebr t\u00eb s\u00eb nes\u00ebrmes, n\u00eb funksion t\u00eb s\u00eb ardhmes!<\/p>\n\n\n\n<p>Urime!<br>Zoti ju bekoft\u00eb!<\/p>\n\n\n\n<p>Haxhi Sulejmani,<br>Kryetar i Kuvendit Komunal Ulqin<\/p>\n\n\n\n<p><\/p>\n\n\n\n<p><strong>Urimi i Kryetarit t\u00eb Forc\u00ebs s\u00eb Re Demokratike Nazif Cungu<\/strong><\/p>\n\n\n\n<p>T\u00eb dashur motra dhe v\u00ebllez\u00ebr,<br>T\u00eb nderuar besimtare dhe besimtar\u00eb,<br>M\u00eb lejoni q\u00eb n\u00eb em\u00ebr t\u00eb Forc\u00ebs s\u00eb Re Demokratike dhe n\u00eb emrin tim personal t\u2019ju uroj p\u00ebrzem\u00ebrsisht, g\u00ebzuar fest\u00ebn e Kurban Bajramit!<br>Kurban Bajrami \u00ebsht\u00eb simbol i sakrific\u00ebs dhe p\u00ebrkushtimit ndaj Krijuesit t\u00eb Gjith\u00ebsis\u00eb, ku besimtar\u00ebt shprehin bindjen dhe devotshm\u00ebrin\u00eb e tyre duke b\u00ebr\u00eb kurban dhe duke u solidarizuar me t\u00eb af\u00ebrmit dhe njer\u00ebzit n\u00eb nevoj\u00eb.<br>Kurban Bajrami \u00ebsht\u00eb dit\u00eb e bekuar, mir\u00ebnjohjes dhe e fal\u00ebnderimit ndaj mir\u00ebsive t\u00eb panum\u00ebrta, t\u00eb cilat Zoti i Madh\u00ebrish\u00ebm ia ka dhuruar njer\u00ebzimit. Andaj, b\u00ebrja e Kurbanit \u00ebsht\u00eb shenj\u00eb fal\u00ebnderimi ndaj Zotit i Cili na ka dh\u00ebn\u00eb mir\u00ebsi t\u00eb panum\u00ebrta.<br>Sh\u00ebndeti dhe begatia mbret\u00ebroft\u00eb n\u00eb familjet dhe sofrat tona!<br>G\u00ebzuar!<br>Kryetar i Forc\u00ebs s\u00eb Re Demokratike<br>Nazif Cungu<\/p>\n","protected":false},"excerpt":{"rendered":"<p>Besimtar\u00ebt e besimit islam sot festojn\u00eb Kurban Bajramin. N\u00eb lidhje me k\u00ebt\u00eb krer\u00ebt politik n\u00eb Ulqin urojn\u00eb p\u00ebr k\u00ebt\u00eb fest\u00eb t\u00eb madhe bashk\u00ebqytetar\u00ebt e tyre. M\u00eb posht\u00eb mund t\u00eb lexoni urimet e kryetarit t\u00eb Komun\u00ebs s\u00eb Ulqinit Aleksand\u00ebr Daboviq, kryetarin e Kuvendit Komunal Haxhi Sulejmani si dhe kryetarit t\u00eb subjektit politik Forca Nazif Cungu. Kryetari [&hellip;]<\/p>\n","protected":false},"author":1,"featured_media":29462,"comment_status":"open","ping_status":"open","sticky":false,"template":"","format":"standard","meta":{"_seopress_robots_primary_cat":"","_seopress_titles_title":"","_seopress_titles_desc":"","_seopress_robots_index":"","footnotes":""},"categories":[2,4],"tags":[1330,2248,79,47],"class_list":["post-29461","post","type-post","status-publish","format-standard","has-post-thumbnail","hentry","category-aktualitet","category-kronike","tag-aleksandar-daboviq","tag-haxhi-sulejmani","tag-komuna-e-ulqinit","tag-nazif-cungu"],"_links":{"self":[{"href":"https:\/\/ulqini-online.com\/sajti\/index.php?rest_route=\/wp\/v2\/posts\/29461","targetHints":{"allow":["GET"]}}],"collection":[{"href":"https:\/\/ulqini-online.com\/sajti\/index.php?rest_route=\/wp\/v2\/posts"}],"about":[{"href":"https:\/\/ulqini-online.com\/sajti\/index.php?rest_route=\/wp\/v2\/types\/post"}],"author":[{"embeddable":true,"href":"https:\/\/ulqini-online.com\/sajti\/index.php?rest_route=\/wp\/v2\/users\/1"}],"replies":[{"embeddable":true,"href":"https:\/\/ulqini-online.com\/sajti\/index.php?rest_route=%2Fwp%2Fv2%2Fcomments&post=29461"}],"version-history":[{"count":3,"href":"https:\/\/ulqini-online.com\/sajti\/index.php?rest_route=\/wp\/v2\/posts\/29461\/revisions"}],"predecessor-version":[{"id":29465,"href":"https:\/\/ulqini-online.com\/sajti\/index.php?rest_route=\/wp\/v2\/posts\/29461\/revisions\/29465"}],"wp:featuredmedia":[{"embeddable":true,"href":"https:\/\/ulqini-online.com\/sajti\/index.php?rest_route=\/wp\/v2\/media\/29462"}],"wp:attachment":[{"href":"https:\/\/ulqini-online.com\/sajti\/index.php?rest_route=%2Fwp%2Fv2%2Fmedia&parent=29461"}],"wp:term":[{"taxonomy":"category","embeddable":true,"href":"https:\/\/ulqini-online.com\/sajti\/index.php?rest_route=%2Fwp%2Fv2%2Fcategories&post=29461"},{"taxonomy":"post_tag","embeddable":true,"href":"https:\/\/ulqini-online.com\/sajti\/index.php?rest_route=%2Fwp%2Fv2%2Ftags&post=29461"}],"curies":[{"name":"wp","href":"https:\/\/api.w.org\/{rel}","templated":true}]}}