{"id":28893,"date":"2021-04-29T11:11:10","date_gmt":"2021-04-29T09:11:10","guid":{"rendered":"https:\/\/ulqini-online.com\/sajti\/?p=28893"},"modified":"2021-04-29T11:11:10","modified_gmt":"2021-04-29T09:11:10","slug":"nika-dhe-cungu-urojne-ramen","status":"publish","type":"post","link":"https:\/\/ulqini-online.com\/sajti\/?p=28893","title":{"rendered":"Nika dhe Cungu urojn\u00eb Ram\u00ebn"},"content":{"rendered":"\n<figure class=\"wp-block-image alignwide size-large\"><a href=\"https:\/\/ulqini-online.com\/sajti\/wp-content\/uploads\/2015\/03\/edi-rama.jpg\"><img loading=\"lazy\" decoding=\"async\" width=\"444\" height=\"250\" src=\"https:\/\/ulqini-online.com\/sajti\/wp-content\/uploads\/2015\/03\/edi-rama.jpg\" alt=\"\" class=\"wp-image-2609\" srcset=\"https:\/\/ulqini-online.com\/sajti\/wp-content\/uploads\/2015\/03\/edi-rama.jpg 444w, https:\/\/ulqini-online.com\/sajti\/wp-content\/uploads\/2015\/03\/edi-rama-300x169.jpg 300w\" sizes=\"auto, (max-width: 444px) 100vw, 444px\" \/><\/a><\/figure>\n\n\n\n<p>Kryetari i K\u00ebshillit Komb\u00ebtar t\u00eb Shqiptar\u00ebve Faik Nika dhe kryetari i Forc\u00ebs s\u00eb Re Demokratike Nazif Cungu kan\u00eb uruar kryeministrin e Republik\u00ebs s\u00eb Shqip\u00ebris\u00eb Edi Rama p\u00ebr fitoren e partis\u00eb s\u00eb tij n\u00eb zgjedhjet parlamentare t\u00eb 25 prillit.<\/p>\n\n\n\n<p>Urimet e Nik\u00ebs dhe Ram\u00ebs mund ti lexoni t\u00eb plota m\u00eb posht\u00eb.<\/p>\n\n\n\n<p><strong>REPUBLIKA E SHQIP\u00cbRIS\u00cb<\/strong><br><strong>K R Y E M I N I S T R I A<br>Kryeministrit, z. Edi\u00a0 RAMA<\/strong><br><strong>T I R A N \u00cb<\/strong><\/p>\n\n\n\n<p><strong>I dashur Kryeminist\u00ebr z. Rama,<\/strong><\/p>\n\n\n\n<p>Me an\u00eb t\u00eb k\u00ebsaj letre, n\u00eb em\u00ebr t\u00eb K\u00ebshillit Komb\u00ebtar t\u00eb Shqiptar\u00ebve n\u00eb Malin e Zi dhe n\u00eb emrin tim personal, Ju p\u00ebrcjellim urimet tona t\u00eb sinqerta p\u00ebr fitoren n\u00eb zgjedhjet parlamentare t\u00eb 25 prillit 2021. Besojm\u00eb fort se do t\u00eb vazhdoni t\u00eb b\u00ebni m\u00eb t\u00eb mir\u00ebn p\u00ebr Shqip\u00ebrin\u00eb dhe shqip\u00ebtar\u00ebt n\u00eb p\u00ebrgjith\u00ebsi!<\/p>\n\n\n\n<p>Shqiptar\u00ebt n\u00eb Malin e Zi, p\u00ebrher\u00eb e kan\u00eb vemendjen tek ngjarjet, proceset e zhvillimet q\u00eb ndodhin n\u00eb Shqip\u00ebri, n\u00eb shtetin am\u00eb, t\u00eb bindur se kur Shqip\u00ebria \u00ebsht\u00eb mir\u00eb dhe n\u00eb rrug\u00ebn e duhur, shqiptar\u00ebt n\u00eb p\u00ebrgjithsi ndihen m\u00eb mir\u00eb e m\u00eb t\u00eb sigurt. M\u00eb duhet t\u00eb rikujtoj dhe nj\u00ebkoh\u00ebsisht t\u2019ju fal\u00ebnderoj, sepse gjat\u00eb mandatit Tuaj si Kryeminist\u00ebr i Republik\u00ebs s\u00eb Shqip\u00ebris\u00eb, p\u00ebr her\u00eb t\u00eb par\u00eb n\u00eb histori, keni marr\u00eb vendim p\u00ebr t\u00eb ndihmuar edhe financiarisht, institucionet e shqiptar\u00ebve n\u00eb trojet e veta jasht\u00eb Shqip\u00ebris\u00eb.<\/p>\n\n\n\n<p>Me bindje dhe vullnet t\u00eb plot\u00eb se edhe gjat\u00eb mandatit t\u00eb ri qeveris\u00ebs do t\u00eb vazhdojm\u00eb edhe m\u00eb shum\u00eb, edhe m\u00eb mir\u00eb bashk\u00ebpunimin ton\u00eb institucional, v\u00ebllaz\u00ebror e shoq\u00ebror, n\u00eb dobi t\u00eb \u00e7\u00ebshtjeve komb\u00ebtare. M\u00eb mbetet vet\u00ebm t\u2019Ju d\u00ebshiroj suksese n\u00eb ambiciet Tuaja p\u00ebr nj\u00eb Shqip\u00ebri t\u00eb zhvilluar dhe evropiane p\u00ebr \u00e7ka do t\u00eb ndiheshin krenar\u00eb mbar\u00eb shqiptar\u00ebt. Urime!<\/p>\n\n\n\n<p>Sinqerisht,<br>K r y e t a r i<br>Faik Nika<\/p>\n\n\n\n<p><\/p>\n\n\n\n<p><strong>Partia Socialiste e Shqip\u00ebris\u00eb<\/strong><br><strong>Kryetar, z. Edi Rama<\/strong><\/p>\n\n\n\n<p>I nderuar Kryetar i Partis\u00eb Socialiste dhe Kryeminist\u00ebr i Republik\u00ebs s\u00eb Shqip\u00ebris\u00eb, zot\u00ebri Edi Rama,<\/p>\n\n\n\n<p>D\u00ebshiroj q\u00eb n\u00eb em\u00ebr t\u00eb partis\u00eb politike Forca e Re Demokratike dhe n\u00eb emrin tim personal, t\u00eb ju uroj fitoren e bindshme n\u00eb zgjedhjet parlamentare t\u00eb 25 prillit n\u00eb Republik\u00ebn e Shqip\u00ebris\u00eb.<\/p>\n\n\n\n<p>Me shum\u00eb v\u00ebmendje e kemi p\u00ebrcjellur procesin zgjedhor dhe ju p\u00ebrg\u00ebzojm\u00eb p\u00ebr rezultatin e arritur&nbsp; p\u00ebrmes vot\u00ebs s\u00eb popullit e cila ju dha besimin q\u00eb t\u00eb udh\u00ebheqni Republik\u00ebn e Shqip\u00ebris\u00eb edhe n\u00eb mandatin e&nbsp; ardhsh\u00ebm kat\u00ebr vje\u00e7ar, t\u00eb tretin me radh\u00eb.&nbsp;<\/p>\n\n\n\n<p>Populli shqiptar\u00eb n\u00eb Mal t\u00eb Zi pret nga ju nj\u00eb bashk\u00ebpunim edhe m\u00eb t\u00eb fuqish\u00ebm gjat\u00eb mandatit t\u00eb ardhsh\u00ebm, t\u00eb jeni dor\u00eb e shtrir\u00eb n\u00eb ndihm\u00ebn e realizimit t\u00eb \u00e7\u00ebshtjeve shqiptare n\u00eb Mal t\u00eb Zi, kurse ne do t\u00eb jemi \u00e7doher\u00eb ur\u00eb lidh\u00ebse e avancimit t\u00eb m\u00ebtejsh\u00ebm t\u00eb marr\u00ebdh\u00ebnieve nd\u00ebrshtet\u00ebrore dhe promovimit t\u00eb fqinj\u00ebsis\u00eb s\u00eb mir\u00eb n\u00eb mes t\u00eb Malit t\u00eb Zi dhe Republik\u00ebs s\u00eb Shqip\u00ebris\u00eb.<\/p>\n\n\n\n<p>Suksese dhe pun\u00eb t\u00eb mbar\u00eb n\u00eb mandatin e radh\u00ebs!<\/p>\n\n\n\n<p>Me nderime,<br>Nazif Cungu<\/p>\n","protected":false},"excerpt":{"rendered":"<p>Kryetari i K\u00ebshillit Komb\u00ebtar t\u00eb Shqiptar\u00ebve Faik Nika dhe kryetari i Forc\u00ebs s\u00eb Re Demokratike Nazif Cungu kan\u00eb uruar kryeministrin e Republik\u00ebs s\u00eb Shqip\u00ebris\u00eb Edi Rama p\u00ebr fitoren e partis\u00eb s\u00eb tij n\u00eb zgjedhjet parlamentare t\u00eb 25 prillit. Urimet e Nik\u00ebs dhe Ram\u00ebs mund ti lexoni t\u00eb plota m\u00eb posht\u00eb. REPUBLIKA E SHQIP\u00cbRIS\u00cbK R Y [&hellip;]<\/p>\n","protected":false},"author":1,"featured_media":2609,"comment_status":"open","ping_status":"open","sticky":false,"template":"","format":"standard","meta":{"_seopress_robots_primary_cat":"","_seopress_titles_title":"","_seopress_titles_desc":"","_seopress_robots_index":"","footnotes":""},"categories":[2,3],"tags":[168,1280,47],"class_list":["post-28893","post","type-post","status-publish","format-standard","has-post-thumbnail","hentry","category-aktualitet","category-politike","tag-edi-rama","tag-faik-nika","tag-nazif-cungu"],"_links":{"self":[{"href":"https:\/\/ulqini-online.com\/sajti\/index.php?rest_route=\/wp\/v2\/posts\/28893","targetHints":{"allow":["GET"]}}],"collection":[{"href":"https:\/\/ulqini-online.com\/sajti\/index.php?rest_route=\/wp\/v2\/posts"}],"about":[{"href":"https:\/\/ulqini-online.com\/sajti\/index.php?rest_route=\/wp\/v2\/types\/post"}],"author":[{"embeddable":true,"href":"https:\/\/ulqini-online.com\/sajti\/index.php?rest_route=\/wp\/v2\/users\/1"}],"replies":[{"embeddable":true,"href":"https:\/\/ulqini-online.com\/sajti\/index.php?rest_route=%2Fwp%2Fv2%2Fcomments&post=28893"}],"version-history":[{"count":1,"href":"https:\/\/ulqini-online.com\/sajti\/index.php?rest_route=\/wp\/v2\/posts\/28893\/revisions"}],"predecessor-version":[{"id":28894,"href":"https:\/\/ulqini-online.com\/sajti\/index.php?rest_route=\/wp\/v2\/posts\/28893\/revisions\/28894"}],"wp:featuredmedia":[{"embeddable":true,"href":"https:\/\/ulqini-online.com\/sajti\/index.php?rest_route=\/wp\/v2\/media\/2609"}],"wp:attachment":[{"href":"https:\/\/ulqini-online.com\/sajti\/index.php?rest_route=%2Fwp%2Fv2%2Fmedia&parent=28893"}],"wp:term":[{"taxonomy":"category","embeddable":true,"href":"https:\/\/ulqini-online.com\/sajti\/index.php?rest_route=%2Fwp%2Fv2%2Fcategories&post=28893"},{"taxonomy":"post_tag","embeddable":true,"href":"https:\/\/ulqini-online.com\/sajti\/index.php?rest_route=%2Fwp%2Fv2%2Ftags&post=28893"}],"curies":[{"name":"wp","href":"https:\/\/api.w.org\/{rel}","templated":true}]}}