{"id":28670,"date":"2021-03-29T12:01:00","date_gmt":"2021-03-29T10:01:00","guid":{"rendered":"https:\/\/ulqini-online.com\/sajti\/?p=28670"},"modified":"2021-03-29T12:09:14","modified_gmt":"2021-03-29T10:09:14","slug":"nderkohe-qe-ne-shtetet-e-bashkuara-te-amerikes-kujtohen-viktimat-e-komunizmit-ne-shqiperi-glorifikohet-regjimi-i-enver-hoxhes","status":"publish","type":"post","link":"https:\/\/ulqini-online.com\/sajti\/?p=28670","title":{"rendered":"ND\u00cbRKOH\u00cb Q\u00cb N\u00cb SHTETET E BASHKUARA T\u00cb AMERIK\u00cbS KUJTOHEN VIKTIMAT E KOMUNIZMIT, N\u00cb SHQIP\u00cbRI GLORIFIKOHET REGJIMI I ENVER HOXH\u00cbS"},"content":{"rendered":"\n<div class=\"wp-block-image is-style-rounded\"><figure class=\"alignleft size-medium\"><a href=\"https:\/\/ulqini-online.com\/sajti\/wp-content\/uploads\/2014\/12\/Frank-shkreli.jpg\"><img loading=\"lazy\" decoding=\"async\" width=\"300\" height=\"246\" src=\"https:\/\/ulqini-online.com\/sajti\/wp-content\/uploads\/2014\/12\/Frank-shkreli-300x246.jpg\" alt=\"\" class=\"wp-image-813\" srcset=\"https:\/\/ulqini-online.com\/sajti\/wp-content\/uploads\/2014\/12\/Frank-shkreli-300x246.jpg 300w, https:\/\/ulqini-online.com\/sajti\/wp-content\/uploads\/2014\/12\/Frank-shkreli-220x180.jpg 220w, https:\/\/ulqini-online.com\/sajti\/wp-content\/uploads\/2014\/12\/Frank-shkreli.jpg 385w\" sizes=\"auto, (max-width: 300px) 100vw, 300px\" \/><\/a><\/figure><\/div>\n\n\n\n<p>Nga Frank Shkreli<\/p>\n\n\n\n<p>Madje edhe gjat\u00eb nj\u00eb fushate elektorale p\u00ebr Kuvendin e ri t\u00eb Republik\u00ebs s\u00eb Shqip\u00ebris\u00eb \u2013 nj\u00eb vendi an\u00ebtar t\u00eb NATO-s, nj\u00eb aleanc\u00eb ushtarake kjo m\u00eb e fuqishmja q\u00eb ka njohur ndonj\u00ebher\u00eb bota dhe e cila 70-vjet m\u00eb par\u00eb u themelua pik\u00ebrisht me q\u00ebllimin p\u00ebr t\u00eb luftuar diktaturat e regjimeve komuniste t\u00eb lindjes, si ai i Shqip\u00ebris\u00eb enveriste.<\/p>\n\n\n\n<p>Duhet t\u00eb flasim me em\u00ebra.&nbsp; K\u00ebt\u00eb fushat\u00eb, t\u00eb dit\u00ebve t\u00eb fundit, p\u00ebr glorifikimin e komunizmit e hapi Kryeministri aktual, Edi Rama n\u00eb Parlamentin Shqiptar para disa jav\u00ebsh, me deklarat\u00ebn e tij fam\u00ebkeqe dhe t\u00eb turpshme se, \u201ckomunizmi ishte n\u00eb an\u00ebn e duhur t\u00eb historis\u00eb\u201d. &nbsp;Pasuar nga t\u00eb tjer\u00eb, p\u00ebrfshir koh\u00ebt e fundit, veteran\u00ebn e k\u00ebsaj partie Luljeta Bozo &#8212; t\u00eb par\u00ebn e list\u00ebs socialiste n\u00eb Tiran\u00eb dhe Ministrin socialist, Damian Gjiknurin n\u00eb Vlor\u00eb, i cili dit\u00ebt e fundit, po ashtu si Bozo deklaroi se \u201ckomunizmi kishte b\u00ebr\u00eb m\u00eb shum\u00eb t\u00eb mira sesa t\u00eb k\u00ebqia\u201d. &nbsp;Nuk m\u00eb \u00e7udit aspak fakti se brenda Partis\u00eb Socialiste nuk ka m\u00eb njer\u00ebz q\u00eb tu thon\u00eb k\u00ebtyre nostalgjik\u00ebve t\u00eb komunizmit, \u201core mjaft me deklarata t\u00eb tilla t\u00eb pa p\u00ebrgjegj\u00ebshme se jemi an\u00ebtar t\u00eb NATO-s dhe kemi pretendime t\u2019i bashkohemi Bashkimit Evropian\u2026\u201d.&nbsp; &nbsp;<\/p>\n\n\n\n<p>\u00cbsht\u00eb e qart\u00eb tani pas 30-vjet post-komuniz\u00ebm se Shqip\u00ebria nuk e ka nd\u00ebr mend t\u00eb distancohet nga e kaluara e saj komuniste dhe as nga krimet e atij regjimi \u2013 m\u00eb fam\u00ebkeqit n\u00eb Evrop\u00eb dhe n\u00eb bot\u00eb.&nbsp; Deklaratat e fundit t\u00eb nostalgjik\u00ebve kok\u00ebfort\u00eb t\u00eb komunizmit shqiptar dhe t\u00eb p\u00ebrfaq\u00ebsuesve t\u00eb regjimit aktual\u00eb t\u00eb Shqip\u00ebris\u00eb e bejn\u00eb mjaft t\u00eb qart\u00eb se partia n\u00eb fuqi, shpresat e fitores i ka tek promovimi i vlerave enveriste.&nbsp; Me k\u00ebto deklarata, filluan t\u00eb na m\u00ebsohen edhe vesh\u00ebt tashti, \u00e7\u2019pret m\u00eb prej tyre. &nbsp;Por megjith\u00eb pretendimet e tyre se ata ndajn\u00eb vlerat amerikano-per\u00ebndimore, hipokrizi m\u00eb t\u00eb madhe nuk ka, sepse e v\u00ebrteta \u00ebsht\u00eb se vlerat e Amerik\u00ebs nuk jan\u00eb ato t\u00eb komunizmit nd\u00ebrkomb\u00ebtar dhe t\u00eb komunizmit stalinist enverist, jo se jo.&nbsp; N\u00ebqoftse votuesit shqiptar\u00eb d\u00ebshirojn\u00eb nj\u00eb frym\u00eb t\u00eb vazhdueshme enveriste n\u00eb shoq\u00ebri dhe n\u00eb qeverisjen e tyre \u2013 ta g\u00ebzojn\u00eb \u2013 pasi k\u00ebt\u00eb t\u00eb drejt\u00eb ua jep demokracia \u2013 ama vet\u00ebm n\u00ebqoftse fitojn\u00eb me vota t\u00eb lira e t\u00eb ndershme, sipas standardeve nd\u00ebrkomb\u00ebtare.<\/p>\n\n\n\n<p>Por ajo q\u00eb v\u00ebrtet\u00eb m\u00eb \u00e7udit pa mas\u00eb \u00ebsht\u00eb heshtja e p\u00ebrfaq\u00ebsive diplomatike per\u00ebndimore n\u00eb Tiran\u00eb ndaj shprehjeve t\u00eb tilla pro-komuniste nga udh\u00ebheqsit m\u00eb t\u00eb lart\u00eb t\u00eb Shqip\u00ebris\u00eb, me t\u00eb cil\u00ebt diplomat\u00ebt komunikojn\u00eb pothuaj \u00e7do dit\u00eb.&nbsp; Me t\u00eb drejt\u00eb, Shtetet e Bashkuara dhe Bashkimi Evropian po p\u00ebrpiqen t\u00eb luftojn\u00eb korrupsionin ekonomik dhe t\u00eb nd\u00ebrtojn\u00eb di\u00e7ka q\u00eb deri diku i p\u00ebrngjet nj\u00eb shteti ligjor n\u00eb Shqip\u00ebri. Por megjith\u00eb respektin q\u00eb kam p\u00ebr pun\u00ebn e tyre nuk besoj se do t\u00eb dalin me sukses n\u00eb reform\u00ebn e drejt\u00ebsis\u00eb dhe as n\u00eb luft\u00ebn kund\u00ebr korrupsionit n\u00ebqoftse, t\u00eb pak\u00ebn, nuk deklaroheni publikisht edhe kund\u00ebr krimeve t\u00eb nj\u00eb ish-regjimi kriminal, pasojat e t\u00eb cilit vazhdojn\u00eb t\u00eb ndjehen edhe sot &#8212; jo vet\u00ebm n\u00eb politik\u00eb dhe n\u00eb ekonomi &#8212; por n\u00eb \u00e7do fush\u00eb t\u00eb veprimtaris\u00eb s\u00eb vendit. &nbsp;\u00cbsht\u00eb pik\u00ebrisht trash\u00ebgimia e komunizmit dhe njer\u00ebzit q\u00eb i kan\u00eb sh\u00ebrbyer atij sistemi \u2013 ish-zyrtar\u00eb me disa prej t\u00eb cil\u00ebve kini n\u00eb mend t\u00eb reformoni sistemin e sot\u00ebm t\u00eb drejt\u00ebsis\u00eb.&nbsp; &nbsp;Heshtja e diplomat\u00ebve per\u00ebndimor\u00eb ndaj deklaratave t\u00eb tilla pro-komuniste t\u00eb udh\u00ebheqsve m\u00eb t\u00eb lart\u00eb t\u00eb qeveris\u00eb shqiptare dhe t\u00eb kandidat\u00ebve p\u00ebr n\u00eb parlamentin e ri t\u00eb Shqip\u00ebris\u00eb \u2013 \u201cflet v\u00ebllime t\u00eb t\u00ebra\u201d &#8212; 30-vjet pas shembjes s\u00eb Murit t\u00eb Berlinit. &nbsp;Vrasja, burgimi, internimi, d\u00ebnimi &#8212; gjyq e pa gjyq &#8212; puna e detyruar e njer\u00ebzve t\u00eb pafajsh\u00ebm n\u00eb komuniz\u00ebm besoj se duhej t\u00eb ishte aq e d\u00ebnueshme, t\u00eb pak\u00ebn t\u00eb kritkohej, sa edhe vjedhjet e nj\u00eb hajduti sot.<\/p>\n\n\n\n<p>T\u00eb nderuar p\u00ebrfaq\u00ebsues diplomatik\u00eb per\u00ebndimor\u00eb n\u00eb Tiran\u00eb, HESHTJA ndaj k\u00ebtyre dukurive, n\u00eb nj\u00eb vend si Shqip\u00ebria, nuk u b\u00ebn nder ju si individ\u00eb dhe as vlerave t\u00eb shteteve demokratike per\u00ebndimore q\u00eb ju p\u00ebrfaq\u00ebsoni n\u00eb at\u00eb vend.&nbsp; Sa i p\u00ebrket t\u00eb kaluar\u00ebs komuniste n\u00eb Shqip\u00ebri, megjith\u00ebse von\u00eb, ka ardhur koha t\u2019i thoni t\u00eb bardh\u00ebs e bardh\u00eb dhe t\u00eb zez\u00ebs e zez\u00eb, ashtu si\u00e7 kan\u00eb b\u00ebr\u00eb ish-vendet e tjera komuniste t\u00eb Evrop\u00ebs Lindore dhe Qendrore.&nbsp; Shqip\u00ebria ka nevoj\u00eb p\u00ebr ndihm\u00ebn tuaj q\u00eb t\u00eb distancohet seriozisht nga e kaluara komuniste ashtu si\u00e7 i ka hije nj\u00eb vendi an\u00ebtar t\u00eb NATO-s dhe nj\u00eb vendi q\u00eb pretendon t\u2019i bashkohet vlerave t\u00eb bot\u00ebs per\u00ebndimore.<\/p>\n\n\n\n<p>Nj\u00eb prej k\u00ebtyre vlerave \u00ebsht\u00eb pik\u00ebrisht kujtesa kushtuar viktimave t\u00eb komunizmit bot\u00ebror, p\u00ebrfshir kujtes\u00ebn e viktimave t\u00eb komunizimit n\u00eb Shqip\u00ebri.&nbsp; N\u00eb nj\u00eb njoftim p\u00ebr median, Fondacioni i Viktimave t\u00eb Komunizmit me q\u00ebnd\u00ebr n\u00eb Washington, p\u00ebrsh\u00ebndet hapat q\u00eb mori dit\u00ebt e fundit Dhoma e P\u00ebrfaqsuesve e shtetit Teksas n\u00eb Shtetet e Bashkuara, duke organizuar nj\u00eb sesion d\u00ebgjimor me q\u00ebllim t\u00eb miratimit t\u00eb nj\u00eb ligji p\u00ebr t\u00eb p\u00ebrcaktuar \u201c7 Nentorin si Dit\u00ebn e Kujtimit t\u00eb Viktimave t\u00eb Komunizmit\u201d n\u00eb at\u00eb shtet.&nbsp; Megjith\u00ebse amerikan\u00ebt, fatbardh\u00ebsisht, nuk i kan\u00eb p\u00ebrjetuar kurr\u00eb \u201cgj\u00ebrat e shumta pozitive t\u00eb komunizmit\u201d, si\u00e7 pretendojn\u00eb nostlagjik\u00ebt komunist\u00eb n\u00eb Shqip\u00ebri, Teksasi po i bashkohet 12 shteteve t\u00eb tjera amerikane q\u00eb kan\u00eb vendsur me ligj tanim\u00eb p\u00ebrkujtimin e k\u00ebsaj date p\u00ebr nder dhe respekt ndaj viktimave t\u00eb regjimeve t\u00eb komunizmit &nbsp;n\u00eb bot\u00eb, t\u00eb gjall\u00eb e t\u00eb vdekur.<\/p>\n\n\n\n<p>&nbsp;&nbsp;&nbsp;&nbsp;&nbsp;&nbsp;&nbsp;&nbsp; <img loading=\"lazy\" decoding=\"async\" width=\"516\" height=\"274\" src=\"\">&nbsp;<em>P\u00ebrfaq\u00ebsuesi i shtetit Teksas, Tom Oliverson (djathas) me d\u00ebshmitaren e Fondacionit t\u00eb Viktimave t\u00eb Komunizmit, shqiptaro-amerikan\u00ebn, Dr. Elida Dakolin (majtas<\/em>)<\/p>\n\n\n\n<p>Sponsorizuesi i k\u00ebtij projektligji, Z. Oliverson u shpreh me k\u00ebt\u00eb rast se, \u201cLart\u00eb nga 100-milion njer\u00ebz t\u00eb pafajsh\u00ebm jan\u00eb vrar\u00eb nga regjimet komuniste \u00e7\u2019prej themelimit t\u00eb regjimit t\u00eb par\u00eb komunist m\u00eb 7 nentor, 1917, n\u00eb Rusi. Kjo \u00ebsht\u00eb humbja m\u00eb e madhe n\u00eb njer\u00ebz n\u00eb krahasim me \u00e7do ngjarje tjet\u00ebr n\u00eb historin\u00eb e njer\u00ebzimit dhe si rrjedhim ne nuk guxojm\u00eb ti harrojm\u00eb tmerret e komunizmit.&nbsp; Ashtu si\u00e7 na kujtojn\u00eb edhe memorialet n\u00eb kujtim t\u00eb holokaustit q\u00eb brutaliteti nazi-fashist t\u00eb mos p\u00ebrs\u00ebritet kurr\u00eb m\u00eb, gjithashtu ky memorial sh\u00ebrben si nj\u00eb kujtes\u00eb e qart\u00eb e premtimeve boshe t\u00eb komunist\u00ebve kudo si dhe e trash\u00ebgimis\u00eb brutale t\u00eb vuajtjeve njer\u00ebzore, q\u00eb kan\u00eb l\u00ebn\u00eb pas komunist\u00ebt\u201d, ka then\u00eb ligjvensi i shtetit Teksas, Tom Oliverson.<\/p>\n\n\n\n<p>N\u00eb njoftimin p\u00ebr median, Fondacioni i Kujtimit t\u00eb Viktimave t\u00eb Komunizmit n\u00eb Washington, thuhet se ishte nj\u00eb nder p\u00ebr k\u00ebt\u00eb organizat\u00eb q\u00eb t\u00eb p\u00ebrfaq\u00ebsohej n\u00eb sesjonin d\u00ebgjimor t\u00eb Dhom\u00ebs s\u00eb P\u00ebrfaqsuesve t\u00eb shtetit Teksas, nga K\u00ebshilltarja e k\u00ebtij Fondacioni, shqiptaro-amerikanja, Dr. Elida Dakoli, e cila d\u00ebshmoi disa dit\u00eb t\u00eb shkuara para ligj\u00ebvensve t\u00eb Teksasit p\u00ebrvoj\u00ebn e familjes s\u00eb saj n\u00ebn regjimin komunist t\u00eb Shqip\u00ebris\u00eb.<\/p>\n\n\n\n<p>\u201cKur\u00eb gjyshi im kishte refuzuar t\u2019i dor\u00ebzonte partis\u00eb komuniste shqiptare pasurin\u00eb dhe mallin, ai u burgos, sht\u00ebpia e tij u shkat\u00ebrrua dhe gjyshja ime dhe kat\u00ebr f\u00ebmijt e saj t\u00eb vegj\u00ebl t\u00eb mosh\u00ebs 2-12 vje\u00e7 \u2013 p\u00ebrfshir babain tim \u2013 u hodh\u00ebn n\u00eb rrug\u00eb pa asgj\u00eb t\u00eb tyren. V\u00ebllai i saj tregoi guxim p\u00ebr at\u00eb koh\u00eb duke strehuar gjyshen time dhe f\u00ebmijt\u00eb e saj, por gjyshin tim e kishin vrar\u00eb n\u00eb burg. Sot e k\u00ebsaj dite ende nuk dim\u00eb se ku e ka varrin. &nbsp;Persekutimi i familjes time nga komunizmi vazhdoi, pa nd\u00ebrprerje, p\u00ebr kat\u00ebr breza\u201d, u tha shqiptaro-amerikanja Dr. Elida Dakoli ligj\u00ebvensve t\u00eb shtetit Teksas t\u00eb Shteteve t\u00eb Bashkuara.<\/p>\n\n\n\n<p>Fondacioni amerikan i Kujtes\u00ebs s\u00eb Viktimave t\u00eb Komunizmit p\u00ebrsh\u00ebndeti nism\u00ebn e shtetit Teksas p\u00ebr t\u00eb njohur, \u201c7 N\u00ebntorin si Dit\u00ebn e Kujtimit t\u00eb Viktimave t\u00eb Komunizmit\u201d, ashtuq\u00eb krimet e k\u00ebsaj ideologjie imorale komuniste t\u00eb mos harrohen kurrr\u00eb, p\u00ebrfundon njoftimin p\u00ebr media, Fondacioni p\u00ebr Kujtimin e Viktimave t\u00eb Komunizmit, me q\u00ebnd\u00ebr n\u00eb Washington.<\/p>\n\n\n\n<p>&nbsp;Duan a s\u2019duan nostalgjik\u00ebt e sot\u00ebm dhe mb\u00ebshtetsit e djesh\u00ebm t\u00eb regjimit diktatorial t\u00eb Enver Hoxh\u00ebs, e v\u00ebrteta e krimeve t\u00eb atij regjimi immoral, po del n\u00eb drit\u00eb dal ngadal\u00eb p\u00ebr ta par\u00eb e gjith\u00eb bota. Askush nuk i beson m\u00eb pretendimet e disa nostalgjik\u00ebve t\u00eb p\u00ebrmendur m\u00eb lart\u00eb se ai regjim kishte m\u00eb shum\u00eb gj\u00ebra pozitive se sa negative\u201d, e m\u00eb s\u00eb paku ta besojn\u00eb vet shqiptar\u00ebt. Nj\u00eb pretendim i till\u00eb \u00ebsht\u00eb aq i pa p\u00ebrgjegj\u00ebsh\u00ebm dhe i pa moralsh\u00ebm, qoft\u00eb edhe n\u00eb zhvillimin e nj\u00eb fushate elektorale, nga udh\u00ebheqsit m\u00eb t\u00eb lart\u00eb t\u00eb vendit.&nbsp; Shqip\u00ebria dhe shqiptar\u00ebt meritojn\u00eb m\u00eb shum\u00eb se kaq nga udh\u00ebheqsit e tyre por edhe nga nd\u00ebrkomb\u00ebtar\u00ebt t\u00eb cil\u00ebt heshtin p\u00ebrball dukurive dhe prirjeve t\u00eb tilla arrogante&nbsp; q\u00eb sprovojn\u00eb keq durimin e nj\u00eb populli tep\u00ebr t\u00eb vuajtur, at\u00ebher\u00eb dhe sot.<\/p>\n\n\n\n<p>Frank Shkreli<\/p>\n","protected":false},"excerpt":{"rendered":"<p>Nga Frank Shkreli Madje edhe gjat\u00eb nj\u00eb fushate elektorale p\u00ebr Kuvendin e ri t\u00eb Republik\u00ebs s\u00eb Shqip\u00ebris\u00eb \u2013 nj\u00eb vendi an\u00ebtar t\u00eb NATO-s, nj\u00eb aleanc\u00eb ushtarake kjo m\u00eb e fuqishmja q\u00eb ka njohur ndonj\u00ebher\u00eb bota dhe e cila 70-vjet m\u00eb par\u00eb u themelua pik\u00ebrisht me q\u00ebllimin p\u00ebr t\u00eb luftuar diktaturat e regjimeve komuniste t\u00eb lindjes, [&hellip;]<\/p>\n","protected":false},"author":1,"featured_media":813,"comment_status":"open","ping_status":"open","sticky":false,"template":"","format":"standard","meta":{"_seopress_robots_primary_cat":"","_seopress_titles_title":"","_seopress_titles_desc":"","_seopress_robots_index":"","footnotes":""},"categories":[2,12],"tags":[],"class_list":["post-28670","post","type-post","status-publish","format-standard","has-post-thumbnail","hentry","category-aktualitet","category-opinione"],"_links":{"self":[{"href":"https:\/\/ulqini-online.com\/sajti\/index.php?rest_route=\/wp\/v2\/posts\/28670","targetHints":{"allow":["GET"]}}],"collection":[{"href":"https:\/\/ulqini-online.com\/sajti\/index.php?rest_route=\/wp\/v2\/posts"}],"about":[{"href":"https:\/\/ulqini-online.com\/sajti\/index.php?rest_route=\/wp\/v2\/types\/post"}],"author":[{"embeddable":true,"href":"https:\/\/ulqini-online.com\/sajti\/index.php?rest_route=\/wp\/v2\/users\/1"}],"replies":[{"embeddable":true,"href":"https:\/\/ulqini-online.com\/sajti\/index.php?rest_route=%2Fwp%2Fv2%2Fcomments&post=28670"}],"version-history":[{"count":1,"href":"https:\/\/ulqini-online.com\/sajti\/index.php?rest_route=\/wp\/v2\/posts\/28670\/revisions"}],"predecessor-version":[{"id":28671,"href":"https:\/\/ulqini-online.com\/sajti\/index.php?rest_route=\/wp\/v2\/posts\/28670\/revisions\/28671"}],"wp:featuredmedia":[{"embeddable":true,"href":"https:\/\/ulqini-online.com\/sajti\/index.php?rest_route=\/wp\/v2\/media\/813"}],"wp:attachment":[{"href":"https:\/\/ulqini-online.com\/sajti\/index.php?rest_route=%2Fwp%2Fv2%2Fmedia&parent=28670"}],"wp:term":[{"taxonomy":"category","embeddable":true,"href":"https:\/\/ulqini-online.com\/sajti\/index.php?rest_route=%2Fwp%2Fv2%2Fcategories&post=28670"},{"taxonomy":"post_tag","embeddable":true,"href":"https:\/\/ulqini-online.com\/sajti\/index.php?rest_route=%2Fwp%2Fv2%2Ftags&post=28670"}],"curies":[{"name":"wp","href":"https:\/\/api.w.org\/{rel}","templated":true}]}}