{"id":28648,"date":"2021-03-28T17:37:43","date_gmt":"2021-03-28T15:37:43","guid":{"rendered":"https:\/\/ulqini-online.com\/sajti\/?p=28648"},"modified":"2021-03-28T17:46:36","modified_gmt":"2021-03-28T15:46:36","slug":"per-cdo-respekt-edhe-ne-krye-te-gjimnazit-te-ulqinit-zgjedhet-person-jopolitik","status":"publish","type":"post","link":"https:\/\/ulqini-online.com\/sajti\/?p=28648","title":{"rendered":"P\u00ebr \u00e7do respekt &#8211; Edhe n\u00eb krye t\u00eb Gjimnazit t\u00eb Ulqinit zgjedhet kuad\u00ebr jopolitik"},"content":{"rendered":"\n<figure class=\"wp-block-image alignwide size-large\"><a href=\"https:\/\/ulqini-online.com\/sajti\/wp-content\/uploads\/2021\/03\/sadije-hollaj-ardita-kovaci.jpg\"><img loading=\"lazy\" decoding=\"async\" width=\"480\" height=\"426\" src=\"https:\/\/ulqini-online.com\/sajti\/wp-content\/uploads\/2021\/03\/sadije-hollaj-ardita-kovaci.jpg\" alt=\"\" class=\"wp-image-28649\" srcset=\"https:\/\/ulqini-online.com\/sajti\/wp-content\/uploads\/2021\/03\/sadije-hollaj-ardita-kovaci.jpg 480w, https:\/\/ulqini-online.com\/sajti\/wp-content\/uploads\/2021\/03\/sadije-hollaj-ardita-kovaci-300x266.jpg 300w\" sizes=\"auto, (max-width: 480px) 100vw, 480px\" \/><\/a><\/figure>\n\n\n\n<p>Koh\u00eb m\u00eb par\u00eb n\u00eb krye t\u00eb Sht\u00ebpis\u00eb s\u00eb sh\u00ebndetit n\u00eb Ulqin u zgjodh doktoresha e njohur dr. Sadije Hollaj e cila n\u00eb k\u00ebt\u00eb pozit\u00eb erdhi pa ndonj\u00eb prapavij\u00eb politike por e propozuar vet\u00ebm nga ana profesionale e saj. E nj\u00ebjta gj\u00eb duket se po vazhdon. Dit\u00eb m\u00eb par\u00eb n\u00eb krye t\u00eb Gjimnazit t\u00eb Ulqini si drejtoresh\u00eb e k\u00ebtij institucioni u zgjodh Ardita Kova\u00e7i, e cila poashtu n\u00eb k\u00ebt\u00eb pozit\u00eb nuk vjen nga p\u00ebrkat\u00ebsia e ndonj\u00eb subjekti politik, shkruan Ulqini Online.<\/p>\n\n\n\n<p>Duke se t\u00eb dy em\u00ebrimet e fundit q\u00eb paraqesin nj\u00eb risi t\u00eb bukur n\u00eb qytetin e Ulqinit e kan\u00eb nj\u00eb adres\u00eb, L\u00ebvizjen URA.<\/p>\n\n\n\n<p>&#8221;Me em\u00ebrimet e fundit n\u00eb institucionet e arsimit dhe t\u00eb sh\u00ebndet\u00ebsis\u00eb n\u00eb Ulqin, URA tregoj nj\u00eb vizion t\u00eb papar\u00eb deri me tani duke d\u00ebshmuar kredibilitetin dhe vullnetin ton\u00eb q\u00eb kuadrot m\u00eb t\u00eb mir\u00eb t\u00eb udh\u00ebheqin me institucione dhe n\u00eb interesin e t\u00eb gjith\u00ebve. P\u00ebr ne p\u00ebrkat\u00ebsija politike kurr nuk do t\u00eb jet\u00eb mbi interesin e qytetit sepse jemi komunitet i vog\u00ebl dhe kemi nevoj p\u00ebr secilin individ q\u00eb mund t\u00eb jap kontributin e vet.<br>Kjo sidomos vlen p\u00ebr institucionet arsimore dhe sh\u00ebndet\u00ebsore, sektore ky\u00e7e dhe specifike p\u00ebr Ulqinin t\u00eb cil\u00ebt viteve t\u00eb fundit jan\u00eb p\u00ebrdorur p\u00ebr pazare politike n\u00eb d\u00ebm t\u00eb ardhm\u00ebris\u00eb ton\u00eb, &#8221; <em>k\u00ebshtu shkruan n\u00eb nj\u00eb post t\u00eb tij zyrtari i lart\u00eb i L\u00ebvizjes URA, Omer Bajraktari.<\/em><\/p>\n\n\n\n<p>Deri tani n\u00eb qytetin e Ulqinit p\u00ebrzgjedhja e udh\u00ebheqes\u00ebve t\u00eb institucioneve t\u00eb varur nga pushteti qendror por edhe atyre t\u00eb varur nga ai lokal \u00ebsht\u00eb b\u00ebr\u00eb me vija t\u00eb pastra politike. N\u00eb pak raste \u00ebsht\u00eb shikuar n\u00ebse personat e p\u00ebrzgjedhur plot\u00ebsojn\u00eb kriteret elementare p\u00ebr kryerjen e funksioneve t\u00eb tilla dhe p\u00ebr pasoj\u00eb situata n\u00eb pjes\u00ebn m\u00eb t\u00eb madhe t\u00eb institucioneve tona \u00ebsht\u00eb shum\u00eb e keqe.<\/p>\n\n\n\n<p>Risia e L\u00ebvizjes URA duhet p\u00ebrkrahur por dhe inkurajuar q\u00eb t\u00eb vazhdohet n\u00eb t\u00eb nj\u00ebjt\u00ebn form\u00eb pa marr\u00eb parasysh koston elektorale, e cila n\u00eb asnj\u00eb m\u00ebnyr\u00eb nuk \u00ebsht\u00eb hendikepuese por me shum\u00eb mund\u00ebsi mund t\u00eb jet\u00eb mjaft pozitive.<\/p>\n","protected":false},"excerpt":{"rendered":"<p>Koh\u00eb m\u00eb par\u00eb n\u00eb krye t\u00eb Sht\u00ebpis\u00eb s\u00eb sh\u00ebndetit n\u00eb Ulqin u zgjodh doktoresha e njohur dr. Sadije Hollaj e cila n\u00eb k\u00ebt\u00eb pozit\u00eb erdhi pa ndonj\u00eb prapavij\u00eb politike por e propozuar vet\u00ebm nga ana profesionale e saj. E nj\u00ebjta gj\u00eb duket se po vazhdon. Dit\u00eb m\u00eb par\u00eb n\u00eb krye t\u00eb Gjimnazit t\u00eb Ulqini si [&hellip;]<\/p>\n","protected":false},"author":1,"featured_media":28649,"comment_status":"open","ping_status":"open","sticky":false,"template":"","format":"standard","meta":{"_seopress_robots_primary_cat":"","_seopress_titles_title":"","_seopress_titles_desc":"","_seopress_robots_index":"","footnotes":""},"categories":[2,12],"tags":[2817,557,2806,124,2728,28],"class_list":["post-28648","post","type-post","status-publish","format-standard","has-post-thumbnail","hentry","category-aktualitet","category-opinione","tag-ardita-kovaci","tag-gjimnazi-ulqinit","tag-sadije-hollaj","tag-shkolla-mesme-ulqin","tag-shtepia-e-shendetit","tag-ulqin"],"_links":{"self":[{"href":"https:\/\/ulqini-online.com\/sajti\/index.php?rest_route=\/wp\/v2\/posts\/28648","targetHints":{"allow":["GET"]}}],"collection":[{"href":"https:\/\/ulqini-online.com\/sajti\/index.php?rest_route=\/wp\/v2\/posts"}],"about":[{"href":"https:\/\/ulqini-online.com\/sajti\/index.php?rest_route=\/wp\/v2\/types\/post"}],"author":[{"embeddable":true,"href":"https:\/\/ulqini-online.com\/sajti\/index.php?rest_route=\/wp\/v2\/users\/1"}],"replies":[{"embeddable":true,"href":"https:\/\/ulqini-online.com\/sajti\/index.php?rest_route=%2Fwp%2Fv2%2Fcomments&post=28648"}],"version-history":[{"count":9,"href":"https:\/\/ulqini-online.com\/sajti\/index.php?rest_route=\/wp\/v2\/posts\/28648\/revisions"}],"predecessor-version":[{"id":28658,"href":"https:\/\/ulqini-online.com\/sajti\/index.php?rest_route=\/wp\/v2\/posts\/28648\/revisions\/28658"}],"wp:featuredmedia":[{"embeddable":true,"href":"https:\/\/ulqini-online.com\/sajti\/index.php?rest_route=\/wp\/v2\/media\/28649"}],"wp:attachment":[{"href":"https:\/\/ulqini-online.com\/sajti\/index.php?rest_route=%2Fwp%2Fv2%2Fmedia&parent=28648"}],"wp:term":[{"taxonomy":"category","embeddable":true,"href":"https:\/\/ulqini-online.com\/sajti\/index.php?rest_route=%2Fwp%2Fv2%2Fcategories&post=28648"},{"taxonomy":"post_tag","embeddable":true,"href":"https:\/\/ulqini-online.com\/sajti\/index.php?rest_route=%2Fwp%2Fv2%2Ftags&post=28648"}],"curies":[{"name":"wp","href":"https:\/\/api.w.org\/{rel}","templated":true}]}}