{"id":28645,"date":"2021-03-28T16:39:00","date_gmt":"2021-03-28T14:39:00","guid":{"rendered":"https:\/\/ulqini-online.com\/sajti\/?p=28645"},"modified":"2021-03-28T17:10:45","modified_gmt":"2021-03-28T15:10:45","slug":"gjeka-i-ragon-leposaviqit","status":"publish","type":"post","link":"https:\/\/ulqini-online.com\/sajti\/?p=28645","title":{"rendered":"Gjeka i ragon Leposaviqit"},"content":{"rendered":"\n<div class=\"wp-block-image\"><figure class=\"alignleft size-large\"><a href=\"https:\/\/ulqini-online.com\/sajti\/wp-content\/uploads\/2014\/11\/Fatmir-gjeka-shba.jpg\"><img loading=\"lazy\" decoding=\"async\" width=\"450\" height=\"603\" src=\"https:\/\/ulqini-online.com\/sajti\/wp-content\/uploads\/2014\/11\/Fatmir-gjeka-shba.jpg\" alt=\"\" class=\"wp-image-454\" srcset=\"https:\/\/ulqini-online.com\/sajti\/wp-content\/uploads\/2014\/11\/Fatmir-gjeka-shba.jpg 450w, https:\/\/ulqini-online.com\/sajti\/wp-content\/uploads\/2014\/11\/Fatmir-gjeka-shba-223x300.jpg 223w\" sizes=\"auto, (max-width: 450px) 100vw, 450px\" \/><\/a><\/figure><\/div>\n\n\n\n<p><strong>Gjeka porositi Lleposaviqin: KOSOVA, E JO ASESI \u201cKOSMETI\u201d, \u00cbSHT\u00cb SHTET I PAVARUR DHE DEMOKRATIK <\/strong><\/p>\n\n\n\n<p>Ministri aktual i t\u00eb Drejt\u00ebsis\u00eb dhe Pakicave t\u00eb Malit t\u00eb Zi, Vlladimir Leposaviq, ende nuk e ka kuptuar se ai \u00ebsht\u00eb n\u00eb nj\u00eb pozit\u00eb jasht\u00ebzakonisht t\u00eb r\u00ebnd\u00ebsishme shtet\u00ebrore. Sepse, n\u00ebse ai do ta dinte q\u00eb, p\u00ebrve\u00e7 p\u00ebrdorimit t\u00eb privilegjeve q\u00eb shkojn\u00eb me at\u00eb funksion t\u00eb lart\u00eb, do t\u00eb duhej t\u00eb kishte gjithnj\u00eb parasysh se ai mund t\u00eb p\u00ebrfaq\u00ebsoj\u00eb pik\u00ebpamjet e tija personale, t\u00eb cilat nuk jan\u00eb n\u00eb p\u00ebrputhje me politikat dhe ligjin shtet\u00ebror dhe nd\u00ebrkomb\u00ebtar, vet\u00ebm n\u00eb sht\u00ebpin\u00eb e tij ose n\u00eb prani t\u00eb miqve, k\u00ebshtu e fillon nj\u00eb deklarat\u00eb p\u00ebr shtyp deputeti i Koalicionit Shqiptar \u201cBashk\u00eb nj\u00eb za\u201d dhe kryetarit t\u00eb Partis\u00eb Demokratike, Fatmir Gjeka.<\/p>\n\n\n\n<p>Meq\u00eb ai ende nuk e kupton, at\u00ebher\u00eb ndodhin shkelje serioze si ajo t\u00eb premten n\u00eb Parlamentin e Malit t\u00eb Zi, kur mohoi gjenocidin n\u00eb Srebrenic\u00eb. \u00cbsht\u00eb e pabesueshme q\u00eb n\u00eb vitin 2021, n\u00eb Malin e Zi, i cili \u00ebsht\u00eb an\u00ebtar i NATO-s dhe aspiron drejt BE-s\u00eb, kemi zyrtar\u00eb t\u00eb lart\u00eb shtet\u00ebror\u00eb t\u00eb cil\u00ebt ende nuk e pranojn\u00eb at\u00eb fakt t\u00eb dhimbsh\u00ebm, vazhdon deklarata.<\/p>\n\n\n\n<p><br>Por, ministri aktual nuk u ndal k\u00ebtu. Vazhdoi, si\u00e7 tha, drejt \u201cKosmetit\u201d, pa e kuptuar q\u00eb prej koh\u00ebsh ekziston nj\u00eb shtet i pavarur \u2013 Republika e Kosov\u00ebs. Se n\u00eb at\u00eb shtet sovran koh\u00ebt e fundit u mbajt\u00ebn zgjedhjet e drejta dhe demokratike, dhe se ai shtet, t\u00eb cilin Mali i Zi e njohu m\u00eb shum\u00eb se nj\u00eb dekad\u00eb m\u00eb par\u00eb, koh\u00ebt e fundit fitoi nj\u00eb qeveri demokratike, ku bashk\u00ebkomb\u00ebsit e tij jan\u00eb pjes\u00eb e saj, dhe n\u00eb t\u00eb cil\u00ebn t\u00eb gjitha pakicat e tjera nderohen dhe respektohen. Pra, i nderuari minist\u00ebr, me relativizimet dhe deklaratat tuaja jo-shtet\u00ebrore t\u00eb rrezikshme, ju keni posht\u00ebruar m\u00eb s\u00eb shumti veten tuaj, pastaj Qeverin\u00eb n\u00eb t\u00eb cil\u00ebn jeni, por edhe reputacionin nd\u00ebrkomb\u00ebtar t\u00eb Malit t\u00eb Zi, dhe keni shkelur marr\u00ebveshjet dhe standardet nd\u00ebrkomb\u00ebtare q\u00eb obligojn\u00eb vendin ton\u00eb. Madje edhe n\u00ebse vjen nga ju, Minist\u00ebr aktual i Drejt\u00ebsis\u00eb dhe t\u00eb Drejtave t\u00eb Njeriut dhe Pakicave, tep\u00ebr \u00ebsht\u00eb!, p\u00ebrfundon deklarata p\u00ebr shtyp e deputetit t\u00eb Koalicionit Shqiptar \u201cBashk\u00eb nj\u00eb za\u201d.<\/p>\n","protected":false},"excerpt":{"rendered":"<p>Gjeka porositi Lleposaviqin: KOSOVA, E JO ASESI \u201cKOSMETI\u201d, \u00cbSHT\u00cb SHTET I PAVARUR DHE DEMOKRATIK Ministri aktual i t\u00eb Drejt\u00ebsis\u00eb dhe Pakicave t\u00eb Malit t\u00eb Zi, Vlladimir Leposaviq, ende nuk e ka kuptuar se ai \u00ebsht\u00eb n\u00eb nj\u00eb pozit\u00eb jasht\u00ebzakonisht t\u00eb r\u00ebnd\u00ebsishme shtet\u00ebrore. Sepse, n\u00ebse ai do ta dinte q\u00eb, p\u00ebrve\u00e7 p\u00ebrdorimit t\u00eb privilegjeve q\u00eb shkojn\u00eb [&hellip;]<\/p>\n","protected":false},"author":1,"featured_media":454,"comment_status":"open","ping_status":"open","sticky":false,"template":"","format":"standard","meta":{"_seopress_robots_primary_cat":"","_seopress_titles_title":"","_seopress_titles_desc":"","_seopress_robots_index":"","footnotes":""},"categories":[2,3],"tags":[],"class_list":["post-28645","post","type-post","status-publish","format-standard","has-post-thumbnail","hentry","category-aktualitet","category-politike"],"_links":{"self":[{"href":"https:\/\/ulqini-online.com\/sajti\/index.php?rest_route=\/wp\/v2\/posts\/28645","targetHints":{"allow":["GET"]}}],"collection":[{"href":"https:\/\/ulqini-online.com\/sajti\/index.php?rest_route=\/wp\/v2\/posts"}],"about":[{"href":"https:\/\/ulqini-online.com\/sajti\/index.php?rest_route=\/wp\/v2\/types\/post"}],"author":[{"embeddable":true,"href":"https:\/\/ulqini-online.com\/sajti\/index.php?rest_route=\/wp\/v2\/users\/1"}],"replies":[{"embeddable":true,"href":"https:\/\/ulqini-online.com\/sajti\/index.php?rest_route=%2Fwp%2Fv2%2Fcomments&post=28645"}],"version-history":[{"count":2,"href":"https:\/\/ulqini-online.com\/sajti\/index.php?rest_route=\/wp\/v2\/posts\/28645\/revisions"}],"predecessor-version":[{"id":28647,"href":"https:\/\/ulqini-online.com\/sajti\/index.php?rest_route=\/wp\/v2\/posts\/28645\/revisions\/28647"}],"wp:featuredmedia":[{"embeddable":true,"href":"https:\/\/ulqini-online.com\/sajti\/index.php?rest_route=\/wp\/v2\/media\/454"}],"wp:attachment":[{"href":"https:\/\/ulqini-online.com\/sajti\/index.php?rest_route=%2Fwp%2Fv2%2Fmedia&parent=28645"}],"wp:term":[{"taxonomy":"category","embeddable":true,"href":"https:\/\/ulqini-online.com\/sajti\/index.php?rest_route=%2Fwp%2Fv2%2Fcategories&post=28645"},{"taxonomy":"post_tag","embeddable":true,"href":"https:\/\/ulqini-online.com\/sajti\/index.php?rest_route=%2Fwp%2Fv2%2Ftags&post=28645"}],"curies":[{"name":"wp","href":"https:\/\/api.w.org\/{rel}","templated":true}]}}