{"id":28640,"date":"2021-03-26T13:20:21","date_gmt":"2021-03-26T12:20:21","guid":{"rendered":"https:\/\/ulqini-online.com\/sajti\/?p=28640"},"modified":"2021-03-26T13:20:21","modified_gmt":"2021-03-26T12:20:21","slug":"shoqata-ana-e-malit-kerkon-perkrahje-ne-realizimin-e-ndertimit-te-qendres-se-kumunitetit-ne-staten-island-ny","status":"publish","type":"post","link":"https:\/\/ulqini-online.com\/sajti\/?p=28640","title":{"rendered":"Shoqata \u201cAna e Malit\u201d k\u00ebrkon p\u00ebrkrahje n\u00eb realizimin e nd\u00ebrtimit t\u00eb Qendr\u00ebs s\u00eb kumunitetit n\u00eb Staten Island (NY)"},"content":{"rendered":"\n<figure class=\"wp-block-image alignwide size-large\"><a href=\"https:\/\/ulqini-online.com\/sajti\/wp-content\/uploads\/2021\/03\/Qendra-komunitetit-ne-Staten-Island.jpg\"><img loading=\"lazy\" decoding=\"async\" width=\"640\" height=\"446\" src=\"https:\/\/ulqini-online.com\/sajti\/wp-content\/uploads\/2021\/03\/Qendra-komunitetit-ne-Staten-Island.jpg\" alt=\"\" class=\"wp-image-28641\" srcset=\"https:\/\/ulqini-online.com\/sajti\/wp-content\/uploads\/2021\/03\/Qendra-komunitetit-ne-Staten-Island.jpg 640w, https:\/\/ulqini-online.com\/sajti\/wp-content\/uploads\/2021\/03\/Qendra-komunitetit-ne-Staten-Island-300x209.jpg 300w\" sizes=\"auto, (max-width: 640px) 100vw, 640px\" \/><\/a><\/figure>\n\n\n\n<p>Nga Xheladin Zeneli<\/p>\n\n\n\n<p>Koh\u00eb m\u00eb par\u00eb Shoqata \u201c Ana e Malit\u201d n\u00eb New York, ka marr\u00eb iniciativ\u00ebn p\u00ebr blerjen e objektit\u00a0\u00a0apo vendit i cili\u00a0\u00a0do\u00a0\u00a0t\u00eb sh\u00ebrbej\u00eb jo vet\u00ebm si seli e Shoqat\u00ebs por nj\u00ebherit do t\u00eb jet\u00eb Qendra\u00a0\u00a0e komunitetit anamalas n\u00eb New York me rrethin\u00eb.<\/p>\n\n\n\n<p>Idea e realizimit t\u00eb nj\u00eb Qendre t\u00eb till\u00eb ka qen\u00eb n\u00eb plan-programin&nbsp;&nbsp;e Shoqat\u00ebs \u201cAna e Malit\u201d dhe q\u00ebllim i komunitetit t\u00eb saj q\u00eb nga koha e themelimit t\u00eb k\u00ebsaj Shoqate n\u00eb vitin 1997, por edhe m\u00eb her\u00ebt. Deri m\u00eb sot, nuk ka ardhur deri te arritja e k\u00ebtij projekti p\u00ebr vet\u00eb faktin se gjat\u00eb gjith\u00eb k\u00ebsaj kohe Shoqata \u201c Ana e Malit\u201d, ka qen\u00eb kryesisht e p\u00ebrqendruar n\u00eb aktivitetet q\u00eb kan\u00eb t\u00eb b\u00ebjn\u00eb me vendlindjen dhe nevojat e bashk\u00ebvendasve tan\u00eb si dhe me aktivitete t\u00eb tjera me karakter humanitar dhe komb\u00ebtar n\u00eb atdhe.<\/p>\n\n\n\n<p>Mendoj se nuk ka nevoj\u00eb t\u00eb shpjegohet r\u00ebnd\u00ebsia e posedimit t\u00eb nj\u00eb selie t\u00eb Shoqat\u00ebs apo t\u00eb nj\u00eb Qendreje&nbsp;&nbsp;komuniteti, pra i nj\u00eb vendi apo nd\u00ebrtese&nbsp;&nbsp;ku do t\u00eb mbahen mbledhje, tubime, takime dhe organizime t\u00eb ndryshme .<\/p>\n\n\n\n<p>Me vite t\u00eb t\u00ebra k\u00ebto mbledhje dhe takime jan\u00eb mbajtur n\u00eb lokale t\u00eb huazuara n\u00eb vende t\u00eb ndryshme t\u00eb New York-ut dhe k\u00ebtu kan\u00eb merit\u00eb disa afarist\u00eb shqiptar\u00eb anamalas por edhe bashk\u00ebatdhetar\u00eb t\u00eb tjer\u00eb,t\u00eb cil\u00ebt vazhdimisht kan\u00eb ofruar dhe kan\u00eb hapur dyert\u00eb e zyrave t\u00eb bisneseve t\u00eb tyre p\u00ebr mbajtjen e mbledhjeve apo nevojat e tjera t\u00eb Shoqat\u00ebs.&nbsp;<\/p>\n\n\n\n<p>Tani&nbsp;&nbsp;\u00ebsht\u00eb koha q\u00eb Shoqata \u201c Ana e Malit\u201d dhe komuniteti i saj t\u00eb b\u00ebhet me \u201csht\u00ebpin\u00eb\u201d e vet t\u00eb p\u00ebrhershme. Staten Island-i \u00ebsht\u00eb vendi m\u00eb i adekuat p\u00ebr k\u00ebt\u00eb pasi q\u00eb aty gravitojn\u00eb numri m\u00eb i madh i komunitetit ton\u00eb.<\/p>\n\n\n\n<p>Nj\u00eb nd\u00ebr sfidat e komunitetit shqiptar n\u00eb SHBA dhe me k\u00ebte edhe t\u00eb komunitetit anamalas \u00ebsht\u00eb ruajtja dhe kultivimi i gjuh\u00ebn dhe tradit\u00ebs shqiptare dhe p\u00ebrcjellja e trashigimis\u00eb komb\u00ebtare te brezat e rinj . Nj\u00eb rol kryesor n\u00eb k\u00ebt\u00eb aspekt kan\u00eb grupet dhe shoq\u00ebrit\u00eb kulturore artistike.N\u00eb kuad\u00ebr t\u00eb Shoqat\u00ebs \u201c Ana e Malit\u201d vepron grupi artistik i vall\u00ebzimit \u201c Freskia\u201d n\u00eb p\u00ebrb\u00ebrjen e s\u00eb cilit jan\u00eb shum\u00eb djem e vajza t\u00eb cilat kan\u00eb vullnet, d\u00ebshir\u00eb&nbsp;&nbsp;e pasion t\u00eb m\u00ebsojn\u00eb k\u00ebng\u00ebt dhe vallet e bukura shqiptare .<\/p>\n\n\n\n<p>Nj\u00eb Qend\u00ebr e ardhshme e komunitetit do t\u00eb mund\u00ebsonte q\u00eb brenda hap\u00ebsir\u00ebs s\u00eb k\u00ebsaj Qendreje t\u00eb mbahen aktivitete kulturore t\u00eb Shoqat\u00ebs, por edhe shum\u00eb organizime t\u00eb tjera me karakter edukativ-arsimor, arg\u00ebtues dhe festiv.<\/p>\n\n\n\n<p>Si\u00e7 njofton kryetari i Shoqat\u00ebs \u201cAna e Malit\u201d, z. Safet Llolla, vendi i objektit tashm\u00eb \u00ebsht\u00eb siguruar dhe kontrata e pron\u00ebsimit \u00ebsht\u00eb n\u00ebnshkruar, k\u00ebshtu q\u00eb tani k\u00ebrkohet p\u00ebrkrahja financiare dhe materiale nga ana e pj\u00ebs\u00ebtar\u00ebve t\u00eb komunitetit anamalas q\u00eb me kontributet dhe donacionet e tyre bujare t\u00eb ndihmoj\u00eb n\u00eb pagimin e \u00e7mimit p\u00ebrfundimtar t\u00eb k\u00ebtij objekti.<\/p>\n\n\n\n<p>Objekti ka nevoj\u00eb p\u00ebr nj\u00eb transformim qen\u00ebsor, k\u00ebshtu q\u00eb rinovimi, rind\u00ebrtimi si dhe zgjerimi eventual i hap\u00ebsir\u00ebs s\u00eb k\u00ebsaj nd\u00ebrtese&nbsp;&nbsp;do t\u00eb m\u00ebvaret krejt\u00ebsisht nga shuma e kontributeve financiare q\u00eb do t\u00eb mblidhen nga pjes\u00ebtar\u00ebt dhe bisnismen\u00ebt e komunitetit. Pra sa m\u00eb shum\u00eb mjete financiare q\u00eb do t\u00eb mblidhen, aq m\u00eb i plot\u00eb dhe m\u00eb p\u00ebrshtatsh\u00ebm&nbsp;&nbsp;do duket realizimi i k\u00ebsaj&nbsp;&nbsp;Qendreje.<\/p>\n\n\n\n<p>Vlen t\u00eb p\u00ebrmendet se disa pronar\u00eb shqiptar\u00eb t\u00eb bisneseve t\u00eb nd\u00ebrtimit q\u00eb n\u00eb fillim kan\u00eb ofruar sh\u00ebrbimet e tyre pa kompenzim p\u00ebr nevojat e renovimit eventual t\u00eb objektit n\u00eb fjal\u00eb.<\/p>\n\n\n\n<p>Deri m\u00eb tani jan\u00eb mbledhur&nbsp;&nbsp;&nbsp;nj\u00eb num\u00ebr i konsideruesh\u00ebm i donacioneve nga disa pjes\u00ebtar\u00eb t\u00eb komunitetit&nbsp;&nbsp;anamalas , por nj\u00ebherit kjo nis\u00ebm&nbsp;&nbsp;ka hasur n\u00eb p\u00ebrkrahje edhe nga pjes\u00ebtar\u00eb t\u00eb tjer\u00eb t\u00eb komunitetit shqiptar\u00eb si nga New York-u , ashtu si edhe nga ata q\u00eb jetojn\u00eb n\u00eb vende t\u00eb tjera t\u00eb SHBA-ve.<\/p>\n\n\n\n<p>Megjithate, shuma e deritashme e mbledhur apo e premtuar \u00ebsht\u00eb shum\u00eb larg shum\u00ebs e cila nevojitet p\u00ebr arritjen e q\u00ebllimit t\u00eb duhur final p\u00ebr blerjen komplete t\u00eb objektit dhe vendit t\u00eb parapar\u00eb p\u00ebr k\u00ebt\u00eb Qend\u00ebr.<\/p>\n\n\n\n<p>Prandaj \u00ebsht\u00eb me r\u00ebnd\u00ebsi q\u00eb secili pjes\u00ebtar\u00eb i komunitetit anamalas nga New York-u me rrethin\u00eb, sipas mund\u00ebsis\u00eb, ti p\u00ebrgjigjet aksionit t\u00eb Shoqat\u00ebs \u201cAna e Malit\u201d p\u00ebr mbledhjen&nbsp;&nbsp;e mjeteve financiare dhe t\u00eb jap kontributin e vet p\u00ebr k\u00ebt\u00eb projekt shum\u00eb t\u00eb r\u00ebnd\u00ebsish\u00ebm dhe jetik, sidomos p\u00ebr gjeneratat e ardhshme t\u00eb Diaspor\u00ebs ton\u00eb.<\/p>\n\n\n\n<p>P\u00ebr informata t\u00eb tjera si dhe m\u00ebnyr\u00ebn se si mund t\u00eb ndihmoni dhe t\u00eb kontriboni p\u00ebr k\u00ebt\u00eb projekt t\u00eb komunitetit ton\u00eb, klikoni n\u00eb link-un e m\u00ebposht\u00ebm:<\/p>\n\n\n\n<p>http:\/\/anaemalit.com\/al\/2021\/03\/04\/shoqata-inicion-blerjen-e-lokalit-qe-do-te-jet-ne-sherbim-te-komunitet-anamalas-dhe-me-tej\/<\/p>\n\n\n\n<p><\/p>\n\n\n\n<p>Mars 2021<\/p>\n","protected":false},"excerpt":{"rendered":"<p>Nga Xheladin Zeneli Koh\u00eb m\u00eb par\u00eb Shoqata \u201c Ana e Malit\u201d n\u00eb New York, ka marr\u00eb iniciativ\u00ebn p\u00ebr blerjen e objektit\u00a0\u00a0apo vendit i cili\u00a0\u00a0do\u00a0\u00a0t\u00eb sh\u00ebrbej\u00eb jo vet\u00ebm si seli e Shoqat\u00ebs por nj\u00ebherit do t\u00eb jet\u00eb Qendra\u00a0\u00a0e komunitetit anamalas n\u00eb New York me rrethin\u00eb. Idea e realizimit t\u00eb nj\u00eb Qendre t\u00eb till\u00eb ka qen\u00eb n\u00eb [&hellip;]<\/p>\n","protected":false},"author":1,"featured_media":28641,"comment_status":"open","ping_status":"open","sticky":false,"template":"","format":"standard","meta":{"_seopress_robots_primary_cat":"","_seopress_titles_title":"","_seopress_titles_desc":"","_seopress_robots_index":"","footnotes":""},"categories":[2,5],"tags":[2816,1658,229],"class_list":["post-28640","post","type-post","status-publish","format-standard","has-post-thumbnail","hentry","category-aktualitet","category-diaspora","tag-safet-llolla","tag-shoqata-ana-e-malit","tag-xheladin-zeneli"],"_links":{"self":[{"href":"https:\/\/ulqini-online.com\/sajti\/index.php?rest_route=\/wp\/v2\/posts\/28640","targetHints":{"allow":["GET"]}}],"collection":[{"href":"https:\/\/ulqini-online.com\/sajti\/index.php?rest_route=\/wp\/v2\/posts"}],"about":[{"href":"https:\/\/ulqini-online.com\/sajti\/index.php?rest_route=\/wp\/v2\/types\/post"}],"author":[{"embeddable":true,"href":"https:\/\/ulqini-online.com\/sajti\/index.php?rest_route=\/wp\/v2\/users\/1"}],"replies":[{"embeddable":true,"href":"https:\/\/ulqini-online.com\/sajti\/index.php?rest_route=%2Fwp%2Fv2%2Fcomments&post=28640"}],"version-history":[{"count":1,"href":"https:\/\/ulqini-online.com\/sajti\/index.php?rest_route=\/wp\/v2\/posts\/28640\/revisions"}],"predecessor-version":[{"id":28642,"href":"https:\/\/ulqini-online.com\/sajti\/index.php?rest_route=\/wp\/v2\/posts\/28640\/revisions\/28642"}],"wp:featuredmedia":[{"embeddable":true,"href":"https:\/\/ulqini-online.com\/sajti\/index.php?rest_route=\/wp\/v2\/media\/28641"}],"wp:attachment":[{"href":"https:\/\/ulqini-online.com\/sajti\/index.php?rest_route=%2Fwp%2Fv2%2Fmedia&parent=28640"}],"wp:term":[{"taxonomy":"category","embeddable":true,"href":"https:\/\/ulqini-online.com\/sajti\/index.php?rest_route=%2Fwp%2Fv2%2Fcategories&post=28640"},{"taxonomy":"post_tag","embeddable":true,"href":"https:\/\/ulqini-online.com\/sajti\/index.php?rest_route=%2Fwp%2Fv2%2Ftags&post=28640"}],"curies":[{"name":"wp","href":"https:\/\/api.w.org\/{rel}","templated":true}]}}