{"id":28636,"date":"2021-03-26T13:16:31","date_gmt":"2021-03-26T12:16:31","guid":{"rendered":"https:\/\/ulqini-online.com\/sajti\/?p=28636"},"modified":"2021-03-26T13:16:31","modified_gmt":"2021-03-26T12:16:31","slug":"mehmeti-uron-kurtin-e-konjufcen","status":"publish","type":"post","link":"https:\/\/ulqini-online.com\/sajti\/?p=28636","title":{"rendered":"Mehmeti uron Kurtin e Konjufcen"},"content":{"rendered":"\n<p>Kryetari i Lidhjes Demokratike n\u00eb Mal t\u00eb Zi Saubih Mehmeti ka derguar urimet Kryeministrit t\u00eb Kosov\u00ebs z. Albin Kurti dhe Kryeparlamentarit t\u00eb Kosov\u00ebs, z. Glauk Konjufca p\u00ebr zgjedhjet e tyre n\u00eb k\u00ebto poste.<\/p>\n\n\n\n<p>Urimet t\u00eb plota mund ti lexoni m\u00eb posht\u00eb.<\/p>\n\n\n\n<div class=\"wp-block-image\"><figure class=\"aligncenter size-full\"><a href=\"https:\/\/ulqini-online.com\/sajti\/wp-content\/uploads\/2021\/03\/Scan-Albin-Kurti.jpg\"><img loading=\"lazy\" decoding=\"async\" width=\"476\" height=\"640\" src=\"https:\/\/ulqini-online.com\/sajti\/wp-content\/uploads\/2021\/03\/Scan-Albin-Kurti.jpg\" alt=\"\" class=\"wp-image-28637\" srcset=\"https:\/\/ulqini-online.com\/sajti\/wp-content\/uploads\/2021\/03\/Scan-Albin-Kurti.jpg 476w, https:\/\/ulqini-online.com\/sajti\/wp-content\/uploads\/2021\/03\/Scan-Albin-Kurti-223x300.jpg 223w\" sizes=\"auto, (max-width: 476px) 100vw, 476px\" \/><\/a><\/figure><\/div>\n\n\n\n<div class=\"wp-block-image\"><figure class=\"aligncenter size-full\"><a href=\"https:\/\/ulqini-online.com\/sajti\/wp-content\/uploads\/2021\/03\/Scan-Glauk-Konjufca.jpg\"><img loading=\"lazy\" decoding=\"async\" width=\"480\" height=\"586\" src=\"https:\/\/ulqini-online.com\/sajti\/wp-content\/uploads\/2021\/03\/Scan-Glauk-Konjufca.jpg\" alt=\"\" class=\"wp-image-28638\" srcset=\"https:\/\/ulqini-online.com\/sajti\/wp-content\/uploads\/2021\/03\/Scan-Glauk-Konjufca.jpg 480w, https:\/\/ulqini-online.com\/sajti\/wp-content\/uploads\/2021\/03\/Scan-Glauk-Konjufca-246x300.jpg 246w\" sizes=\"auto, (max-width: 480px) 100vw, 480px\" \/><\/a><\/figure><\/div>\n","protected":false},"excerpt":{"rendered":"<p>Kryetari i Lidhjes Demokratike n\u00eb Mal t\u00eb Zi Saubih Mehmeti ka derguar urimet Kryeministrit t\u00eb Kosov\u00ebs z. Albin Kurti dhe Kryeparlamentarit t\u00eb Kosov\u00ebs, z. Glauk Konjufca p\u00ebr zgjedhjet e tyre n\u00eb k\u00ebto poste. Urimet t\u00eb plota mund ti lexoni m\u00eb posht\u00eb.<\/p>\n","protected":false},"author":1,"featured_media":28581,"comment_status":"open","ping_status":"open","sticky":false,"template":"","format":"standard","meta":{"_seopress_robots_primary_cat":"","_seopress_titles_title":"","_seopress_titles_desc":"","_seopress_robots_index":"","footnotes":""},"categories":[2,3],"tags":[1249,2812,324],"class_list":["post-28636","post","type-post","status-publish","format-standard","has-post-thumbnail","hentry","category-aktualitet","category-politike","tag-albin-kurti","tag-glauk-konjufca","tag-saubih-mehmeti"],"_links":{"self":[{"href":"https:\/\/ulqini-online.com\/sajti\/index.php?rest_route=\/wp\/v2\/posts\/28636","targetHints":{"allow":["GET"]}}],"collection":[{"href":"https:\/\/ulqini-online.com\/sajti\/index.php?rest_route=\/wp\/v2\/posts"}],"about":[{"href":"https:\/\/ulqini-online.com\/sajti\/index.php?rest_route=\/wp\/v2\/types\/post"}],"author":[{"embeddable":true,"href":"https:\/\/ulqini-online.com\/sajti\/index.php?rest_route=\/wp\/v2\/users\/1"}],"replies":[{"embeddable":true,"href":"https:\/\/ulqini-online.com\/sajti\/index.php?rest_route=%2Fwp%2Fv2%2Fcomments&post=28636"}],"version-history":[{"count":1,"href":"https:\/\/ulqini-online.com\/sajti\/index.php?rest_route=\/wp\/v2\/posts\/28636\/revisions"}],"predecessor-version":[{"id":28639,"href":"https:\/\/ulqini-online.com\/sajti\/index.php?rest_route=\/wp\/v2\/posts\/28636\/revisions\/28639"}],"wp:featuredmedia":[{"embeddable":true,"href":"https:\/\/ulqini-online.com\/sajti\/index.php?rest_route=\/wp\/v2\/media\/28581"}],"wp:attachment":[{"href":"https:\/\/ulqini-online.com\/sajti\/index.php?rest_route=%2Fwp%2Fv2%2Fmedia&parent=28636"}],"wp:term":[{"taxonomy":"category","embeddable":true,"href":"https:\/\/ulqini-online.com\/sajti\/index.php?rest_route=%2Fwp%2Fv2%2Fcategories&post=28636"},{"taxonomy":"post_tag","embeddable":true,"href":"https:\/\/ulqini-online.com\/sajti\/index.php?rest_route=%2Fwp%2Fv2%2Ftags&post=28636"}],"curies":[{"name":"wp","href":"https:\/\/api.w.org\/{rel}","templated":true}]}}