{"id":28580,"date":"2021-03-23T18:24:22","date_gmt":"2021-03-23T17:24:22","guid":{"rendered":"http:\/\/ulqini-online.com\/sajti\/?p=28580"},"modified":"2021-03-23T18:24:22","modified_gmt":"2021-03-23T17:24:22","slug":"cungu-uron-kurtin","status":"publish","type":"post","link":"https:\/\/ulqini-online.com\/sajti\/?p=28580","title":{"rendered":"Cungu uron Kurtin"},"content":{"rendered":"\n<figure class=\"wp-block-image alignwide size-large is-style-default\"><a href=\"https:\/\/ulqini-online.com\/sajti\/wp-content\/uploads\/2021\/03\/Albin-kurti.jpg\"><img loading=\"lazy\" decoding=\"async\" width=\"800\" height=\"533\" src=\"https:\/\/ulqini-online.com\/sajti\/wp-content\/uploads\/2021\/03\/Albin-kurti.jpg\" alt=\"\" class=\"wp-image-28581\" srcset=\"https:\/\/ulqini-online.com\/sajti\/wp-content\/uploads\/2021\/03\/Albin-kurti.jpg 800w, https:\/\/ulqini-online.com\/sajti\/wp-content\/uploads\/2021\/03\/Albin-kurti-300x200.jpg 300w, https:\/\/ulqini-online.com\/sajti\/wp-content\/uploads\/2021\/03\/Albin-kurti-768x512.jpg 768w\" sizes=\"auto, (max-width: 800px) 100vw, 800px\" \/><\/a><\/figure>\n\n\n\n<p>Kryetari Forc\u00ebs s\u00eb Re Demokratike Nazif Cungu ka uruar kryeministrin e zgjedhur t\u00eb Kosov\u00ebs Albin Kurti p\u00ebr zgjedhjen n\u00eb at\u00eb post.<\/p>\n\n\n\n<p>Urimin e Cungut mund ta lexoni m\u00eb posht\u00eb. <\/p>\n\n\n\n<p><em>Republika e Kosov\u00ebs<br>Zyra e Kryeministrit<br><strong>Kryeminist\u00ebr, \u00a0z. Albin Kurti<\/strong><\/em><\/p>\n\n\n\n<p><em>I nderuari z. Kurti,<\/em><\/p>\n\n\n\n<p><em>Pranoni urimet e mia t\u00eb sinqerta p\u00ebr fitoren e Juaj si Kryeminist\u00ebr i Qeveris\u00eb s\u00eb Republik\u00ebs s\u00eb Kosov\u00ebs.<\/em><\/p>\n\n\n\n<p><em>Jam i bindur q\u00eb Kosova n\u00ebn udh\u00ebheqjen e Juaj si Kryeminist\u00ebr do t\u00eb jet\u00eb nj\u00eb Qeveri e vlerave demokratike, e dituris\u00eb\u00a0 dhe drejt\u00ebsis\u00eb dhe se do t\u00eb sjell\u00eb edhe frym\u00ebn e ndryshimit, zhvillimit dhe stabilitetit politik.<\/em><\/p>\n\n\n\n<p><em>Shpresoj q\u00eb Kosova do t\u00eb angazhohet edhe m\u00eb tep\u00ebr n\u00eb marr\u00ebdh\u00ebniet e mira me Malin e Zi dhe do ta ruaj rolin e vjet\u00ebr q\u00eb shoq\u00ebria e Kosov\u00ebs e ka pasur ndaj shqiptar\u00ebve n\u00eb Mal t\u00eb Zi.\u00a0\u00a0<\/em><\/p>\n\n\n\n<p><em>Prandaj n\u00eb em\u00ebr tim dhe n\u00eb em\u00ebr t\u00eb Forc\u00ebs s\u00eb Re Demokratike Ju uroj sa m\u00eb shum\u00eb sukses n\u00eb k\u00ebt\u00eb mision, me shpres\u00eb t\u00eb nj\u00eb\u00a0 takimi sa m\u00eb t\u00eb shpejt\u00eb.\u00a0<\/em><\/p>\n\n\n\n<p><em>Sinqerisht,<br>Kryetar<br>Nazif Cungu<\/em><\/p>\n","protected":false},"excerpt":{"rendered":"<p>Kryetari Forc\u00ebs s\u00eb Re Demokratike Nazif Cungu ka uruar kryeministrin e zgjedhur t\u00eb Kosov\u00ebs Albin Kurti p\u00ebr zgjedhjen n\u00eb at\u00eb post. Urimin e Cungut mund ta lexoni m\u00eb posht\u00eb. Republika e Kosov\u00ebsZyra e KryeministritKryeminist\u00ebr, \u00a0z. Albin Kurti I nderuari z. Kurti, Pranoni urimet e mia t\u00eb sinqerta p\u00ebr fitoren e Juaj si Kryeminist\u00ebr i Qeveris\u00eb [&hellip;]<\/p>\n","protected":false},"author":1,"featured_media":28581,"comment_status":"open","ping_status":"open","sticky":false,"template":"","format":"standard","meta":{"_seopress_robots_primary_cat":"","_seopress_titles_title":"","_seopress_titles_desc":"","_seopress_robots_index":"","footnotes":""},"categories":[2,3],"tags":[],"class_list":["post-28580","post","type-post","status-publish","format-standard","has-post-thumbnail","hentry","category-aktualitet","category-politike"],"_links":{"self":[{"href":"https:\/\/ulqini-online.com\/sajti\/index.php?rest_route=\/wp\/v2\/posts\/28580","targetHints":{"allow":["GET"]}}],"collection":[{"href":"https:\/\/ulqini-online.com\/sajti\/index.php?rest_route=\/wp\/v2\/posts"}],"about":[{"href":"https:\/\/ulqini-online.com\/sajti\/index.php?rest_route=\/wp\/v2\/types\/post"}],"author":[{"embeddable":true,"href":"https:\/\/ulqini-online.com\/sajti\/index.php?rest_route=\/wp\/v2\/users\/1"}],"replies":[{"embeddable":true,"href":"https:\/\/ulqini-online.com\/sajti\/index.php?rest_route=%2Fwp%2Fv2%2Fcomments&post=28580"}],"version-history":[{"count":1,"href":"https:\/\/ulqini-online.com\/sajti\/index.php?rest_route=\/wp\/v2\/posts\/28580\/revisions"}],"predecessor-version":[{"id":28582,"href":"https:\/\/ulqini-online.com\/sajti\/index.php?rest_route=\/wp\/v2\/posts\/28580\/revisions\/28582"}],"wp:featuredmedia":[{"embeddable":true,"href":"https:\/\/ulqini-online.com\/sajti\/index.php?rest_route=\/wp\/v2\/media\/28581"}],"wp:attachment":[{"href":"https:\/\/ulqini-online.com\/sajti\/index.php?rest_route=%2Fwp%2Fv2%2Fmedia&parent=28580"}],"wp:term":[{"taxonomy":"category","embeddable":true,"href":"https:\/\/ulqini-online.com\/sajti\/index.php?rest_route=%2Fwp%2Fv2%2Fcategories&post=28580"},{"taxonomy":"post_tag","embeddable":true,"href":"https:\/\/ulqini-online.com\/sajti\/index.php?rest_route=%2Fwp%2Fv2%2Ftags&post=28580"}],"curies":[{"name":"wp","href":"https:\/\/api.w.org\/{rel}","templated":true}]}}