{"id":28461,"date":"2021-03-11T13:09:59","date_gmt":"2021-03-11T12:09:59","guid":{"rendered":"http:\/\/ulqini-online.com\/sajti\/?p=28461"},"modified":"2021-03-11T13:14:38","modified_gmt":"2021-03-11T12:14:38","slug":"dyzet-vjetori-i-pranveres-se-pergjakshme-kosovare-e-vitit-1981","status":"publish","type":"post","link":"https:\/\/ulqini-online.com\/sajti\/?p=28461","title":{"rendered":"Dyzet vjetori i Pranver\u00ebs s\u00eb p\u00ebrgjakshme kosovare e vitit 1981"},"content":{"rendered":"\n<figure class=\"wp-block-image alignwide size-large is-style-default\"><a href=\"https:\/\/ulqini-online.com\/sajti\/wp-content\/uploads\/2021\/03\/Mensa-e-studenteve-prishtine.jpg\"><img loading=\"lazy\" decoding=\"async\" width=\"621\" height=\"275\" src=\"https:\/\/ulqini-online.com\/sajti\/wp-content\/uploads\/2021\/03\/Mensa-e-studenteve-prishtine.jpg\" alt=\"\" class=\"wp-image-28462\" srcset=\"https:\/\/ulqini-online.com\/sajti\/wp-content\/uploads\/2021\/03\/Mensa-e-studenteve-prishtine.jpg 621w, https:\/\/ulqini-online.com\/sajti\/wp-content\/uploads\/2021\/03\/Mensa-e-studenteve-prishtine-300x133.jpg 300w\" sizes=\"auto, (max-width: 621px) 100vw, 621px\" \/><\/a><figcaption>Menza e student\u00ebve n\u00eb Prishtin\u00eb, vendi i fillimit t\u00eb demonstratave<\/figcaption><\/figure>\n\n\n\n<p><strong>Kumtes\u00eb p\u00ebr opinion e Lidhjes Demokratike n\u00eb Mal t\u00eb Zi<\/strong><\/p>\n\n\n\n<p>Pranvera e p\u00ebrgjakshme kosovare e vitit 1981, Pranvera studentore, apo demonstratat e marsit t\u00eb vitit 1981, apo quajeni si t\u00eb doni, paraqet nj\u00eb kthes\u00eb t\u00eb madhe historike, ku p\u00ebrfundimisht u sh\u00ebmben themelet e ish Jugosllavis\u00eb pushtuese n\u00eb Kosov\u00eb. Kjo pranver\u00eb e nj\u00ebmij\u00eben\u00ebnt\u00ebqindetet\u00ebdhjet\u00ebenj\u00ebshit ishte pranvera e zgjimit komb\u00ebtar, ku shp\u00ebrthyen demonstratat e student\u00ebve n\u00eb Prishtin\u00eb dhe qytetet tjera t\u00eb Kosov\u00ebs, duke iu bashkangjitur edhe nx\u00ebn\u00ebsit e shkollave, pun\u00ebtor\u00ebt e nd\u00ebrmarrjeve t\u00eb ndryshme, me nj\u00eb fjal\u00eb krejt populli i Kosov\u00ebs, n\u00eb nj\u00eb revolt\u00eb t\u00eb akumuluar breza me radh\u00eb, kund\u00ebr varf\u00ebris\u00eb, padrejt\u00ebsis\u00eb, pabarazis\u00eb, shtypjes, p\u00ebrsekutimeve, vuajtjeve, burgosjeve, diskriminimit, vrasjeve, d\u00ebbimeve e spastrimeve etnike nga politika e Serbis\u00eb mbi popullin e Kosov\u00ebs.<\/p>\n\n\n\n<p>Filluan m\u00eb 11 mars, n\u00eb menz\u00ebn e student\u00ebve, p\u00ebr t\u00eb vazhduar m\u00eb 26 mars, m\u00eb 1 dhe 2 prill 1981. N\u00eb at\u00eb koh\u00eb student\u00ebt e guximsh\u00ebm hartuan list\u00ebn e k\u00ebrkesave t\u00eb shumta q\u00eb filluan me ,,Kushte p\u00ebr student\u00ebt&#8221;, ,,Kushte p\u00ebr pun\u00ebtor\u00ebt&#8221;, ,,Duam pun\u00eb&#8221;, ,,Posht\u00eb rob\u00ebria, rroft\u00eb liria&#8221;, ,,Lironi shok\u00ebt tan\u00eb&#8221;, ,,Trep\u00e7a \u00ebsht\u00eb e jona&#8221;, p\u00ebr t\u00eb vazhduar me ato m\u00eb t\u00eb fortat q\u00eb e dridhnin sistemin e at\u00ebhersh\u00ebm, si ,,Kosova kosovar\u00ebve&#8221;, ,,Kosova Republik\u00eb&#8221;, ,,Republik\u00eb kushtetut\u00eb, ja me hat\u00ebr ja me luft\u00eb&#8221;,. ,,Duam vet\u00ebvendosje&#8221;, ,,T\u00eb gjith\u00eb shqiptar\u00ebt jan\u00eb NJ\u00cb&#8221;, ,,Jemi shqiptar\u00eb, s&#8217;jemi jugosllav\u00eb&#8221;, etj.!<\/p>\n\n\n\n<p>N\u00eb k\u00ebto demonstrata t\u00eb stdent\u00ebve t\u00eb Universitetit t\u00eb Kosov\u00ebs, shum\u00eb u p\u00ebrgjaken, disa u vran\u00eb e me qindra t\u00eb tjer\u00eb u arrestuan, u burgosen dhe u d\u00ebnuan me shum\u00eb vite burgim t\u00eb r\u00ebnd\u00eb. Demonstruesit ishin duarthat\u00eb, ve\u00e7 me forc\u00ebn e shpirtit shqiptar, p\u00ebrball\u00eb policis\u00eb e armat\u00ebs vrastare jugosllave e cila iu kthye me zjarr e hekur, me brutalitetin m\u00eb t\u00eb madh!<\/p>\n\n\n\n<p>Pranvera e p\u00ebrgjakur kosovare pati jehon\u00eb dhe rrezatim t\u00eb madh politik nd\u00ebrkomb\u00ebtar. Ve\u00e7 politika e Beogradit dhe disa politikan\u00eb shqiptar\u00eb t\u00eb Kosov\u00ebs, i d\u00ebnuan, duke i quajtur ,,kund\u00ebrrevolucion&#8221;, ,,demonstrata kund\u00ebrrevolucionare&#8221;, e student\u00ebt ,,irredentist\u00eb&#8221;, ,,separatist\u00eb&#8221;, etj.<\/p>\n\n\n\n<p>\u00cbsht\u00eb mir\u00eb q\u00eb sh\u00ebnohen dhe p\u00ebrkujtohen ngjarje t\u00eb tilla q\u00eb l\u00ebviz\u00ebn historin\u00eb shqiptare, q\u00eb homogjenizuan popullin liridash\u00ebs e paq\u00ebdash\u00ebs t\u00eb Kosov\u00eb, dhe jo vet\u00ebm, dhe pas dyzet vjet\u00ebve, me mburrje themi se edhe disa student\u00eb shqiptar\u00eb nga Mali i Zi q\u00eb studionin n\u00eb Kosov\u00eb, mor\u00ebn pjes\u00eb n\u00eb k\u00ebto protesta gjith\u00ebpopullore, e disa nga ata, u arrestuan m\u00eb von\u00eb dhe d\u00ebnuan me nga dy vjet burg!<\/p>\n\n\n\n<p>Lavdi t\u00eb r\u00ebn\u00ebve p\u00ebr liri, Zoti i bekoft\u00eb student\u00ebt, mbar\u00eb popullin e Kosov\u00ebs dhe shqiptar\u00ebt kudo q\u00eb ndodh\u00ebn n\u00ebp\u00ebr bot\u00eb!<\/p>\n\n\n\n<p>\u00a0KRYETARI,<\/p>\n\n\n\n<p>\u00a0Saubih Mehmeti, ing. dipl. i tek.<\/p>\n","protected":false},"excerpt":{"rendered":"<p>Kumtes\u00eb p\u00ebr opinion e Lidhjes Demokratike n\u00eb Mal t\u00eb Zi Pranvera e p\u00ebrgjakshme kosovare e vitit 1981, Pranvera studentore, apo demonstratat e marsit t\u00eb vitit 1981, apo quajeni si t\u00eb doni, paraqet nj\u00eb kthes\u00eb t\u00eb madhe historike, ku p\u00ebrfundimisht u sh\u00ebmben themelet e ish Jugosllavis\u00eb pushtuese n\u00eb Kosov\u00eb. Kjo pranver\u00eb e nj\u00ebmij\u00eben\u00ebnt\u00ebqindetet\u00ebdhjet\u00ebenj\u00ebshit ishte pranvera e [&hellip;]<\/p>\n","protected":false},"author":1,"featured_media":28462,"comment_status":"open","ping_status":"open","sticky":false,"template":"","format":"standard","meta":{"_seopress_robots_primary_cat":"","_seopress_titles_title":"","_seopress_titles_desc":"","_seopress_robots_index":"","footnotes":""},"categories":[2,12],"tags":[2792],"class_list":["post-28461","post","type-post","status-publish","format-standard","has-post-thumbnail","hentry","category-aktualitet","category-opinione","tag-demonstratat-ne-prishtine"],"_links":{"self":[{"href":"https:\/\/ulqini-online.com\/sajti\/index.php?rest_route=\/wp\/v2\/posts\/28461","targetHints":{"allow":["GET"]}}],"collection":[{"href":"https:\/\/ulqini-online.com\/sajti\/index.php?rest_route=\/wp\/v2\/posts"}],"about":[{"href":"https:\/\/ulqini-online.com\/sajti\/index.php?rest_route=\/wp\/v2\/types\/post"}],"author":[{"embeddable":true,"href":"https:\/\/ulqini-online.com\/sajti\/index.php?rest_route=\/wp\/v2\/users\/1"}],"replies":[{"embeddable":true,"href":"https:\/\/ulqini-online.com\/sajti\/index.php?rest_route=%2Fwp%2Fv2%2Fcomments&post=28461"}],"version-history":[{"count":4,"href":"https:\/\/ulqini-online.com\/sajti\/index.php?rest_route=\/wp\/v2\/posts\/28461\/revisions"}],"predecessor-version":[{"id":28466,"href":"https:\/\/ulqini-online.com\/sajti\/index.php?rest_route=\/wp\/v2\/posts\/28461\/revisions\/28466"}],"wp:featuredmedia":[{"embeddable":true,"href":"https:\/\/ulqini-online.com\/sajti\/index.php?rest_route=\/wp\/v2\/media\/28462"}],"wp:attachment":[{"href":"https:\/\/ulqini-online.com\/sajti\/index.php?rest_route=%2Fwp%2Fv2%2Fmedia&parent=28461"}],"wp:term":[{"taxonomy":"category","embeddable":true,"href":"https:\/\/ulqini-online.com\/sajti\/index.php?rest_route=%2Fwp%2Fv2%2Fcategories&post=28461"},{"taxonomy":"post_tag","embeddable":true,"href":"https:\/\/ulqini-online.com\/sajti\/index.php?rest_route=%2Fwp%2Fv2%2Ftags&post=28461"}],"curies":[{"name":"wp","href":"https:\/\/api.w.org\/{rel}","templated":true}]}}