{"id":28287,"date":"2021-02-23T19:17:22","date_gmt":"2021-02-23T18:17:22","guid":{"rendered":"http:\/\/ulqini-online.com\/sajti\/?p=28287"},"modified":"2021-02-23T19:33:34","modified_gmt":"2021-02-23T18:33:34","slug":"forca-del-nga-koalicioni-lokal-i-ulqinit-kryetari-i-kuvendit-jep-doreheqje","status":"publish","type":"post","link":"https:\/\/ulqini-online.com\/sajti\/?p=28287","title":{"rendered":"Forca del nga Koalicioni lokal i Ulqinit, kryetari i Kuvendit jep dor\u00ebheqje"},"content":{"rendered":"\n<div class=\"wp-block-image is-style-default\"><figure class=\"aligncenter size-large\"><a href=\"https:\/\/ulqini-online.com\/sajti\/wp-content\/uploads\/2021\/02\/Ilir-capuni-nazif-cungu-genci-nimanbegu-forca.jpg\"><img loading=\"lazy\" decoding=\"async\" width=\"800\" height=\"479\" src=\"https:\/\/ulqini-online.com\/sajti\/wp-content\/uploads\/2021\/02\/Ilir-capuni-nazif-cungu-genci-nimanbegu-forca.jpg\" alt=\"\" class=\"wp-image-28288\" srcset=\"https:\/\/ulqini-online.com\/sajti\/wp-content\/uploads\/2021\/02\/Ilir-capuni-nazif-cungu-genci-nimanbegu-forca.jpg 800w, https:\/\/ulqini-online.com\/sajti\/wp-content\/uploads\/2021\/02\/Ilir-capuni-nazif-cungu-genci-nimanbegu-forca-300x180.jpg 300w, https:\/\/ulqini-online.com\/sajti\/wp-content\/uploads\/2021\/02\/Ilir-capuni-nazif-cungu-genci-nimanbegu-forca-768x460.jpg 768w\" sizes=\"auto, (max-width: 800px) 100vw, 800px\" \/><\/a><figcaption>dav<\/figcaption><\/figure><\/div>\n\n\n\n<p>Kryetari i Kuvendit t\u00eb Ulqinit Dr. Ilir \u00c7apuni dhe nj\u00ebheri zyrtar i lart\u00eb i Forc\u00ebs s\u00eb Re Demokratike ka ofruar dor\u00ebheqjen e tij nga kjo pozit\u00eb. Poashtu ai shprehet i zhg\u00ebnjyer nga modeli i funksionimit t\u00eb pushtetit vendor duke k\u00ebrkuar zgjedhje t\u00eb parakohshme lokale, shkruan Ulqini Online.<\/p>\n\n\n\n<p>\u00c7apuni n\u00eb paraqitjen e tij p\u00ebr opinion shprehet se do t\u00eb vazhdojm\u00eb edhe m\u00eb fort\u00eb, me ekip t\u00eb ri, qasje t\u00eb re dhe bisedime t\u00eb reja p\u00ebr t\u00eb mir\u00ebn e qytetar\u00ebve t\u00eb Ulqinit.<\/p>\n\n\n\n<p>Komunikat\u00ebn e plot\u00eb t\u00eb Dr. Ilir \u00c7apunit mund ta lexoni m\u00eb posht\u00eb.<\/p>\n\n\n\n<p><em>T\u00eb nderuar qytetar\u00eb, pas zgjedhjeve t\u00eb 4 shkurtit t\u00eb vitit 2018 Forca e Re Demokratike ka n\u00ebnshkruar marr\u00ebveshjen e bashk\u00ebpunimit me PDS e cila kishte afro 50 vota m\u00eb shum\u00eb, por num\u00ebr t\u00eb barabart\u00eb k\u00ebshilltar\u00ebsh.<\/em><\/p>\n\n\n\n<p><em>N\u00eb an\u00ebn tjet\u00ebr, PDS ka pas\u00eb marrveshje edhe me PD, UDSH dhe SD p\u00ebr p\u00ebrkrahje t\u00eb gj\u00ebr\u00eb.\u00a0<\/em><\/p>\n\n\n\n<p><em>Me nj\u00eb shumic\u00eb t\u00eb gj\u00ebr\u00eb, e cila duhej t\u00eb garantonte stabilitet politik dhe p\u00ebrkrahje t\u00eb gj\u00ebr\u00eb nga ana e pushtetit qendror, pas tre viteve funksionim vler\u00ebsojm\u00eb q\u00eb ky koalicion nuk ka p\u00ebrmbushur obligimet ndaj qytetareve dhe nuk ka realizuar asnj\u00eb pik\u00eb nga marr\u00ebveshja e n\u00ebnshkruar nga partner\u00ebt e koalicionit p\u00ebr zhvillimin e qytetit t\u00eb Ulqinit n\u00eb t\u00eb gjitha fushat e me fokus t\u00eb ve\u00e7ant\u00eb zhvillimin ekonomik nep\u00ebrmjet investimeve kapitale dhe rritjen e mir\u00ebqenies s\u00eb qytetar\u00ebve.<\/em><\/p>\n\n\n\n<p><em>Sonte jemi ftuar nga PDS p\u00ebr t\u00eb diskutuar jo p\u00ebr k\u00ebto \u00e7\u00ebshtje, por p\u00ebr t\u00eb diskutuar p\u00ebr kandidatin e kryetarit t\u00eb Komun\u00ebs s\u00eb Ulqinit. B\u00ebjme me dije q\u00eb Forca e Re Demokratike nuk do t\u00eb marr\u00eb pjes\u00eb p\u00ebr arsyet se ne ve\u00e7 kemi deklaruar q\u00eb nuk do t\u00eb p\u00ebrkrahimn asnj\u00eb kandidat nga lista e d\u00ebshirave t\u00eb PDS p\u00ebr t\u00eb cil\u00ebn \u00ebsht\u00eb licituar me emra t\u00eb ndrysh\u00ebm duke e devalvuar k\u00ebshtu rolin e kryetarit t\u00eb Komun\u00ebs dhe vot\u00ebn e qytetarit.<\/em><\/p>\n\n\n\n<p><em>E ndjejm\u00eb obligim moral, profesional, politik e qytetar q\u00eb t\u00eb distancohemi nga ky model i funksionimit t\u00eb pushtetit vendor duke k\u00ebrkuar zgjedhje t\u00eb parakohshme lokale.<\/em><\/p>\n\n\n\n<p><em>Rrjedhimisht, ju njoftoj q\u00eb ofroj dor\u00ebheqjen time nga posti i kryetarit t\u00eb Kuvendit t\u00eb Komun\u00ebs s\u00eb Ulqinit.<\/em><\/p>\n\n\n\n<p><em>Gati tre vjet m\u00eb par\u00eb, kam marr\u00eb postin e kryetarit t\u00eb Kuvendit t\u00eb Komun\u00ebs s\u00eb UIqinit. Kam b\u00ebr\u00eb rrug\u00eb t\u00eb larg\u00ebt deri n\u00eb vendlindje dhe kam ardhur p\u00ebr t\u00eb investuar veten time n\u00eb zhvillimin e k\u00ebtij qyteti. Kam punuar me p\u00ebrkushtim, nder\u00eb e profesionaliz\u00ebm. Me k\u00ebt\u00eb eksperienc\u00eb, energji, informata e njohuri edhe p\u00ebr llumin e politik\u00ebs n\u00eb Mal t\u00eb Zi, do t\u00eb vazhdojm\u00eb edhe m\u00eb fort\u00eb, me ekip t\u00eb ri, qasje t\u00eb re dhe bisedime t\u00eb reja p\u00ebr t\u00eb mir\u00ebn e qytetar\u00ebve t\u00eb Ulqinit.<\/em><\/p>\n\n\n\n<p><strong><em>Dr. Ilir \u00c7apuni<\/em><\/strong><\/p>\n","protected":false},"excerpt":{"rendered":"<p>Kryetari i Kuvendit t\u00eb Ulqinit Dr. Ilir \u00c7apuni dhe nj\u00ebheri zyrtar i lart\u00eb i Forc\u00ebs s\u00eb Re Demokratike ka ofruar dor\u00ebheqjen e tij nga kjo pozit\u00eb. Poashtu ai shprehet i zhg\u00ebnjyer nga modeli i funksionimit t\u00eb pushtetit vendor duke k\u00ebrkuar zgjedhje t\u00eb parakohshme lokale, shkruan Ulqini Online. \u00c7apuni n\u00eb paraqitjen e tij p\u00ebr opinion shprehet [&hellip;]<\/p>\n","protected":false},"author":1,"featured_media":28288,"comment_status":"open","ping_status":"open","sticky":false,"template":"","format":"standard","meta":{"_seopress_robots_primary_cat":"","_seopress_titles_title":"","_seopress_titles_desc":"","_seopress_robots_index":"","footnotes":""},"categories":[2,3],"tags":[1280,139,205,344,47,1410],"class_list":["post-28287","post","type-post","status-publish","format-standard","has-post-thumbnail","hentry","category-aktualitet","category-politike","tag-faik-nika","tag-forca","tag-genci-nimanbegu","tag-ilir-capuni","tag-nazif-cungu","tag-sabri-salaj"],"_links":{"self":[{"href":"https:\/\/ulqini-online.com\/sajti\/index.php?rest_route=\/wp\/v2\/posts\/28287","targetHints":{"allow":["GET"]}}],"collection":[{"href":"https:\/\/ulqini-online.com\/sajti\/index.php?rest_route=\/wp\/v2\/posts"}],"about":[{"href":"https:\/\/ulqini-online.com\/sajti\/index.php?rest_route=\/wp\/v2\/types\/post"}],"author":[{"embeddable":true,"href":"https:\/\/ulqini-online.com\/sajti\/index.php?rest_route=\/wp\/v2\/users\/1"}],"replies":[{"embeddable":true,"href":"https:\/\/ulqini-online.com\/sajti\/index.php?rest_route=%2Fwp%2Fv2%2Fcomments&post=28287"}],"version-history":[{"count":5,"href":"https:\/\/ulqini-online.com\/sajti\/index.php?rest_route=\/wp\/v2\/posts\/28287\/revisions"}],"predecessor-version":[{"id":28293,"href":"https:\/\/ulqini-online.com\/sajti\/index.php?rest_route=\/wp\/v2\/posts\/28287\/revisions\/28293"}],"wp:featuredmedia":[{"embeddable":true,"href":"https:\/\/ulqini-online.com\/sajti\/index.php?rest_route=\/wp\/v2\/media\/28288"}],"wp:attachment":[{"href":"https:\/\/ulqini-online.com\/sajti\/index.php?rest_route=%2Fwp%2Fv2%2Fmedia&parent=28287"}],"wp:term":[{"taxonomy":"category","embeddable":true,"href":"https:\/\/ulqini-online.com\/sajti\/index.php?rest_route=%2Fwp%2Fv2%2Fcategories&post=28287"},{"taxonomy":"post_tag","embeddable":true,"href":"https:\/\/ulqini-online.com\/sajti\/index.php?rest_route=%2Fwp%2Fv2%2Ftags&post=28287"}],"curies":[{"name":"wp","href":"https:\/\/api.w.org\/{rel}","templated":true}]}}