{"id":28198,"date":"2021-02-10T16:54:20","date_gmt":"2021-02-10T15:54:20","guid":{"rendered":"http:\/\/ulqini-online.com\/sajti\/?p=28198"},"modified":"2021-02-10T16:55:53","modified_gmt":"2021-02-10T15:55:53","slug":"bojkot-apo-dicka-tjeter","status":"publish","type":"post","link":"https:\/\/ulqini-online.com\/sajti\/?p=28198","title":{"rendered":"Bojkot apo di\u00e7ka tjet\u00ebr?"},"content":{"rendered":"\n<div class=\"wp-block-image\"><figure class=\"aligncenter size-large\"><a href=\"https:\/\/ulqini-online.com\/sajti\/wp-content\/uploads\/2021\/02\/nevruz-shaptafi-sabri-salaj.jpg\"><img loading=\"lazy\" decoding=\"async\" width=\"586\" height=\"456\" src=\"https:\/\/ulqini-online.com\/sajti\/wp-content\/uploads\/2021\/02\/nevruz-shaptafi-sabri-salaj.jpg\" alt=\"\" class=\"wp-image-28199\" srcset=\"https:\/\/ulqini-online.com\/sajti\/wp-content\/uploads\/2021\/02\/nevruz-shaptafi-sabri-salaj.jpg 586w, https:\/\/ulqini-online.com\/sajti\/wp-content\/uploads\/2021\/02\/nevruz-shaptafi-sabri-salaj-300x233.jpg 300w\" sizes=\"auto, (max-width: 586px) 100vw, 586px\" \/><\/a><figcaption>Foto: N. Shapafi<\/figcaption><\/figure><\/div>\n\n\n\n<p>Mbledhja e Komisionit p\u00ebr Zgjedhje dhe Em\u00ebrime t\u00eb Kuvendit t\u00eb Komun\u00ebs s\u00eb Ulqinit nuk u mbajt p\u00ebr shkak t\u00eb munges\u00ebs s\u00eb kuorimit. N\u00eb mbledhje, p\u00ebrve\u00e7 kryetarit t\u00eb Komisionit z. Sabri Salaj, morri pjes\u00eb k\u00ebshilltari Nevryz Shaptafoviq dhe p\u00ebrfaq\u00ebsuesi i Sekretariatit p\u00ebr Administrat\u00eb dhe Veprimtari Shoq\u00ebrore. Mospjes\u00ebmarrjen e vet n\u00eb mbledhjen e sotme, p\u00ebr shkaqe objektive e ka arsyetuar vet\u00ebm k\u00ebshilltari Luigj Shkreli, k\u00ebshtu m\u00ebsohet nga kumtesa p\u00ebr opinion e Kuvendit t\u00eb Ulqinit.<\/p>\n\n\n\n<p>N\u00eb k\u00ebt\u00eb mbledhje, sipas thirrjes, \u00ebsht\u00eb dashur t\u00eb diskutohet p\u00ebr p\u00ebrfundimin e mandatit t\u00eb krytetarit t\u00eb Komun\u00ebs, i cili, sipas udh\u00ebzimit t\u00eb Sekretariatit p\u00ebr Administrat\u00eb dhe Veprimtari Shoq\u00ebrore, m\u00eb dat\u00ebn 30.01.2021, ka mbushur 67 vje\u00e7 dhe i cili ka m\u00eb shum\u00eb se 15 vjet stazh pune.<\/p>\n\n\n\n<p>Ky komision ka p\u00ebr detyr\u00eb q\u00eb Kuvendit t\u00eb Komun\u00ebs s\u00eb Ulqinit t\u2019i propozoj\u00eb Vendimin p\u00ebr p\u00ebrfundimin e mandatit t\u00eb kryetarit t\u00eb Komun\u00ebs dhe propopzimin e Vendimit p\u00ebr p\u00ebrcaktimin e n\u00ebnkryetarit i cili do t\u00eb ushtroj\u00eb funkcionin e kryetarit t\u00eb Komun\u00ebs deri n\u00eb zgjedhjen e kryetarit t\u00eb ri t\u00eb Komun\u00ebs.&nbsp; &nbsp;&nbsp;<\/p>\n\n\n\n<p>N\u00eb k\u00ebt\u00eb komision, marrin pjes\u00eb pjes\u00ebtar\u00ebt e t\u00eb gjith\u00eb klubeve t\u00eb p\u00ebrfaq\u00ebsuar n\u00eb Kuvendin e Komun\u00ebs s\u00eb Ulqinit.<\/p>\n\n\n\n<p>Nuk dihet n\u00ebse e gjith\u00eb kjo mospun\u00eb ka t\u00eb b\u00ebj\u00eb me bojkot apo di\u00e7ka tjet\u00ebr?<\/p>\n","protected":false},"excerpt":{"rendered":"<p>Mbledhja e Komisionit p\u00ebr Zgjedhje dhe Em\u00ebrime t\u00eb Kuvendit t\u00eb Komun\u00ebs s\u00eb Ulqinit nuk u mbajt p\u00ebr shkak t\u00eb munges\u00ebs s\u00eb kuorimit. N\u00eb mbledhje, p\u00ebrve\u00e7 kryetarit t\u00eb Komisionit z. Sabri Salaj, morri pjes\u00eb k\u00ebshilltari Nevryz Shaptafoviq dhe p\u00ebrfaq\u00ebsuesi i Sekretariatit p\u00ebr Administrat\u00eb dhe Veprimtari Shoq\u00ebrore. Mospjes\u00ebmarrjen e vet n\u00eb mbledhjen e sotme, p\u00ebr shkaqe objektive [&hellip;]<\/p>\n","protected":false},"author":1,"featured_media":28199,"comment_status":"open","ping_status":"open","sticky":false,"template":"","format":"standard","meta":{"_seopress_robots_primary_cat":"","_seopress_titles_title":"","_seopress_titles_desc":"","_seopress_robots_index":"","footnotes":""},"categories":[2,3],"tags":[79,188,1410],"class_list":["post-28198","post","type-post","status-publish","format-standard","has-post-thumbnail","hentry","category-aktualitet","category-politike","tag-komuna-e-ulqinit","tag-nevryz-shaptafi","tag-sabri-salaj"],"_links":{"self":[{"href":"https:\/\/ulqini-online.com\/sajti\/index.php?rest_route=\/wp\/v2\/posts\/28198","targetHints":{"allow":["GET"]}}],"collection":[{"href":"https:\/\/ulqini-online.com\/sajti\/index.php?rest_route=\/wp\/v2\/posts"}],"about":[{"href":"https:\/\/ulqini-online.com\/sajti\/index.php?rest_route=\/wp\/v2\/types\/post"}],"author":[{"embeddable":true,"href":"https:\/\/ulqini-online.com\/sajti\/index.php?rest_route=\/wp\/v2\/users\/1"}],"replies":[{"embeddable":true,"href":"https:\/\/ulqini-online.com\/sajti\/index.php?rest_route=%2Fwp%2Fv2%2Fcomments&post=28198"}],"version-history":[{"count":4,"href":"https:\/\/ulqini-online.com\/sajti\/index.php?rest_route=\/wp\/v2\/posts\/28198\/revisions"}],"predecessor-version":[{"id":28203,"href":"https:\/\/ulqini-online.com\/sajti\/index.php?rest_route=\/wp\/v2\/posts\/28198\/revisions\/28203"}],"wp:featuredmedia":[{"embeddable":true,"href":"https:\/\/ulqini-online.com\/sajti\/index.php?rest_route=\/wp\/v2\/media\/28199"}],"wp:attachment":[{"href":"https:\/\/ulqini-online.com\/sajti\/index.php?rest_route=%2Fwp%2Fv2%2Fmedia&parent=28198"}],"wp:term":[{"taxonomy":"category","embeddable":true,"href":"https:\/\/ulqini-online.com\/sajti\/index.php?rest_route=%2Fwp%2Fv2%2Fcategories&post=28198"},{"taxonomy":"post_tag","embeddable":true,"href":"https:\/\/ulqini-online.com\/sajti\/index.php?rest_route=%2Fwp%2Fv2%2Ftags&post=28198"}],"curies":[{"name":"wp","href":"https:\/\/api.w.org\/{rel}","templated":true}]}}