{"id":28064,"date":"2021-01-24T13:05:00","date_gmt":"2021-01-24T12:05:00","guid":{"rendered":"http:\/\/ulqini-online.com\/sajti\/?p=28064"},"modified":"2021-01-24T13:30:41","modified_gmt":"2021-01-24T12:30:41","slug":"reuter-1972-konventa-tre-ditore-ne-madrid-e-perfaqesuesve-te-10-grupeve-politike-shqiptare-ne-mergim","status":"publish","type":"post","link":"https:\/\/ulqini-online.com\/sajti\/?p=28064","title":{"rendered":"REUTER (1972) \/ KONVENTA TRE-DITORE N\u00cb MADRID E P\u00cbRFAQ\u00cbSUESVE T\u00cb 10 GRUPEVE POLITIKE SHQIPTARE N\u00cb M\u00cbRGIM"},"content":{"rendered":"\n<p><strong>DEKLARATA P\u00cbR SHTYP E LEKA ZOGUT I : \u201cKEMI ND\u00cbRMEND T\u00cb LUFTOJM\u00cb IDEOLOGJIN\u00cb KOMUNISTE ME Q\u00cbLLIM Q\u00cb\u2026\u201d<\/strong><\/p>\n\n\n\n<figure class=\"wp-block-image\"><img decoding=\"async\" src=\"https:\/\/image.jimcdn.com\/app\/cms\/image\/transf\/dimension=683x10000:format=jpg\/path\/sccc878db2fcfc101\/image\/ibba414cf705f39ef\/version\/1611383338\/image.jpg\" alt=\"Leka Zogu I \u2013 mbret i shqiptar\u00ebve\"\/><figcaption>Leka Zogu I \u2013 mbret i shqiptar\u00ebve<\/figcaption><\/figure>\n\n\n\n<hr class=\"wp-block-separator\"\/>\n\n\n\n<p><strong>Nga&nbsp;<\/strong><a href=\"https:\/\/www.darsiani.com\/la-gazette\/\"><strong>Aurenc Bebja<\/strong><\/a><strong>*, Franc\u00eb \u2013 23 Janar 2021<\/strong><\/p>\n\n\n\n<p><strong>\u201cBalkania\u201d ka botuar, n\u00eb tetor t\u00eb 1972, n\u00eb faqen n\u00b034, lajmin e agjensis\u00eb \u201cReuter\u201d n\u00eb lidhje me takimin asokohe t\u00eb p\u00ebrfaq\u00ebsuesve t\u00eb 10 grupeve politike shqiptare n\u00eb m\u00ebrgim n\u00ebn udh\u00ebheqjen e Leka Zogut I dhe vendimin e marr\u00eb prej tyre, t\u00eb cilin, Aurenc Bebja, n\u00ebp\u00ebrmjet Blogut \u201c<\/strong><a href=\"https:\/\/www.darsiani.com\/la-gazette\/\"><strong>Dars (Klos), Mat \u2013 Albania<\/strong><\/a><strong>\u201d, e ka sjell\u00eb p\u00ebr publikun shqiptar :<\/strong><\/p>\n\n\n\n<p><strong><em><u>T\u00eb m\u00ebrguarit shqiptar\u00eb bashkohen<\/u><\/em><\/strong><\/p>\n\n\n\n<figure class=\"wp-block-image\"><img decoding=\"async\" src=\"https:\/\/image.jimcdn.com\/app\/cms\/image\/transf\/none\/path\/sccc878db2fcfc101\/image\/i8a74ce10b102e505\/version\/1611383388\/image.jpg\" alt=\"Burimi : Balkania, tetor 1972, f.34\"\/><figcaption>Burimi : Balkania, tetor 1972, f.34<\/figcaption><\/figure>\n\n\n\n<p><em>Madrid (Reuter) \u2013 P\u00ebrfaq\u00ebsuesit e 10 grupeve politike shqiptare n\u00eb m\u00ebrgim kan\u00eb r\u00ebn\u00eb dakord t\u00eb formojn\u00eb nj\u00eb front t\u00eb bashkuar p\u00ebr t\u00eb luftuar regjimin Komunist n\u00eb Tiran\u00eb, thot\u00eb Mbreti shqiptar Leka n\u00eb azil.<\/em><\/p>\n\n\n\n<p><em>Mbreti Leka, i cili jeton n\u00eb Madrid me n\u00ebn\u00ebn e tij, Mbret\u00ebresh\u00ebn Geraldin\u00eb, ka th\u00ebn\u00eb n\u00eb nj\u00eb konferenc\u00eb p\u00ebr shtyp se vendimi u mor k\u00ebtu n\u00eb nj\u00eb konvent\u00eb t\u00eb fundit tre-ditore nga delegat\u00ebt e partive n\u00eb m\u00ebrgim.<\/em><\/p>\n\n\n\n<p><strong><em>\u201cNe kemi nd\u00ebrmend t\u00eb luftojm\u00eb ideologjin\u00eb komuniste n\u00eb m\u00ebnyr\u00eb q\u00eb shqiptar\u00ebt nj\u00eb dit\u00eb t\u00eb jen\u00eb t\u00eb lir\u00eb t\u00eb zgjedhin vet\u00eb at\u00eb qeveri q\u00eb duan\u201d<\/em><\/strong><em>, ka deklaruar ai.<\/em><\/p>\n\n\n\n<p><strong><em>\u201cNe arrit\u00ebm marr\u00ebveshjen t\u00eb l\u00ebm\u00eb m\u00ebnjan\u00eb mosmarr\u00ebveshjet tona dhe t\u00eb bashkohemi s\u00eb bashku p\u00ebr t\u00eb p\u00ebrballuar problemet tona t\u00eb p\u00ebrbashk\u00ebta\u201d<\/em><\/strong><em>, thot\u00eb Mbreti.<\/em><\/p>\n\n\n\n<p><strong>* Blogu \u00a9 Dars (Klos), Mat \u2013 Albania), <\/strong><br><strong>\u00a0<a href=\"https:\/\/www.darsiani.com\/la-gazette\/reuter-1972-konventa-tre-ditore-ne-madrid-e-perfaqesuesve-te-10-grupeve-politike-shqiptare-ne-mergim-deklarata-per-shtyp-e-leka-zogut-i-kemi-ndermend-te-luftojme-ideoligjine-komuniste-me-qellim-qe\/\">https:\/\/www.darsiani.com\/la-gazette\/reuter-1972-konventa-tre-ditore-ne-madrid-e-perfaqesuesve-te-10-grupeve-politike-shqiptare-ne-mergim-deklarata-per-shtyp-e-leka-zogut-i-kemi-ndermend-te-luftojme-ideologjine-komuniste-me-qellim-qe\/<\/a>. <\/strong><\/p>\n","protected":false},"excerpt":{"rendered":"<p>DEKLARATA P\u00cbR SHTYP E LEKA ZOGUT I : \u201cKEMI ND\u00cbRMEND T\u00cb LUFTOJM\u00cb IDEOLOGJIN\u00cb KOMUNISTE ME Q\u00cbLLIM Q\u00cb\u2026\u201d Nga&nbsp;Aurenc Bebja*, Franc\u00eb \u2013 23 Janar 2021 \u201cBalkania\u201d ka botuar, n\u00eb tetor t\u00eb 1972, n\u00eb faqen n\u00b034, lajmin e agjensis\u00eb \u201cReuter\u201d n\u00eb lidhje me takimin asokohe t\u00eb p\u00ebrfaq\u00ebsuesve t\u00eb 10 grupeve politike shqiptare n\u00eb m\u00ebrgim n\u00ebn udh\u00ebheqjen e [&hellip;]<\/p>\n","protected":false},"author":1,"featured_media":28065,"comment_status":"open","ping_status":"open","sticky":false,"template":"","format":"standard","meta":{"_seopress_robots_primary_cat":"","_seopress_titles_title":"","_seopress_titles_desc":"","_seopress_robots_index":"","footnotes":""},"categories":[2,18],"tags":[],"class_list":["post-28064","post","type-post","status-publish","format-standard","has-post-thumbnail","hentry","category-aktualitet","category-histori"],"_links":{"self":[{"href":"https:\/\/ulqini-online.com\/sajti\/index.php?rest_route=\/wp\/v2\/posts\/28064","targetHints":{"allow":["GET"]}}],"collection":[{"href":"https:\/\/ulqini-online.com\/sajti\/index.php?rest_route=\/wp\/v2\/posts"}],"about":[{"href":"https:\/\/ulqini-online.com\/sajti\/index.php?rest_route=\/wp\/v2\/types\/post"}],"author":[{"embeddable":true,"href":"https:\/\/ulqini-online.com\/sajti\/index.php?rest_route=\/wp\/v2\/users\/1"}],"replies":[{"embeddable":true,"href":"https:\/\/ulqini-online.com\/sajti\/index.php?rest_route=%2Fwp%2Fv2%2Fcomments&post=28064"}],"version-history":[{"count":1,"href":"https:\/\/ulqini-online.com\/sajti\/index.php?rest_route=\/wp\/v2\/posts\/28064\/revisions"}],"predecessor-version":[{"id":28066,"href":"https:\/\/ulqini-online.com\/sajti\/index.php?rest_route=\/wp\/v2\/posts\/28064\/revisions\/28066"}],"wp:featuredmedia":[{"embeddable":true,"href":"https:\/\/ulqini-online.com\/sajti\/index.php?rest_route=\/wp\/v2\/media\/28065"}],"wp:attachment":[{"href":"https:\/\/ulqini-online.com\/sajti\/index.php?rest_route=%2Fwp%2Fv2%2Fmedia&parent=28064"}],"wp:term":[{"taxonomy":"category","embeddable":true,"href":"https:\/\/ulqini-online.com\/sajti\/index.php?rest_route=%2Fwp%2Fv2%2Fcategories&post=28064"},{"taxonomy":"post_tag","embeddable":true,"href":"https:\/\/ulqini-online.com\/sajti\/index.php?rest_route=%2Fwp%2Fv2%2Ftags&post=28064"}],"curies":[{"name":"wp","href":"https:\/\/api.w.org\/{rel}","templated":true}]}}