{"id":27786,"date":"2020-12-24T17:02:30","date_gmt":"2020-12-24T16:02:30","guid":{"rendered":"http:\/\/ulqini-online.com\/sajti\/?p=27786"},"modified":"2020-12-25T19:04:06","modified_gmt":"2020-12-25T18:04:06","slug":"qytetaret-e-besimit-katolik-festojne-krishtlindjet-urime-te-shumta","status":"publish","type":"post","link":"https:\/\/ulqini-online.com\/sajti\/?p=27786","title":{"rendered":"Qytetar\u00ebt e besimit  katolik  festojn\u00eb Krishtlindjet &#8211; Urime t\u00eb shumta"},"content":{"rendered":"\n<div class=\"wp-block-image\"><figure class=\"aligncenter size-large is-resized\"><a href=\"https:\/\/ulqini-online.com\/sajti\/wp-content\/uploads\/2018\/12\/urime-krishtlindjet.jpg\"><img loading=\"lazy\" decoding=\"async\" src=\"https:\/\/ulqini-online.com\/sajti\/wp-content\/uploads\/2018\/12\/urime-krishtlindjet.jpg\" alt=\"\" class=\"wp-image-21389\" width=\"576\" height=\"422\" srcset=\"https:\/\/ulqini-online.com\/sajti\/wp-content\/uploads\/2018\/12\/urime-krishtlindjet.jpg 448w, https:\/\/ulqini-online.com\/sajti\/wp-content\/uploads\/2018\/12\/urime-krishtlindjet-300x220.jpg 300w\" sizes=\"auto, (max-width: 576px) 100vw, 576px\" \/><\/a><\/figure><\/div>\n\n\n\n<p>Me rastin e Dit\u00ebs s\u00eb shenjt\u00eb t\u00eb Krishtlindjes qytetar\u00eb t\u00eb shumt\u00eb urojn\u00eb nj\u00ebrin tjetrin duke b\u00ebr\u00eb q\u00eb atmosfera t\u00eb jet\u00eb sa m\u00eb e mir\u00eb n\u00eb k\u00ebto koh\u00ebra me probleme t\u00eb shumta, sidomos sh\u00ebndetsore dhe ekonomike.<\/p>\n\n\n\n<p>Edhe web faqja Ulqini Online uron me gjith\u00eb zem\u00ebr qytetar\u00ebt e besimit&nbsp; katolik&nbsp;p\u00ebr k\u00ebt\u00eb fest\u00eb t\u00eb madhe.<\/p>\n\n\n\n<p>M\u00eb posht\u00eb keni edhe urimet e t\u00eb parit t\u00eb Komun\u00ebs s\u00eb Ulqinit z. Loro Nrekiq dhe kryetarit t\u00eb Forc\u00ebs z. Nazif Cungu si dhe urimin derguar Arqipeshkvit t\u00eb Tivarit, zot\u00ebri imzot Rrok Gjolleshaj nga ana e kryetarit t\u00eb LD n\u00eb MZ z. Saubih Mehmedi.<\/p>\n\n\n\n<p><strong>Kryetari i Ulqinit Loro Nrekiqi&nbsp; i ka uruar qytetar\u00ebt e besimit&nbsp; katolik&nbsp; me rastin e Fest\u00ebs s\u00eb Krishtlindjeve &nbsp;<\/strong>&nbsp;<\/p>\n\n\n\n<p>T\u00eb nderuar besimtar\u00eb! &nbsp;&nbsp;<\/p>\n\n\n\n<p>Me rastin e Dit\u00ebs s\u00eb shenjt\u00eb t\u00eb Krishtlindjes d\u00ebshiroj t\u2019u shpreh t\u00eb gjith\u00ebve urimet m\u00eb t\u00eb mira e m\u00eb t\u00eb p\u00ebrzem\u00ebrta &nbsp;&nbsp;<\/p>\n\n\n\n<p>G\u00ebzuar Krishtlindjen! &nbsp;&nbsp;<\/p>\n\n\n\n<p>K\u00ebt\u00eb vit&nbsp; n\u00ebn drit\u00ebn&nbsp; e shk\u00eblqimin e&nbsp; dritave t\u00eb Krishlindjeve&nbsp; shohim me dhimbje , pasojat&nbsp; e Cooronavirusit dhe shpresojm\u00eb e lutemi q\u00eb paqja dhe&nbsp; mir\u00ebsia t\u00eb&nbsp; mbizot\u00ebroj\u00eb sa m\u00eb pare &nbsp;n\u00eb &nbsp;zemrat e njer\u00ebzve&nbsp; kudo&nbsp; q\u00eb jan\u00eb.&nbsp;&nbsp;<\/p>\n\n\n\n<p>Le t\u00eb sh\u00ebrbej\u00eb&nbsp; &nbsp;kjo fest\u00eb e faljes &nbsp;solidaritetit dhe mir\u00ebkuptimit&nbsp; nd\u00ebrmjet&nbsp; njer\u00ebzve&nbsp; p\u00ebr t\u00eb na b\u00ebr\u00eb bashk\u00eb&nbsp; q\u00eb tu gjindemi&nbsp; pran\u00eb&nbsp; atyre &nbsp;q\u00eb kan\u00eb nevoj\u00eb &nbsp;&nbsp;<\/p>\n\n\n\n<p>G\u00ebzuar&nbsp; dhe p\u00ebr shum\u00eb&nbsp; vjet Krishtlindjet&nbsp; dhe jua&nbsp; uroj&nbsp; sa m\u00eb t\u00eb mbara&nbsp; e n\u00eb sh\u00ebndet&nbsp; e harmoni&nbsp; t\u00eb plot\u00eb. &nbsp;&nbsp;<\/p>\n\n\n\n<p>G\u00ebzuar !&nbsp;&nbsp;<\/p>\n\n\n\n<p><\/p>\n\n\n\n<p><strong>URIM ME RASTIN E FEST\u00cbS S\u00cb KRISHTLINDJEVE NGA KRYETARI I  FORC\u00cbS Z. NAZIF CUNGU<\/strong><\/p>\n\n\n\n<p>T\u00eb dashur motra dhe v\u00ebllez\u00ebr,<\/p>\n\n\n\n<p>Jemi n\u00eb prag t\u00eb festave t\u00eb fundvitit ndaj e ndiej si privilegj t\u00eb marr pjes\u00eb s\u00ebrish&nbsp;me urimet e mia m\u00eb t\u00eb p\u00ebrzem\u00ebrta p\u00ebr t\u00eb gjith\u00eb ju bashk\u00ebkombasit e mi.<\/p>\n\n\n\n<p>Sfidat me t\u00eb cilat u p\u00ebrball\u00ebm n\u00eb vitin q\u00eb po l\u00ebm pas ishin t\u00eb m\u00ebdha p\u00ebr gjith\u00ebsecilin prej nesh. Pandemia Covid-19 \u00ebsht\u00eb sfid\u00eb q\u00eb forcoi dhe zgjoi shpirtin humanitar dhe ndjenj\u00ebn e kujdesit t\u00eb p\u00ebrbashk\u00ebt p\u00ebr t\u00eb p\u00ebrballuar k\u00ebt\u00eb pandemi globale.<\/p>\n\n\n\n<p>Ndaj n\u00eb em\u00ebr t\u00eb Forc\u00ebs s\u00eb Re Demokratike dhe n\u00eb emrin tim personal, me rastin e fest\u00ebs s\u00eb Krishtlindjes t\u00eb gjith\u00eb besimtar\u00ebve t\u00eb krishter\u00eb, ve\u00e7mas atyre shqiptar, Ju uroj\u00eb g\u00ebzuar fest\u00ebn duke uruar q\u00eb k\u00ebto dit\u00eb t\u2019i kaloni n\u00eb paqe, dashuri, begati dhe mir\u00ebsi me nj\u00ebri-tjetrin!<\/p>\n\n\n\n<p>Po ashtu, n\u00eb em\u00ebr t\u00eb Forc\u00ebs s\u00eb Re Demokratike dhe n\u00eb emrin tim personal, m\u00eb lejoni&nbsp;t\u2019ju uroj nga zemra t\u00eb gjith\u00ebve G\u00ebzuar Vitin e&nbsp;Ri 2021!<\/p>\n\n\n\n<p>Nata e nd\u00ebrrimit t\u00eb viteve \u00ebsht\u00eb nj\u00eb nat\u00eb g\u00ebzimi, ve\u00e7an\u00ebrisht p\u00ebr f\u00ebmij\u00ebt, p\u00ebr t\u00eb cil\u00ebt uroj&nbsp;t\u2019i kemi me jet\u00eb, t\u00eb sh\u00ebndetsh\u00ebm, t\u00eb qeshur, t\u00eb lumtur dhe t\u00eb g\u00ebzuar!<\/p>\n\n\n\n<p>Qoft\u00eb viti 2021 nj\u00eb vit i mbar\u00eb e i begat\u00eb p\u00ebr ju, familjen tuaj, t\u00eb af\u00ebrmit tuaj, nj\u00eb vit i mbushur me m\u00eb shum\u00eb dashuri, p\u00ebrkushtim dhe solidaritet, n\u00eb vendlindjen ton\u00eb, n\u00eb&nbsp;Ulqinin ton\u00eb!<\/p>\n\n\n\n<p><strong>Zoti i bekoft\u00eb t\u00eb gjith\u00eb shqiptar\u00ebt kudo q\u00eb jetojn\u00eb dhe veprojn\u00eb! <\/strong><strong>G\u00ebzuar!<\/strong><\/p>\n\n\n\n<p>Kryetar,<br>Nazif Cungu<\/p>\n\n\n\n<p><\/p>\n\n\n\n<p>ARQIPESHKVIT T\u00cb TIVARIT<\/p>\n\n\n\n<p>Zot\u00ebri, imzot Rrok Gjolleshaj<\/p>\n\n\n\n<p>Tivar<\/p>\n\n\n\n<p><strong>I nderuari, Arqipeshkv i Tivarit, zot\u00ebri imzot Rrok Gjolleshaj.<\/strong><\/p>\n\n\n\n<p>N\u00eb k\u00ebt\u00eb periudh\u00eb kur njer\u00ebzimi po p\u00ebrballet me nj\u00eb sfid\u00eb, n\u00eb kushte t\u00eb v\u00ebshtira pandemie, \u00ebsht\u00eb nevoj\u00eb shpirt\u00ebrore t\u00eb gjendemi sa m\u00eb pran\u00eb nj\u00ebri-tjetrit, edhe at\u00ebher\u00eb kur fizikisht \u00ebsht\u00eb v\u00ebshtir\u00eb. Duke marr\u00eb shkas nga festa e <strong>PASHK\u00cbVE<\/strong>,&nbsp; festa m\u00eb e r\u00ebnd\u00ebsishme e besimtar\u00ebve katolik\u00eb, n\u00eb em\u00ebr t\u00eb an\u00ebtar\u00ebve t\u00eb Lidhjes Demokratike n\u00eb Mal t\u00eb Zi dhe n\u00eb emrin tim personal Ju uroj nga zemra <strong>G\u00cbZUAR PASHK\u00cbT.<\/strong><\/p>\n\n\n\n<p><strong>Kjo fest\u00eb le t\u00eb jet\u00eb shpres\u00eb p\u00ebr njer\u00ebzimin, t\u00eb sh\u00ebrbej\u00eb p\u00ebr lutje, me besimin tek Zoti n\u00eb kap\u00ebrcimin e k\u00ebsaj situate mjaft t\u00eb r\u00ebnduar nga pandemia e shkaktuar nga virusi Corona, &nbsp;t\u00eb ringjallin zem\u00ebrgjer\u00ebsin\u00eb e toleranc\u00ebn, respektin e bujarin\u00eb, paq\u00ebn e dashurin\u00eb tek besimtar\u00ebt.<\/strong><\/p>\n\n\n\n<p>P\u00ebrmes Jush, uroj t\u00eb gjith\u00eb besimtar\u00ebt katolik\u00eb shqiptar\u00eb dhe jo vet\u00ebm, t\u00eb g\u00ebzojn\u00eb sh\u00ebndet t\u00eb plot\u00eb, t\u00eb mbizot\u00ebroj\u00eb paqja dhe dashuria n\u00eb Familjet e tyre dhe g\u00ebzuar p\u00ebr shum\u00eb mot <strong>Pashk\u00ebt<\/strong>.<\/p>\n\n\n\n<p>P\u00ebrzem\u00ebrsisht,&nbsp;&nbsp;&nbsp;&nbsp;&nbsp;&nbsp;&nbsp;&nbsp;&nbsp;&nbsp;&nbsp;&nbsp;&nbsp;&nbsp;&nbsp;&nbsp;&nbsp;&nbsp;&nbsp;&nbsp;&nbsp;&nbsp;&nbsp;&nbsp;&nbsp;&nbsp;&nbsp;&nbsp;&nbsp;&nbsp;&nbsp;&nbsp;&nbsp;&nbsp;&nbsp;&nbsp;&nbsp;&nbsp;&nbsp;&nbsp;&nbsp;&nbsp;&nbsp;&nbsp;&nbsp;&nbsp;&nbsp;&nbsp;&nbsp;&nbsp;&nbsp;&nbsp;&nbsp;&nbsp;&nbsp;&nbsp;&nbsp;&nbsp;&nbsp;&nbsp;&nbsp;&nbsp;&nbsp;&nbsp;&nbsp;&nbsp;&nbsp;&nbsp;&nbsp;&nbsp;&nbsp;&nbsp;&nbsp;&nbsp;&nbsp;&nbsp;&nbsp;&nbsp;&nbsp;&nbsp;&nbsp;&nbsp;&nbsp;&nbsp;&nbsp;&nbsp;&nbsp;&nbsp;&nbsp;&nbsp;&nbsp;&nbsp;&nbsp;&nbsp;&nbsp;&nbsp;&nbsp;&nbsp;&nbsp;&nbsp;&nbsp;&nbsp;&nbsp;&nbsp;&nbsp;&nbsp;&nbsp;&nbsp;&nbsp;&nbsp;&nbsp;&nbsp;&nbsp;&nbsp;&nbsp;&nbsp;&nbsp;&nbsp;&nbsp;&nbsp;&nbsp;&nbsp;&nbsp;&nbsp;&nbsp;&nbsp;&nbsp;&nbsp;&nbsp;&nbsp;&nbsp;&nbsp;&nbsp;&nbsp;&nbsp;&nbsp;&nbsp;&nbsp;&nbsp;&nbsp;&nbsp;&nbsp;&nbsp;&nbsp; KRYETARI,<\/p>\n\n\n\n<p>&nbsp;&nbsp;&nbsp;&nbsp;&nbsp;&nbsp;&nbsp;&nbsp;&nbsp;&nbsp;&nbsp;&nbsp;&nbsp;&nbsp;&nbsp;&nbsp;&nbsp;&nbsp;&nbsp;&nbsp;&nbsp;&nbsp;&nbsp;&nbsp;&nbsp;&nbsp;&nbsp;&nbsp;&nbsp;&nbsp;&nbsp;&nbsp;&nbsp;&nbsp;&nbsp;&nbsp;&nbsp;&nbsp;&nbsp;&nbsp;&nbsp;&nbsp;&nbsp;&nbsp;&nbsp;&nbsp;&nbsp;&nbsp;&nbsp;&nbsp;&nbsp;&nbsp;&nbsp;&nbsp;&nbsp;&nbsp;&nbsp;&nbsp;&nbsp;&nbsp;&nbsp;&nbsp;&nbsp;&nbsp;&nbsp;&nbsp;&nbsp;&nbsp;&nbsp;&nbsp;&nbsp;&nbsp;&nbsp;&nbsp;&nbsp;&nbsp;&nbsp;&nbsp;&nbsp;&nbsp;&nbsp;&nbsp;&nbsp;&nbsp;&nbsp;&nbsp;&nbsp;&nbsp;&nbsp;&nbsp;&nbsp;&nbsp;&nbsp;&nbsp;&nbsp;&nbsp;&nbsp;&nbsp;&nbsp;&nbsp;&nbsp;&nbsp;&nbsp;&nbsp;&nbsp;&nbsp;&nbsp;&nbsp;&nbsp;&nbsp;&nbsp;&nbsp;&nbsp;&nbsp;&nbsp;&nbsp;&nbsp;&nbsp;&nbsp;&nbsp;&nbsp;&nbsp;&nbsp;&nbsp;&nbsp;&nbsp;&nbsp;&nbsp;&nbsp;&nbsp;&nbsp;&nbsp;&nbsp;&nbsp;&nbsp;&nbsp;&nbsp;&nbsp;&nbsp;&nbsp;&nbsp;&nbsp;&nbsp;&nbsp;&nbsp;&nbsp;&nbsp;&nbsp;&nbsp;&nbsp;&nbsp;&nbsp;&nbsp;&nbsp;&nbsp;&nbsp;&nbsp;&nbsp;&nbsp; &nbsp;&nbsp;&nbsp;&nbsp;&nbsp;&nbsp;&nbsp;&nbsp; Saubih Mehmeti<\/p>\n","protected":false},"excerpt":{"rendered":"<p>Me rastin e Dit\u00ebs s\u00eb shenjt\u00eb t\u00eb Krishtlindjes qytetar\u00eb t\u00eb shumt\u00eb urojn\u00eb nj\u00ebrin tjetrin duke b\u00ebr\u00eb q\u00eb atmosfera t\u00eb jet\u00eb sa m\u00eb e mir\u00eb n\u00eb k\u00ebto koh\u00ebra me probleme t\u00eb shumta, sidomos sh\u00ebndetsore dhe ekonomike. Edhe web faqja Ulqini Online uron me gjith\u00eb zem\u00ebr qytetar\u00ebt e besimit&nbsp; katolik&nbsp;p\u00ebr k\u00ebt\u00eb fest\u00eb t\u00eb madhe. M\u00eb posht\u00eb keni [&hellip;]<\/p>\n","protected":false},"author":1,"featured_media":21389,"comment_status":"open","ping_status":"open","sticky":false,"template":"","format":"standard","meta":{"_seopress_robots_primary_cat":"","_seopress_titles_title":"","_seopress_titles_desc":"","_seopress_robots_index":"","footnotes":""},"categories":[2,4],"tags":[],"class_list":["post-27786","post","type-post","status-publish","format-standard","has-post-thumbnail","hentry","category-aktualitet","category-kronike"],"_links":{"self":[{"href":"https:\/\/ulqini-online.com\/sajti\/index.php?rest_route=\/wp\/v2\/posts\/27786","targetHints":{"allow":["GET"]}}],"collection":[{"href":"https:\/\/ulqini-online.com\/sajti\/index.php?rest_route=\/wp\/v2\/posts"}],"about":[{"href":"https:\/\/ulqini-online.com\/sajti\/index.php?rest_route=\/wp\/v2\/types\/post"}],"author":[{"embeddable":true,"href":"https:\/\/ulqini-online.com\/sajti\/index.php?rest_route=\/wp\/v2\/users\/1"}],"replies":[{"embeddable":true,"href":"https:\/\/ulqini-online.com\/sajti\/index.php?rest_route=%2Fwp%2Fv2%2Fcomments&post=27786"}],"version-history":[{"count":3,"href":"https:\/\/ulqini-online.com\/sajti\/index.php?rest_route=\/wp\/v2\/posts\/27786\/revisions"}],"predecessor-version":[{"id":27797,"href":"https:\/\/ulqini-online.com\/sajti\/index.php?rest_route=\/wp\/v2\/posts\/27786\/revisions\/27797"}],"wp:featuredmedia":[{"embeddable":true,"href":"https:\/\/ulqini-online.com\/sajti\/index.php?rest_route=\/wp\/v2\/media\/21389"}],"wp:attachment":[{"href":"https:\/\/ulqini-online.com\/sajti\/index.php?rest_route=%2Fwp%2Fv2%2Fmedia&parent=27786"}],"wp:term":[{"taxonomy":"category","embeddable":true,"href":"https:\/\/ulqini-online.com\/sajti\/index.php?rest_route=%2Fwp%2Fv2%2Fcategories&post=27786"},{"taxonomy":"post_tag","embeddable":true,"href":"https:\/\/ulqini-online.com\/sajti\/index.php?rest_route=%2Fwp%2Fv2%2Ftags&post=27786"}],"curies":[{"name":"wp","href":"https:\/\/api.w.org\/{rel}","templated":true}]}}