{"id":2777,"date":"2015-04-04T14:23:49","date_gmt":"2015-04-04T12:23:49","guid":{"rendered":"http:\/\/ulqini-online.com\/sajti\/?p=2777"},"modified":"2015-04-04T14:28:57","modified_gmt":"2015-04-04T12:28:57","slug":"2777","status":"publish","type":"post","link":"https:\/\/ulqini-online.com\/sajti\/?p=2777","title":{"rendered":"Tha\u00e7i: Ulqini po aq Kosov\u00eb, pothuajse sa edhe Peja apo Prizreni"},"content":{"rendered":"<p><a href=\"https:\/\/ulqini-online.com\/sajti\/wp-content\/uploads\/2015\/04\/Thaci-rama-qytetar-nderi-ulqinit.jpg\"><img loading=\"lazy\" decoding=\"async\" class=\" size-medium wp-image-2779 alignleft\" src=\"https:\/\/ulqini-online.com\/sajti\/wp-content\/uploads\/2015\/04\/Thaci-rama-qytetar-nderi-ulqinit-300x196.jpg\" alt=\"Thaci-rama-qytetar-nderi-ulqinit\" width=\"300\" height=\"196\" srcset=\"https:\/\/ulqini-online.com\/sajti\/wp-content\/uploads\/2015\/04\/Thaci-rama-qytetar-nderi-ulqinit-300x196.jpg 300w, https:\/\/ulqini-online.com\/sajti\/wp-content\/uploads\/2015\/04\/Thaci-rama-qytetar-nderi-ulqinit.jpg 535w\" sizes=\"auto, (max-width: 300px) 100vw, 300px\" \/><\/a><strong>Historia e Kosov\u00ebs e ngjizur me Ulqinin<\/strong><br \/>\nZ\u00ebv\u00ebnd\u00ebskryeministri i Kosov\u00ebs, Hashim Tha\u00e7i ka deklaruar se pavar\u00ebsia e Kosov\u00ebs dhe pavar\u00ebsia e Malit t\u00eb Zi ishin nj\u00eb betej\u00eb e p\u00ebrbashk\u00ebt p\u00ebr liri dhe barazi.<\/p>\n<p>Z\u00ebv\u00ebnd\u00ebskryeministri i Kosov\u00ebs, Hashim Tha\u00e7i ka deklaruar se pavar\u00ebsia e Kosov\u00ebs dhe pavar\u00ebsia e Malit t\u00eb Zi ishin nj\u00eb betej\u00eb e p\u00ebrbashk\u00ebt p\u00ebr liri dhe barazi dhe lindja e shteteve tona, do t\u00eb sh\u00ebnohet n\u00eb nj\u00eb kapitull t\u00eb vet\u00ebm n\u00eb historin\u00eb moderne t\u00eb Evrop\u00ebs. Ai ka th\u00ebn\u00eb se historia e Kosov\u00ebs \u00ebsht\u00eb pandash\u00ebm e ngjizur me Ulqinin dhe ulqinak\u00ebt. \u201cKur ne hap\u00ebm Universitetin e Prishtin\u00ebs, u hap edhe nj\u00eb dritare p\u00ebr ulqinak\u00ebt. N\u00eb konviktet tona, n\u00eb menzat tona, n\u00eb shoq\u00ebrit\u00eb tona u p\u00ebrfshin\u00eb edhe ulqinak\u00ebt. U krijuan lidhjet dhe shoq\u00ebrit\u00eb e pandashme q\u00eb e b\u00ebjn\u00eb Ulqinin po aq Kosov\u00eb, pothuajse sa edhe Peja apo Prizreni. F\u00ebmij\u00ebt tan\u00eb n\u00eb shkolla fillore jan\u00eb rritur me vargjet e Hajro Ulqinakut\u201d, ka deklaruar Tha\u00e7i. N\u00eb n\u00ebnt\u00ebdhjetat e tmerrshme, kur portat e bot\u00ebs u mbyll\u00ebn dhe kur terrori i papar\u00eb u p\u00ebrhap tek ne n\u00eb Kosov\u00eb, sipas Tha\u00e7it, Ulqini ishte oaze e ngush\u00ebllimit. \u201cDashuria m\u00eb e madhe, dashuri e pakrahasueshme u dha mu n\u00eb ver\u00ebn e 1999, 16 vite m\u00eb her\u00ebt. At\u00ebher\u00eb pranuat qindra mij\u00ebra kosovar\u00eb q\u00eb ik\u00ebn nga gjenocidi dhe gjet\u00ebn shp\u00ebtim tek ju. Ju shp\u00ebtuat shum\u00eb kosovar\u00eb dhe Kosova \u00ebsht\u00eb e lir\u00eb sot edhe fal\u00eb Ulqinit dhe Malit t\u00eb Zi\u201d, ka th\u00ebn\u00eb Tha\u00e7i. Por, sipas tij, edhe Mali i Zi kur filloi betej\u00ebn p\u00ebr pavar\u00ebsi, ne ishim fare pran\u00eb dhe shum\u00eb p\u00ebrkrah\u00ebs. \u201cKosovar\u00ebt e Ulqinit dhe ulqinak\u00ebt e Kosov\u00ebs kan\u00eb votuar jo 50%, jo 70%, jo 90% por 100% p\u00ebr Republik\u00ebn sovrane t\u00eb Malit t\u00eb Zi, t\u00eb bazuar n\u00eb historin\u00eb e lavdishme t\u00eb popullit malazias dhe rolin e ve\u00e7ant\u00eb n\u00eb k\u00ebt\u00eb histori t\u00eb shqiptar\u00ebve t\u00eb Malit t\u00eb Zi\u201d, ka th\u00ebn\u00eb Tha\u00e7i.<\/p>\n<p><strong>Dita e Ulqinit, dit\u00eb e ve\u00e7ant\u00eb p\u00ebr Tha\u00e7in<\/strong><\/p>\n<p>Komuna e Ulqinit, n\u00eb nj\u00eb ceremoni solemne p\u00ebr dit\u00ebn e saj, po i shpall\u00eb qytetar\u00eb nderi edhe kryeministrin e Shqip\u00ebris\u00eb dhe z\u00ebvend\u00ebskryeministrin e Kosov\u00ebs, Edi Ram\u00ebn dhe Hashim Tha\u00e7in, p\u00ebr rolin e tyre historik n\u00eb promovimin e paqes dhe dialogut midis popujve t\u00eb Ballkanit, marr\u00ebdh\u00ebnieve t\u00eb ngushta fqinj\u00ebsore nd\u00ebrmjet Kosov\u00ebs dhe Shqip\u00ebris\u00eb me Malin e Zi, integrimin euro-atlantik dhe rolin shum\u00eb t\u00eb r\u00ebnd\u00ebsish\u00ebm n\u00eb avancimin e pozit\u00ebs s\u00eb shqiptar\u00ebve n\u00eb Ballkan dhe posa\u00e7\u00ebrisht n\u00eb Mal t\u00eb Zi. \u201cKomuna e Ulqinit dallon si komun\u00eb e pasur n\u00eb Ballkan p\u00ebr trash\u00ebgimi kulturore, monumentale, natyrore dhe \u00e7\u2019 \u00ebsht\u00eb m\u00eb e r\u00ebnd\u00ebsishmja edhe p\u00ebr vlera njer\u00ebzore, prandaj edhe un\u00eb sot ndjehem i privilegjuar q\u00eb m\u00eb keni nderuar me k\u00ebt\u00eb \u00e7mim\u201d, ka th\u00ebn\u00eb Tha\u00e7i. Sipas Tha\u00e7it, kosovar\u00ebt ndihen shum\u00eb af\u00ebr Ulqinit, sepse e lidhin k\u00ebt\u00eb trev\u00eb me kujtimet m\u00eb t\u00eb bukura t\u00eb tyre gjat\u00eb stin\u00ebs s\u00eb ver\u00ebs. \u201cP\u00ebrve\u00e7 pushimeve verore, nj\u00eb tjet\u00ebr ur\u00eb e fort\u00eb lidh\u00ebse mes Kosov\u00ebs dhe trev\u00ebs suaj ka qen\u00eb edhe Universiteti i Prishtin\u00ebs, n\u00eb t\u00eb cilin jan\u00eb shkolluar me mij\u00ebra bij\u00eb dhe bija tuaja, por edhe ku kan\u00eb kontribuar dhjet\u00ebra kuadro t\u00eb dala nga popullsia shqiptare e Malit t\u00eb Zi\u201d, ka th\u00ebn\u00eb Tha\u00e7i.<\/p>\n","protected":false},"excerpt":{"rendered":"<p>Historia e Kosov\u00ebs e ngjizur me Ulqinin Z\u00ebv\u00ebnd\u00ebskryeministri i Kosov\u00ebs, Hashim Tha\u00e7i ka deklaruar se pavar\u00ebsia e Kosov\u00ebs dhe pavar\u00ebsia e Malit t\u00eb Zi ishin nj\u00eb betej\u00eb e p\u00ebrbashk\u00ebt p\u00ebr liri dhe barazi. Z\u00ebv\u00ebnd\u00ebskryeministri i Kosov\u00ebs, Hashim Tha\u00e7i ka deklaruar se pavar\u00ebsia e Kosov\u00ebs dhe pavar\u00ebsia e Malit t\u00eb Zi ishin nj\u00eb betej\u00eb e p\u00ebrbashk\u00ebt [&hellip;]<\/p>\n","protected":false},"author":1,"featured_media":2779,"comment_status":"open","ping_status":"open","sticky":false,"template":"","format":"standard","meta":{"_seopress_robots_primary_cat":"","_seopress_titles_title":"","_seopress_titles_desc":"","_seopress_robots_index":"","footnotes":""},"categories":[3],"tags":[],"class_list":["post-2777","post","type-post","status-publish","format-standard","has-post-thumbnail","hentry","category-politike"],"_links":{"self":[{"href":"https:\/\/ulqini-online.com\/sajti\/index.php?rest_route=\/wp\/v2\/posts\/2777","targetHints":{"allow":["GET"]}}],"collection":[{"href":"https:\/\/ulqini-online.com\/sajti\/index.php?rest_route=\/wp\/v2\/posts"}],"about":[{"href":"https:\/\/ulqini-online.com\/sajti\/index.php?rest_route=\/wp\/v2\/types\/post"}],"author":[{"embeddable":true,"href":"https:\/\/ulqini-online.com\/sajti\/index.php?rest_route=\/wp\/v2\/users\/1"}],"replies":[{"embeddable":true,"href":"https:\/\/ulqini-online.com\/sajti\/index.php?rest_route=%2Fwp%2Fv2%2Fcomments&post=2777"}],"version-history":[{"count":4,"href":"https:\/\/ulqini-online.com\/sajti\/index.php?rest_route=\/wp\/v2\/posts\/2777\/revisions"}],"predecessor-version":[{"id":2785,"href":"https:\/\/ulqini-online.com\/sajti\/index.php?rest_route=\/wp\/v2\/posts\/2777\/revisions\/2785"}],"wp:featuredmedia":[{"embeddable":true,"href":"https:\/\/ulqini-online.com\/sajti\/index.php?rest_route=\/wp\/v2\/media\/2779"}],"wp:attachment":[{"href":"https:\/\/ulqini-online.com\/sajti\/index.php?rest_route=%2Fwp%2Fv2%2Fmedia&parent=2777"}],"wp:term":[{"taxonomy":"category","embeddable":true,"href":"https:\/\/ulqini-online.com\/sajti\/index.php?rest_route=%2Fwp%2Fv2%2Fcategories&post=2777"},{"taxonomy":"post_tag","embeddable":true,"href":"https:\/\/ulqini-online.com\/sajti\/index.php?rest_route=%2Fwp%2Fv2%2Ftags&post=2777"}],"curies":[{"name":"wp","href":"https:\/\/api.w.org\/{rel}","templated":true}]}}