{"id":2775,"date":"2015-04-04T14:23:23","date_gmt":"2015-04-04T12:23:23","guid":{"rendered":"http:\/\/ulqini-online.com\/sajti\/?p=2775"},"modified":"2015-04-04T14:32:53","modified_gmt":"2015-04-04T12:32:53","slug":"rama-faleminderit-ulqinit-per-titullin-qytetar-nderi-shqiptaret-me-afer-se-kurre-mes-veti","status":"publish","type":"post","link":"https:\/\/ulqini-online.com\/sajti\/?p=2775","title":{"rendered":"Rama: Faleminderit Ulqinit p\u00ebr titullin &#8220;Qytetar Nderi&#8221;! Shqiptar\u00ebt m\u00eb af\u00ebr se kurr\u00eb mes veti"},"content":{"rendered":"<p><a href=\"https:\/\/ulqini-online.com\/sajti\/wp-content\/uploads\/2015\/04\/Rama-qytetar-nderi.jpg\"><img loading=\"lazy\" decoding=\"async\" class=\" size-medium wp-image-2784 alignleft\" src=\"https:\/\/ulqini-online.com\/sajti\/wp-content\/uploads\/2015\/04\/Rama-qytetar-nderi-300x164.jpg\" alt=\"Rama-qytetar-nderi\" width=\"300\" height=\"164\" srcset=\"https:\/\/ulqini-online.com\/sajti\/wp-content\/uploads\/2015\/04\/Rama-qytetar-nderi-300x164.jpg 300w, https:\/\/ulqini-online.com\/sajti\/wp-content\/uploads\/2015\/04\/Rama-qytetar-nderi.jpg 603w\" sizes=\"auto, (max-width: 300px) 100vw, 300px\" \/><\/a>Kryeministri Rama ka falenderuar Ulqinin p\u00ebr titullin &#8220;Qytetar Nderi&#8221;, t\u00eb marr\u00eb sot n\u00eb komun\u00ebn e k\u00ebtij qyteti, ku t\u00eb pranish\u00ebm kan\u00eb qen\u00eb zyrtar\u00eb t\u00eb lart\u00eb, mes tyre edhe zv\/kryeministri i Kosov\u00ebs, Hashim Tha\u00e7i.<\/p>\n<p>&#8220;Faleminderit Ulqinit p\u00ebr titullin &#8220;Qytetar Nderi&#8221;! Shqiptar\u00ebt m\u00eb af\u00ebr se kurr\u00eb mes veti me shum\u00eb se kurr\u00eb t\u00eb sfiduar nga e ardhmja e p\u00ebrbashk\u00ebt&#8221;, ka shkruajtur Rama n\u00eb profilin e tij.<\/p>\n<p>Komuna e Ulqinit, n\u00eb nj\u00eb ceremoni solemne, ka shpall &#8220;Qytetar\u00eb Nderi&#8221; kryeministrin e Shqip\u00ebris\u00eb Edi Rama dhe z\u00ebvend\u00ebs\/kryeministrin e Kosov\u00ebs, me motivacionin: &#8220;p\u00ebr rolin e tyre historik n\u00eb promovimin e paqes dhe dialogut midis popujve t\u00eb Ballkanit, marr\u00ebdh\u00ebnieve t\u00eb ngushta fqinj\u00ebsore nd\u00ebrmjet Kosov\u00ebs dhe Shqip\u00ebris\u00eb me Malin e Zi, integrimin euro-atlantik dhe rolin shum\u00eb t\u00eb r\u00ebnd\u00ebsish\u00ebm n\u00eb avancimin e pozit\u00ebs s\u00eb shqiptar\u00ebve n\u00eb Ballkan dhe posa\u00e7\u00ebrisht n\u00eb Mal t\u00eb Zi&#8221;.<\/p>\n<p>&nbsp;<\/p>\n","protected":false},"excerpt":{"rendered":"<p>Kryeministri Rama ka falenderuar Ulqinin p\u00ebr titullin &#8220;Qytetar Nderi&#8221;, t\u00eb marr\u00eb sot n\u00eb komun\u00ebn e k\u00ebtij qyteti, ku t\u00eb pranish\u00ebm kan\u00eb qen\u00eb zyrtar\u00eb t\u00eb lart\u00eb, mes tyre edhe zv\/kryeministri i Kosov\u00ebs, Hashim Tha\u00e7i. &#8220;Faleminderit Ulqinit p\u00ebr titullin &#8220;Qytetar Nderi&#8221;! Shqiptar\u00ebt m\u00eb af\u00ebr se kurr\u00eb mes veti me shum\u00eb se kurr\u00eb t\u00eb sfiduar nga e ardhmja [&hellip;]<\/p>\n","protected":false},"author":1,"featured_media":2784,"comment_status":"open","ping_status":"open","sticky":false,"template":"","format":"standard","meta":{"_seopress_robots_primary_cat":"","_seopress_titles_title":"","_seopress_titles_desc":"","_seopress_robots_index":"","footnotes":""},"categories":[2,3],"tags":[],"class_list":["post-2775","post","type-post","status-publish","format-standard","has-post-thumbnail","hentry","category-aktualitet","category-politike"],"_links":{"self":[{"href":"https:\/\/ulqini-online.com\/sajti\/index.php?rest_route=\/wp\/v2\/posts\/2775","targetHints":{"allow":["GET"]}}],"collection":[{"href":"https:\/\/ulqini-online.com\/sajti\/index.php?rest_route=\/wp\/v2\/posts"}],"about":[{"href":"https:\/\/ulqini-online.com\/sajti\/index.php?rest_route=\/wp\/v2\/types\/post"}],"author":[{"embeddable":true,"href":"https:\/\/ulqini-online.com\/sajti\/index.php?rest_route=\/wp\/v2\/users\/1"}],"replies":[{"embeddable":true,"href":"https:\/\/ulqini-online.com\/sajti\/index.php?rest_route=%2Fwp%2Fv2%2Fcomments&post=2775"}],"version-history":[{"count":4,"href":"https:\/\/ulqini-online.com\/sajti\/index.php?rest_route=\/wp\/v2\/posts\/2775\/revisions"}],"predecessor-version":[{"id":2786,"href":"https:\/\/ulqini-online.com\/sajti\/index.php?rest_route=\/wp\/v2\/posts\/2775\/revisions\/2786"}],"wp:featuredmedia":[{"embeddable":true,"href":"https:\/\/ulqini-online.com\/sajti\/index.php?rest_route=\/wp\/v2\/media\/2784"}],"wp:attachment":[{"href":"https:\/\/ulqini-online.com\/sajti\/index.php?rest_route=%2Fwp%2Fv2%2Fmedia&parent=2775"}],"wp:term":[{"taxonomy":"category","embeddable":true,"href":"https:\/\/ulqini-online.com\/sajti\/index.php?rest_route=%2Fwp%2Fv2%2Fcategories&post=2775"},{"taxonomy":"post_tag","embeddable":true,"href":"https:\/\/ulqini-online.com\/sajti\/index.php?rest_route=%2Fwp%2Fv2%2Ftags&post=2775"}],"curies":[{"name":"wp","href":"https:\/\/api.w.org\/{rel}","templated":true}]}}