{"id":26983,"date":"2020-09-09T11:25:25","date_gmt":"2020-09-09T09:25:25","guid":{"rendered":"http:\/\/ulqini-online.com\/sajti\/?p=26983"},"modified":"2020-09-09T11:25:25","modified_gmt":"2020-09-09T09:25:25","slug":"ld-ne-mz-shenon-30-vjetorin-e-saj","status":"publish","type":"post","link":"https:\/\/ulqini-online.com\/sajti\/?p=26983","title":{"rendered":"LD n\u00eb MZ sh\u00ebnon 30 vjetorin e saj"},"content":{"rendered":"\n<div class=\"wp-block-image\"><figure class=\"aligncenter size-large\"><img loading=\"lazy\" decoding=\"async\" width=\"604\" height=\"453\" src=\"https:\/\/ulqini-online.com\/sajti\/wp-content\/uploads\/2015\/09\/ld-ne-mz-tubim.jpg\" alt=\"\" class=\"wp-image-5617\" srcset=\"https:\/\/ulqini-online.com\/sajti\/wp-content\/uploads\/2015\/09\/ld-ne-mz-tubim.jpg 604w, https:\/\/ulqini-online.com\/sajti\/wp-content\/uploads\/2015\/09\/ld-ne-mz-tubim-300x225.jpg 300w\" sizes=\"auto, (max-width: 604px) 100vw, 604px\" \/><\/figure><\/div>\n\n\n\n<p>Lidhja Demokratike n\u00eb Mal t\u00eb Zi sh\u00ebnon p\u00ebrpjekjen e par\u00eb serioze n\u00eb historin\u00eb moderne, p\u00ebr organizim politik t\u00eb shqiptar\u00ebve n\u00eb Mal t\u00eb Zi. Dy dit\u00eb pas Kushtetut\u00ebs s\u00eb Ka\u00e7anikut, n\u00eb nj\u00eb sinergji natyrore, n\u00eb trevat autoktone t\u00eb shqiptar\u00ebve n\u00eb Mal t\u00eb Zi, me dat\u00ebn 9 shtator 1990 u formua partia e par\u00eb politike nacionale shqiptare, Lidhja Demokratike n\u00eb Mal t\u00eb Zi. Tridhjet\u00eb vjet rrug\u00ebtim aspak i leht\u00eb p\u00ebr t\u00eb ardhur n\u00eb dit\u00ebt e sotme. Tridhjet\u00eb vjet t\u00eb mbushura me shum\u00eb momente delikate e historike. Ky jubile sivjet ndodhi t\u00eb jet\u00eb n\u00eb kushte jo t\u00eb zakonshme, n\u00eb kushte t\u00eb rralla, t\u00eb tilla q\u00eb universi yn\u00eb njeh \u00e7do nj\u00ebqind vite, n\u00eb kushte pandemie. Kjo nuk na e zbeh jubileun e as festimin por megjithat\u00eb na detyron q\u00eb t\u00eb respektojm\u00eb rregullat strikte t\u00eb institucioneve sh\u00ebndet\u00ebsore me q\u00ebllim t\u00eb ruajtjes s\u00eb asaj q\u00eb \u00ebsht\u00eb primare, sh\u00ebndetit t\u00eb individit, thuhet n\u00eb nj\u00eb kumtes\u00eb t\u00eb LD n\u00eb MZ.<\/p>\n\n\n\n<p>T\u00eb dashur bashk\u00ebkombas, an\u00ebtar\u00eb e p\u00ebrkrah\u00ebs t\u00eb Lidhjes Demokratike n\u00eb Mal t\u00eb Zi,<\/p>\n\n\n\n<p>P\u00ebrmes k\u00ebsaj kumtese d\u00ebshirojm\u00eb t\u00eb ju njoftojm\u00eb q\u00eb ky jubile do t\u00eb festohet n\u00eb kushte shum\u00eb t\u00eb kufizuara me nj\u00eb num\u00ebr shum\u00eb t\u00eb vog\u00ebl t\u00eb pjes\u00ebmarr\u00ebsish, me an\u00ebtar\u00eb t\u00eb kryesis\u00eb s\u00eb LDn\u00eb MZ-s\u00eb dhe an\u00ebtar\u00ebt e kryesive dhe t\u00eb deg\u00ebve si dhe me shum\u00eb pak t\u00eb ftuar p\u00ebr shkak t\u00eb pandemis\u00eb s\u00eb korona virusit. Nj\u00ebherit p\u00ebrmes k\u00ebsaj kumtese k\u00ebrkojm\u00eb edhe mir\u00ebkuptimin tuaj por edhe ju premtojm\u00eb q\u00eb t\u00eb nj\u00ebjtin organizim do e p\u00ebrs\u00ebrisim, n\u00eb p\u00ebrvjetor\u00ebt e ardh\u00ebshme, sapo kushtet dhe gjendja e pandemis\u00eb t\u00eb na e mund\u00ebsoj\u00eb, p\u00ebrfundon kumtesa.<\/p>\n\n\n\n<p>\u00a0\u00a0\u00a0\u00a0\u00a0\u00a0\u00a0\u00a0\u00a0\u00a0\u00a0 <\/p>\n","protected":false},"excerpt":{"rendered":"<p>Lidhja Demokratike n\u00eb Mal t\u00eb Zi sh\u00ebnon p\u00ebrpjekjen e par\u00eb serioze n\u00eb historin\u00eb moderne, p\u00ebr organizim politik t\u00eb shqiptar\u00ebve n\u00eb Mal t\u00eb Zi. Dy dit\u00eb pas Kushtetut\u00ebs s\u00eb Ka\u00e7anikut, n\u00eb nj\u00eb sinergji natyrore, n\u00eb trevat autoktone t\u00eb shqiptar\u00ebve n\u00eb Mal t\u00eb Zi, me dat\u00ebn 9 shtator 1990 u formua partia e par\u00eb politike nacionale shqiptare, [&hellip;]<\/p>\n","protected":false},"author":1,"featured_media":5617,"comment_status":"open","ping_status":"open","sticky":false,"template":"","format":"standard","meta":{"_seopress_robots_primary_cat":"","_seopress_titles_title":"","_seopress_titles_desc":"","_seopress_robots_index":"","footnotes":""},"categories":[2,3],"tags":[2721,272],"class_list":["post-26983","post","type-post","status-publish","format-standard","has-post-thumbnail","hentry","category-aktualitet","category-politike","tag-ldnemz","tag-lidhja-demokratike-ne-mal-te-zi"],"_links":{"self":[{"href":"https:\/\/ulqini-online.com\/sajti\/index.php?rest_route=\/wp\/v2\/posts\/26983","targetHints":{"allow":["GET"]}}],"collection":[{"href":"https:\/\/ulqini-online.com\/sajti\/index.php?rest_route=\/wp\/v2\/posts"}],"about":[{"href":"https:\/\/ulqini-online.com\/sajti\/index.php?rest_route=\/wp\/v2\/types\/post"}],"author":[{"embeddable":true,"href":"https:\/\/ulqini-online.com\/sajti\/index.php?rest_route=\/wp\/v2\/users\/1"}],"replies":[{"embeddable":true,"href":"https:\/\/ulqini-online.com\/sajti\/index.php?rest_route=%2Fwp%2Fv2%2Fcomments&post=26983"}],"version-history":[{"count":1,"href":"https:\/\/ulqini-online.com\/sajti\/index.php?rest_route=\/wp\/v2\/posts\/26983\/revisions"}],"predecessor-version":[{"id":26984,"href":"https:\/\/ulqini-online.com\/sajti\/index.php?rest_route=\/wp\/v2\/posts\/26983\/revisions\/26984"}],"wp:featuredmedia":[{"embeddable":true,"href":"https:\/\/ulqini-online.com\/sajti\/index.php?rest_route=\/wp\/v2\/media\/5617"}],"wp:attachment":[{"href":"https:\/\/ulqini-online.com\/sajti\/index.php?rest_route=%2Fwp%2Fv2%2Fmedia&parent=26983"}],"wp:term":[{"taxonomy":"category","embeddable":true,"href":"https:\/\/ulqini-online.com\/sajti\/index.php?rest_route=%2Fwp%2Fv2%2Fcategories&post=26983"},{"taxonomy":"post_tag","embeddable":true,"href":"https:\/\/ulqini-online.com\/sajti\/index.php?rest_route=%2Fwp%2Fv2%2Ftags&post=26983"}],"curies":[{"name":"wp","href":"https:\/\/api.w.org\/{rel}","templated":true}]}}