{"id":26702,"date":"2020-08-26T22:49:54","date_gmt":"2020-08-26T20:49:54","guid":{"rendered":"http:\/\/ulqini-online.com\/sajti\/?p=26702"},"modified":"2020-08-26T22:49:54","modified_gmt":"2020-08-26T20:49:54","slug":"dita-e-kujteses-se-viktimave-nga-regjimet-totalitare","status":"publish","type":"post","link":"https:\/\/ulqini-online.com\/sajti\/?p=26702","title":{"rendered":"DITA E KUJTES\u00cbS S\u00cb VIKTIMAVE NGA REGJIMET TOTALITARE"},"content":{"rendered":"\n<div class=\"wp-block-image is-style-rounded\"><figure class=\"alignleft size-large is-resized\"><img loading=\"lazy\" decoding=\"async\" src=\"https:\/\/ulqini-online.com\/sajti\/wp-content\/uploads\/2014\/12\/Nail-draga.jpg\" alt=\"\" class=\"wp-image-805\" width=\"265\" height=\"320\" srcset=\"https:\/\/ulqini-online.com\/sajti\/wp-content\/uploads\/2014\/12\/Nail-draga.jpg 305w, https:\/\/ulqini-online.com\/sajti\/wp-content\/uploads\/2014\/12\/Nail-draga-248x300.jpg 248w\" sizes=\"auto, (max-width: 265px) 100vw, 265px\" \/><\/figure><\/div>\n\n\n\n<p><strong>Diskursi&nbsp; politik<\/strong><\/p>\n\n\n\n<p><strong><em>Me dat\u00ebn 23 gusht n\u00eb \u00a0Dit\u00ebn Europiane t\u00eb Kujtimit t\u00eb Viktimave t\u00eb Regjimeve Totalitare, Europa kujton me pietet viktimat e regjimeve totalitare t\u00eb cil\u00ebt likuiduan me miliona individ\u00eb, nd\u00ebrsa vendet e ish kampit socialist ende hezitojn\u00eb t\u00eb denojn\u00eb krimet e tilla q\u00eb d\u00ebshmon munges\u00ebn e vullnetit politik pothuaj n\u00eb t\u00eb gjitha vendet e ish kampit socialist n\u00eb Europ\u00ebn Juglindore. Mungesa e sh\u00ebnimit e nj\u00eb dat\u00eb t\u00eb till\u00eb n\u00eb nivel shtet\u00ebror \u00a0si dhe mungesa e nj\u00eb memoriali kushtuar viktimave t\u00eb komunizmit n\u00eb vendet e tilla, d\u00ebshmon n\u00eb m\u00ebnyr\u00eb transparente nj\u00eb konstatim t\u00eb till\u00eb. N\u00eb pjes\u00ebn e tyre viktimave b\u00ebjn\u00eb pjes\u00eb edhe shqiptar\u00ebt, si popull autokton t\u00eb ndar\u00eb n\u00eb disa shtete t\u00eb cil\u00ebt p\u00ebrjetuan golgot\u00ebn nga sistemet e vend\u00ebve p\u00ebrkat\u00ebse, ku ve\u00e7ohet shteti am\u00eb Shqip\u00ebria nd\u00ebr vendet me kriminale komuniste n\u00eb regjion.<\/em><\/strong><\/p>\n\n\n\n<p>Nga <strong>Nail\u00a0 Draga<\/strong><\/p>\n\n\n\n<p>N\u00eb saj\u00eb t\u00eb Deklarat\u00ebs s\u00eb Parlamentit Europian nga data 23 shtator 2008, Dita e 23 gushtit n\u00eb Europ\u00eb \u00ebsht\u00eb shpallur Dita Europiane e Kujtimit t\u00eb Viktimave t\u00eb Regjimeve Totalitare. Kemi t\u00eb b\u00ebjm\u00eb me&nbsp; nj\u00eb dat\u00eb simbolike, sepse me 23 gusht t\u00eb vitit &nbsp;1939 \u00ebsht\u00eb n\u00ebnshkruar marr\u00ebveshja Ribentrop-Molotov, n\u00eb lidhje me mossulmimin n\u00eb mes Gjermanis\u00eb e Bashkimit Sovjetik.<\/p>\n\n\n\n<p>Por, n\u00eb rrethana t\u00eb reja shoq\u00ebrore pas&nbsp; falimentimit t\u00eb ideologjis\u00eb komuniste dhe d\u00ebshtimit t\u00eb sistemit socialist, duke filluar me r\u00ebnien e Murit t\u00eb Berlinit(8.11.1989) dhe miratimit t\u00eb pluralizmit n\u00eb vendet e ish kampit socialist, filloj rishkrimi i historis\u00eb me argumente, duke d\u00ebshmuar vuajtjet e p\u00ebrsekutimet e qytetar\u00ebve n\u00eb sistemet totalitare. Dhe \u00ebsht\u00eb kjo koha e liris\u00eb personale e shoq\u00ebrore e cila ka eliminuar paragjykimet duke shpalosur t\u00eb kaluar\u00ebn e popujve n\u00ebn pushtetet diktatoriale komuniste me pasoja t\u00eb m\u00ebdha p\u00ebr qytetar\u00ebt e tyre vend\u00ebve, ku as shqiptar\u00ebt nuk ishin p\u00ebrjashtim, me pasoja t\u00eb m\u00ebdha shoq\u00ebrore dhe komb\u00ebtare.<\/p>\n\n\n\n<p><strong>Ende pa p\u00ebrcaktimin e dit\u00ebs s\u00eb viktimave n\u00eb Mal t\u00eb Zi<\/strong><\/p>\n\n\n\n<p>N\u00eb lidhje me k\u00ebt\u00eb \u00e7\u00ebshtje &nbsp;Kuvendi i Malit t\u00eb Zi n\u00eb vitin 2006&nbsp; ka miratuar Rezolutat e K\u00ebshillit t\u00eb Europ\u00ebs: nr. 1096, nga viti 1996<strong>, \u201cMasat p\u00ebr t\u00eb \u00e7rr\u00ebnjosur trash\u00ebgimin\u00eb e sistemeve totalitare komuniste\u201d, <\/strong>dhe nr. 1481, nga viti 2006<strong> \u201cDomosdoshm\u00ebria p\u00ebr d\u00ebnimin nd\u00ebrkomb\u00ebtar t\u00eb krimeve t\u00eb regjimeve totalitare komuniste<\/strong>\u201d, por dita e kujtimit t\u00eb tyre viktimave deri m\u00eb tash \u00ebnde nuk \u00ebsht\u00eb p\u00ebrcaktuar. Nga nj\u00eb qendrim i till\u00eb pushteti n\u00eb Mal t\u00eb Zi nuk ka respektuar rekomandimin e Parlamentit Europian, duke d\u00ebshmuar munges\u00ebn e vullnetit politik p\u00ebr tu ballafaquar me t\u00eb kaluar\u00ebn.<\/p>\n\n\n\n<p>Po ashtu, Parlamenti europian ka miratuar rekomandimin ku theksohet q\u00eb \u00e7do vend duhet t\u00eb p\u00ebrcaktoj\u00eb koh\u00ebn dhe m\u00ebnyr\u00ebn e sh\u00ebnimit t\u00eb kujtimit ndaj viktimave t\u00eb regjimeve totalitare, duke ia p\u00ebrshtatur historis\u00eb dhe tradit\u00ebs s\u00eb tyre. Por, me gjith\u00eb obligimet e detyrueshme deri m\u00eb tash n\u00eb Mal t\u00eb Zi kemi nj\u00eb heshtje n\u00eb k\u00ebt\u00eb drejtim, andaj edhe sot nuk ekziton nj\u00eb dat\u00eb e cila do t\u00eb sh\u00ebnohej si <em>Dita e kujtes\u00ebs s\u00eb viktimave t\u00eb komunizmit<\/em>, sikurse kan\u00eb vepruar vendet tjera nga ish kampi socialist.<\/p>\n\n\n\n<p><strong>Qasje t\u00eb dyfishta t\u00eb pushtetit<\/strong><\/p>\n\n\n\n<p><br>Me k\u00ebt\u00eb rast &nbsp;duhet cekur se Kuvendi i Malit t\u00eb Zi n\u00eb vitin 1992 ka miratuar Deklarat\u00ebn s\u00eb shteti obligohet t\u00eb rehabilitoj\u00eb viktimat e Goli Otokut(1948), si dhe t\u00eb&nbsp; d\u00ebmshp\u00ebrblej\u00eb familjet e tyre.<br>Nga nj\u00eb qendrim i till\u00eb del qart\u00eb&nbsp; se kemi standarde t\u00eb dyfishta, duke eliminuar krimet para vitit 1948, ku trajtojn\u00eb vet\u00ebm ata t\u00eb Goli Otokut, athu se krimet e komunizmit kan\u00eb fillu nga ajo koh\u00eb, e jo&nbsp; m\u00eb par\u00eb nga instalimi i komunistave n\u00eb n\u00ebntor t\u00eb vitit 1944. Nj\u00eb qasje e till\u00eb \u00ebsht\u00eb diskriminuese sepse do t\u00eb legalizoheshin krimet e m\u00eb hershme, nd\u00ebrsa viktimat do t\u00eb mbeteshin t\u00eb pa evidentuara nd\u00ebrsa ekzekutor\u00ebt t\u00eb pa ndeshkuar.<\/p>\n\n\n\n<p>Pra, qasja duhet t\u00eb jet\u00eb e pranueshme p\u00ebr t\u00eb gjith\u00eb e jo t\u00eb ket\u00eb diferencime, n\u00eb aspektin komb\u00ebtar, sepse represioni ka pasur&nbsp; p\u00ebrmasa t\u00eb m\u00ebdha var\u00ebsisht rrethanave shoq\u00ebrore. N\u00eb k\u00ebt\u00eb aspekt deri m\u00eb tash&nbsp; nuk jan\u00eb cekur fare viktimat e shqiptar\u00ebve, sikurse \u00ebsht\u00eb Masakra e Tivarit(1.4.1945), duke mbetur tem\u00eb e pa trajtuar p\u00ebr opinion e gjer\u00eb n\u00eb Mal t\u00eb Zi.<\/p>\n\n\n\n<p><strong>Krimeve nuk iu skadon afati kohor<\/strong><\/p>\n\n\n\n<p>Por, n\u00eb deklarat\u00ebn e Parlamentit europian&nbsp; t\u00eb miratuar n\u00eb shtator t\u00eb vitit&nbsp; 2008, n\u00eb kujtim t\u00eb viktimave t\u00eb komunizmit dhe nazizmit thuhet se <em>\u201en\u00eb baz\u00eb t\u00eb ligjit nd\u00ebrkomb\u00ebtar, nuk skadon kurr\u00eb afati p\u00ebr d\u00ebnimin e krimeve t\u00eb luft\u00ebs dhe krimeve kund\u00ebr njer\u00ebzimit\u201c. <\/em>Andaj, p\u00ebr t\u00eb trajtuar \u00e7\u00ebshtjet e tilla duhet pritur nj\u00eb moment tjet\u00ebr m\u00eb t\u00eb p\u00ebrshtash\u00ebm sepse p\u00ebr tash&nbsp; nuk ekziston vullneti politik i pushtetit, p\u00ebr ballafaqim m\u00eb t\u00eb shkuar\u00ebn e krimeve t\u00eb komunizmit n\u00eb Mal t\u00eb Zi.<\/p>\n\n\n\n<p>Pik\u00ebrisht duke marr\u00eb parasysh s\u00eb nuk ekziston qasje unike mendoj se duhet&nbsp; inicuar Ligjin p\u00ebr t\u00eb rehabilituar qytetar\u00ebt t\u00eb cil\u00ebt kan\u00eb p\u00ebrjetuar krime nga koha e komunizmit, nga viti 1944-1990. Madje duhet parapar\u00eb d\u00ebmshp\u00ebrblimin ndaj familjeve t\u00eb viktimizuara, sepse vet\u00ebm n\u00eb k\u00ebt\u00eb m\u00ebnyr\u00eb do t\u00eb eliminohej nj\u00eb padrejt\u00ebsi ndaj qytetar\u00ebve t\u00eb pafajsh\u00ebm n\u00eb kohen e komunizmit.<\/p>\n\n\n\n<p><strong>Shqip\u00ebria vendi me i p\u00ebrsekutuar n\u00eb ish kampin socialist<\/strong><\/p>\n\n\n\n<p>Si askush tjet\u00ebr n\u00eb Europ\u00eb, shqiptar\u00ebt nga Shqip\u00ebria kan\u00eb arsy ta p\u00ebrkujtojn\u00eb k\u00ebt\u00eb dit\u00eb, sepse&nbsp; nga pushteti komunist i instaluar jan\u00eb ekzekutuar m\u00eb mij\u00ebra me dhe pa gjyq, p\u00ebr liri dhe demokraci p\u00ebr t\u00eb nd\u00ebrtuar nj\u00eb shoq\u00ebri sipas vlerave demokratike europiane. T\u00eb dh\u00ebnat p\u00ebr periudh\u00ebn kohore n\u00eb Shqip\u00ebri (1944-1991) jan\u00eb trishtuese q\u00eb iu ka tejkaluar nazist\u00ebve, e ate nga pushtetar\u00ebt vendas n\u00eb em\u00ebr t\u00eb ideologjis\u00eb komuniste. Deri me tash statistika n\u00eb Shqip\u00ebri ka dh\u00ebn\u00eb k\u00ebto informacione:<\/p>\n\n\n\n<p>34,135 shqiptar\u00eb jan\u00eb burgosur dhe d\u00ebnuar p\u00ebr arsye politike.<\/p>\n\n\n\n<p>59,009 qytetar\u00eb u internuan n\u00eb kampe p\u00ebrqendrimi.<\/p>\n\n\n\n<p>7.022 prej tyre vdiq\u00ebn prej trajtimit shatazarak.<\/p>\n\n\n\n<p>984 persona kan\u00eb vdekur n\u00eb burgjet e regjimit.<\/p>\n\n\n\n<p>6.027 burra dhe gra, djem dhe vajza u ekzekutuan me dhe pa gjyq gjat\u00eb diktatur\u00ebs.<\/p>\n\n\n\n<p>Nga torturat dhe d\u00ebnimet e koh\u00ebs, 308 persona kan\u00eb humbur aft\u00ebsit\u00eb mendore gjat\u00eb q\u00ebndrimit n\u00eb burgjet e komunizmit.<\/p>\n\n\n\n<p>Krimi komunist shqiptar \u00ebsht\u00eb krimi m\u00eb i r\u00ebnd\u00eb komunist n\u00eb Europ\u00eb, por akoma m\u00eb e r\u00ebnd\u00eb se ky krim, \u00ebsht\u00eb zhdukja e gjurm\u00ebve t\u00eb krimit. Mosgjetja e eshtrave t\u00eb mbi 4500 t\u00eb ekzekutuarve me dhe pa gjyq, d\u00ebshmon se pushteti kriminal si qellim kishte p\u00ebr t\u00eb zhdukur edhe gjurm\u00ebt e krimit t\u00eb tyre.<\/p>\n\n\n\n<p><strong>Mungon memoriali kushtuar krimeve t\u00eb komunizmit<\/strong><\/p>\n\n\n\n<p>Ndon\u00ebse po b\u00ebh\u00ebn tri dekada nga faleminitimi i komunizmit si ideologji e socializmit si r\u00ebnd shoq\u00ebror, ndaj \u00e7\u00ebshtj\u00ebs s\u00eb krimeve t\u00eb komunizmit nuk \u00ebsht\u00eb b\u00ebr\u00eb aq sa ata meritojn\u00eb nderimin e sakrific\u00ebs p\u00ebr lirin\u00eb dhe demokracin\u00eb n\u00eb Shqip\u00ebri. Mendoj se nuk mund t\u00eb arsyetohet m\u00eb asgj\u00eb mos inicimi i nj\u00eb memoriali p\u00ebrkujtimor n\u00eb Tiran\u00eb, Prishtin\u00eb e Shkup. Sepse \u00ebsht\u00eb obligim moral dhe komb\u00ebtar t\u00eb nderojm\u00eb sakrific\u00ebn e atyre q\u00eb kan\u00eb kontribuar&nbsp; p\u00ebr lirin\u00eb, demokracin\u00eb dhe kombin shqiptar.<\/p>\n\n\n\n<p>\u00c7do pakujd\u00ebsi n\u00eb k\u00ebt\u00eb aspekt nuk \u00ebsht\u00eb n\u00eb favorin e vlerave humane dhe &nbsp;demokratike, por duhet vepruar si vepron bota e qytet\u00ebruar p\u00ebr t\u00eb nderuar viktimat nga dhuna e sistemeve totalitare, ku edhe shqiptar\u00ebt kan\u00eb qen\u00eb pjes\u00eb e vuajt\u00ebve t\u00eb tilla, me pasoja t\u00eb m\u00ebdha shoq\u00ebrore dhe komb\u00ebtare.<\/p>\n\n\n\n<p><strong>Rezoluta e Kongresit t\u00eb SHBA-ve<\/strong><\/p>\n\n\n\n<p>Pik\u00ebrisht n\u00eb lidhje me k\u00ebt\u00eb \u00e7\u00ebshtje Kongresi i SHBA me 21 maj 2014 ka miratuar rezolut\u00ebn n\u00eb mbeshtetje t\u00eb dit\u00ebs kushtuar viktimave t\u00eb regjimeve komuniste dhe naziste <em>\u201cp\u00ebr t\u00eb kujtuar<\/em><em> dhe p\u00ebr t\u00eb mos harruar kurr\u00eb terrorin e ushtruar ndaj miliona qytetar\u00ebve t\u00eb Evrop\u00ebs Lindore dhe Qendrore, p\u00ebr m\u00eb shum\u00eb se 40-vjet, n\u00ebp\u00ebrmjet shtypjeve ushtarake, ekonomike dhe politike, duke p\u00ebrdorur ekzekutimet arbitrare, arrestimet n\u00eb mas\u00eb, deportimet, shtypjen e fjal\u00ebs s\u00eb lir\u00eb, konfiskimin e pron\u00ebs private, si dhe shkat\u00ebrrimin e identitetit kulturor dhe moral t\u00eb kombeve\u2026\u201d, <\/em>forma shtyp\u00ebse k\u00ebto q\u00eb gjat\u00eb dekadave kan\u00eb <em>\u201c\u00e7uar n\u00eb krime jasht\u00ebzakonisht t\u00eb m\u00ebdha t\u00eb b\u00ebra me paramendim kund\u00ebr miliona njer\u00ebzve duke shtypur n\u00eb m\u00ebnyr\u00ebn m\u00eb flagrante t\u00eb drejtat e tyre baz\u00eb t\u00eb njeriut, duke i ndar\u00eb ata nga bota demokratike me nj\u00eb perde t\u00eb hekurt dhe me Murin e Berlinit\u201d<\/em>, thuhet, nd\u00ebr t\u00eb tjera, n\u00eb rezolut\u00ebn e Kongresit t\u00eb Shteteve t\u00eb Bashkuara, kushtuar Dit\u00ebs Evropiane t\u00eb Viktimave t\u00eb Totalitarizmit.<\/p>\n\n\n\n<p><strong>Memorial kushtuar gjenocidit kund\u00ebr shqiptar\u00ebve<\/strong><\/p>\n\n\n\n<p>Duke marr\u00eb parasysh pesh\u00ebn shoq\u00ebrore dhe historike n\u00eb nivel komb\u00ebtar e nd\u00ebrkomb\u00ebtar nuk mjafton q\u00eb nj\u00eb \u00e7\u00ebshtje e till\u00eb &nbsp;t\u00eb trajtohet vet\u00ebm me 23 gusht, si dat\u00eb europiane, por t\u00eb punohet vazhdimisht p\u00ebr t\u00eb shpalosur e prezantuar&nbsp; dhun\u00ebn e diktatur\u00ebs &nbsp;ndaj&nbsp; qytetar\u00ebve&nbsp; n\u00eb&nbsp; koh\u00ebn e monizmit.<\/p>\n\n\n\n<p>N\u00eb lidhje me k\u00ebt\u00eb \u00e7\u00ebshtje dua t\u00eb ceki se kur trajtohet kjo tem\u00eb vazhdimisht merren parasysh &nbsp;vet\u00ebm shqiptar\u00ebt n\u00eb shtetin am\u00eb n\u00eb Shqip\u00ebri, por jan\u00eb harruar ata jasht\u00eb Shqip\u00ebris\u00eb politike n\u00eb hap\u00ebsir\u00ebn e tyre etnogjeografike n\u00eb ish Jugosllavi dhe Greqi, q\u00eb kan\u00eb p\u00ebrjetuar gjenocid ideologjik e komb\u00ebtar nga viti 1912 e m\u00eb pas, deri n\u00eb dit\u00ebt tona. Apo ndoshta p\u00ebr t\u00eb till\u00ebt planifikohet ndonj\u00eb memorial tjet\u00ebr, i cili do t\u00eb ishte d\u00ebshmi e mbijetes\u00ebs s\u00eb shqiptar\u00ebve nga dhuna e shp\u00ebrnguljet nga vendi i tyre.<\/p>\n\n\n\n<p><strong>Mision p\u00ebr brezat<\/strong><\/p>\n\n\n\n<p>Andaj p\u00ebrkujtimi i Dit\u00ebs s\u00eb Kujtes\u00ebs ka p\u00ebr mision t\u00eb ruhet kujtimi ndaj viktimave t\u00eb&nbsp; komunizmit dhe nazizmit, si\u00e7 ishin &nbsp;burgosjet, vrasjet me e pa gjyq\u00eb, deportimet, internimet, kampet e pun\u00ebs dhe te p\u00ebrqendrimit, izolimet etj., duke qen\u00eb d\u00ebshmi me argumente p\u00ebr brezat e sot\u00ebm e ato q\u00eb do t\u00eb vijn\u00eb m\u00eb pas.<\/p>\n\n\n\n<p>Nuk ka dilem\u00eb se \u00e7do pushtet i dinjitetsh\u00ebm, do t\u00eb trajtonte &nbsp;me guxim \u00e7\u00ebshtjet e dhimshme nga e kaluara, duke prezantuar p\u00ebrgjegj\u00ebsin\u00eb p\u00ebr kuadrin e koh\u00ebs dhe rehabilituar viktimat e asaj kohe. Andaj, \u00ebsht\u00eb koha p\u00ebr sjellje me pietet ndaj t\u00eb gjitha viktimave, duke i nderuar sikurse b\u00ebh\u00ebt n\u00eb vendet demokratike, sepse ballafaqimi me t\u00eb kaluar\u00ebn \u00ebsht\u00eb d\u00ebshmi e kapacitetit demokratik dhe humanitar n\u00eb \u00e7do shtet t\u00eb konsoliduar.<\/p>\n\n\n\n<p>(25 gusht 2020)<\/p>\n","protected":false},"excerpt":{"rendered":"<p>Diskursi&nbsp; politik Me dat\u00ebn 23 gusht n\u00eb \u00a0Dit\u00ebn Europiane t\u00eb Kujtimit t\u00eb Viktimave t\u00eb Regjimeve Totalitare, Europa kujton me pietet viktimat e regjimeve totalitare t\u00eb cil\u00ebt likuiduan me miliona individ\u00eb, nd\u00ebrsa vendet e ish kampit socialist ende hezitojn\u00eb t\u00eb denojn\u00eb krimet e tilla q\u00eb d\u00ebshmon munges\u00ebn e vullnetit politik pothuaj n\u00eb t\u00eb gjitha vendet e [&hellip;]<\/p>\n","protected":false},"author":1,"featured_media":805,"comment_status":"open","ping_status":"open","sticky":false,"template":"","format":"standard","meta":{"_seopress_robots_primary_cat":"","_seopress_titles_title":"","_seopress_titles_desc":"","_seopress_robots_index":"","footnotes":""},"categories":[2,12],"tags":[],"class_list":["post-26702","post","type-post","status-publish","format-standard","has-post-thumbnail","hentry","category-aktualitet","category-opinione"],"_links":{"self":[{"href":"https:\/\/ulqini-online.com\/sajti\/index.php?rest_route=\/wp\/v2\/posts\/26702","targetHints":{"allow":["GET"]}}],"collection":[{"href":"https:\/\/ulqini-online.com\/sajti\/index.php?rest_route=\/wp\/v2\/posts"}],"about":[{"href":"https:\/\/ulqini-online.com\/sajti\/index.php?rest_route=\/wp\/v2\/types\/post"}],"author":[{"embeddable":true,"href":"https:\/\/ulqini-online.com\/sajti\/index.php?rest_route=\/wp\/v2\/users\/1"}],"replies":[{"embeddable":true,"href":"https:\/\/ulqini-online.com\/sajti\/index.php?rest_route=%2Fwp%2Fv2%2Fcomments&post=26702"}],"version-history":[{"count":1,"href":"https:\/\/ulqini-online.com\/sajti\/index.php?rest_route=\/wp\/v2\/posts\/26702\/revisions"}],"predecessor-version":[{"id":26703,"href":"https:\/\/ulqini-online.com\/sajti\/index.php?rest_route=\/wp\/v2\/posts\/26702\/revisions\/26703"}],"wp:featuredmedia":[{"embeddable":true,"href":"https:\/\/ulqini-online.com\/sajti\/index.php?rest_route=\/wp\/v2\/media\/805"}],"wp:attachment":[{"href":"https:\/\/ulqini-online.com\/sajti\/index.php?rest_route=%2Fwp%2Fv2%2Fmedia&parent=26702"}],"wp:term":[{"taxonomy":"category","embeddable":true,"href":"https:\/\/ulqini-online.com\/sajti\/index.php?rest_route=%2Fwp%2Fv2%2Fcategories&post=26702"},{"taxonomy":"post_tag","embeddable":true,"href":"https:\/\/ulqini-online.com\/sajti\/index.php?rest_route=%2Fwp%2Fv2%2Ftags&post=26702"}],"curies":[{"name":"wp","href":"https:\/\/api.w.org\/{rel}","templated":true}]}}