{"id":26700,"date":"2020-08-26T22:45:27","date_gmt":"2020-08-26T20:45:27","guid":{"rendered":"http:\/\/ulqini-online.com\/sajti\/?p=26700"},"modified":"2020-08-26T22:45:27","modified_gmt":"2020-08-26T20:45:27","slug":"ne-anen-e-kujt-eshte-kryeministri-i-qeverise-se-shtetit-ame","status":"publish","type":"post","link":"https:\/\/ulqini-online.com\/sajti\/?p=26700","title":{"rendered":"N\u00cb AN\u00cbN E KUJT \u00cbSHT\u00cb KRYEMINISTRI I QEVERIS\u00cb S\u00cb SHTETIT AM\u00cb?"},"content":{"rendered":"\n<div class=\"wp-block-image is-style-rounded\"><figure class=\"alignleft size-large is-resized\"><img loading=\"lazy\" decoding=\"async\" src=\"https:\/\/ulqini-online.com\/sajti\/wp-content\/uploads\/2015\/01\/Xheladin-zeneli.jpg\" alt=\"\" class=\"wp-image-1270\" width=\"268\" height=\"200\" srcset=\"https:\/\/ulqini-online.com\/sajti\/wp-content\/uploads\/2015\/01\/Xheladin-zeneli.jpg 401w, https:\/\/ulqini-online.com\/sajti\/wp-content\/uploads\/2015\/01\/Xheladin-zeneli-300x224.jpg 300w\" sizes=\"auto, (max-width: 268px) 100vw, 268px\" \/><\/figure><\/div>\n\n\n\n<p>Nga Xheladin Zeneli<\/p>\n\n\n\n<p>Ishte qeveria e Shqip\u00ebris\u00eb , (p\u00ebrmes zv\/ministrit t\u00eb pun\u00ebve t\u00eb jashtme t\u00eb saj, Gent Cakaj ) ajo e cila fillimisht u angazhu dhe luajti rolin e nd\u00ebrmjet\u00ebsuesit n\u00eb bashkimin e faktorit politik shqiptar n\u00eb Mal t\u00eb Zi me q\u00ebllim q\u00eb ky faktor t\u00eb paraqitet me nj\u00eb list\u00eb t\u00eb p\u00ebrbashk\u00ebt zgjedhore .<br>Por si\u00e7 dihet tani,tentimet p\u00ebr bashkim e faktorit politik shqiptar n\u00eb nj\u00eb list\u00eb zgjedhore fatkeq\u00ebsisht d\u00ebshtuan dhe si pasoj\u00eb tani kemi dy kualicione shqiptare q\u00eb garojn\u00eb n\u00eb zgjedhjet e 30 Gushtit .<br>N\u00eb nd\u00ebrkoh\u00eb , e nj\u00ebjta qeveri, p\u00ebr habi u kthy nga pozita e nd\u00ebrmjet\u00ebsuesit q\u00eb muar mbi veht\u00ebn gjat\u00eb negociatave ,n\u00eb pozit\u00ebn e favorizuesit q\u00eb po merr gjat\u00eb fushat\u00ebs parazgjedhore duke shfaqur p\u00ebrkrahjen vet\u00ebm p\u00ebr nj\u00ebr\u00ebn nga listat shqiptare .<br>Thirrjeve t\u00eb nj\u00eban\u00ebshme q\u00eb votohet nj\u00ebra list\u00eb shqiptare t\u00eb kryetarit t\u00eb Bashkis\u00eb s\u00eb Tiran\u00ebs, Erion Velijaj dhe ministrit t\u00eb Diaspor\u00ebs, Pandeli Majko koh\u00ebve t\u00eb fundit u bashkangjit edhe kryeministri Edi Rama . Kurse n\u00eb an\u00ebn tjet\u00ebr, vlen t\u00eb permendet se kryetari i Partis\u00eb Demokratike t\u00eb Shqip\u00ebris\u00eb, Lulzim Basha k\u00ebto dit\u00eb u beri thirrje shqiptar\u00ebve n\u00eb Mal t\u00eb Zi, q\u00eb t\u00eb votojn\u00eb nj\u00ebr\u00ebn nga listat shqiptare, pra i dha p\u00ebrkrahje t\u00eb dy grupimeve shqiptare.<\/p>\n\n\n\n<p>Megjithate kjo nuk \u00ebsht\u00eb tema e k\u00ebtij shkrimi sepse koha do t\u2019a tregoj dhe t\u00eb tjer\u00ebt do t\u00eb gjykojn\u00eb se a ishte kjo qasje e nj\u00eban\u00ebshme dhe subjektive e qeveris\u00eb s\u00eb Shqip\u00ebris\u00eb n\u00eb raport me faktorin politik shqiptar n\u00eb Mal t\u00eb Zi !.<\/p>\n\n\n\n<p>Por ajo \u00e7far\u00eb \u00ebsht\u00eb shqet\u00ebsuese dhe q\u00eb ndikoi n\u00eb p\u00ebrshkall\u00ebzimin e situat\u00ebs p\u00ebr t\u00eb keq, ka t\u00eb b\u00ebj\u00eb me nj\u00eb deklarat\u00eb t\u00eb papritur tani (pak dit\u00eb para zgjedhjeve) , e kryeministrit t\u00eb Shqip\u00ebris\u00eb, Edi Rama ,lidhur me qendrimin e tij ndaj zgjedhjeve t\u00eb 30 Gushtit n\u00eb Mal t\u00eb Zi, e cila nuk mund t\u00eb karakterizohet ndryshe ve\u00e7se e turpsh\u00ebme dhe skandaloze.<\/p>\n\n\n\n<p>Nj\u00eb dit\u00eb pasi shfaqi p\u00ebrkrahjen e tij p\u00ebr nj\u00ebr\u00ebn nga listat shqiptare , Rama dual me nj\u00eb video-mezazh ku b\u00ebn thirrje q\u00eb t\u00eb votohet dhe jepet p\u00ebrkrahja Partis\u00eb Demokratite t\u00eb Socialist\u00ebve (DPS-it) t\u00eb Millo Gjukanoviqit, me \u00e7\u2019rast ai thekson , n\u00eb gjuh\u00ebn malazeze, slloganin e k\u00ebtij kualicioni i cili \u00ebsht\u00eb<\/p>\n\n\n\n<p>\u201c Odlu\u00e7no za Crnu Goru\u201d ( ne shqip: \u201c T\u00eb vendosur p\u00ebr Malin e Zi\u201d) . \u00cbsht\u00eb interesant se mezazhi p\u00ebrkrah\u00ebs i kryeministrit Rama ndaj DPS-it ishte m\u00eb i gjat\u00eb dhe m\u00eb i fokusuar se sa mezazhi p\u00ebrkrah\u00ebs q\u00eb ai dha nj\u00eb dit\u00eb m\u00eb par\u00eb, nj\u00ebr\u00ebs nga listave shqiptare ?!. N\u00eb mezazhin e tij p\u00ebrkrah\u00ebs p\u00ebr DPS-in , Rama p\u00ebrmend \u201cmarr\u00ebdh\u00ebniet v\u00ebllaz\u00ebrore\u201d me Malin e Zi si dhe marr\u00ebdh\u00ebniet e tia \u201ct\u00eb mira \u201c personale me Millo Gjukanoviqin.Gjat\u00eb koh\u00ebs kur nuk ka zgjedhje , nj\u00eb deklarat\u00eb e till\u00eb edhe ndoshta nuk do t\u00eb kishte pesh\u00eb sepse jemi m\u00ebsuar me deklarata t\u00eb tilla t\u00eb Tiran\u00ebs Zyrtare.Por nj\u00eb mesazh i till\u00eb mb\u00ebshtet\u00ebs ndaj DPS-it i kryeministrit t\u00eb Shqip\u00ebris\u00eb pak dit\u00eb para zgjedhjeve, jo vet\u00ebm q\u00eb ngjall konfuzion te nj\u00eb pjes\u00eb e elektoratit shqiptar n\u00eb Mal t\u00eb Zi dhe \u00ebsht\u00eb n\u00eb kund\u00ebrth\u00ebnie me deklarat\u00ebn e tij t\u00eb m\u00ebparshme, por nj\u00ebkoh\u00ebsisht si e till\u00eb \u00ebsht\u00eb e d\u00ebmshme dhe ka mund\u00ebsi q\u00eb t\u00eb ndikoj\u00eb negativisht n\u00eb rezulltatin zgjedhor t\u00eb faktorit politik shqiptar n\u00eb p\u00ebrgjith\u00ebsi n\u00eb Mal t\u00eb Zi.<\/p>\n\n\n\n<p>A e din kryeministri Rama se dy listat shqiptare nuk garojn\u00eb kund\u00ebr nj\u00ebra-tjetr\u00ebs por ata garojn\u00eb kryesisht kund\u00ebr DPS-it i cili \u00ebsht\u00eb partia kryesore konkurente n\u00eb trevat ku banojn\u00eb shqiptar\u00ebt dhe \u00ebsht\u00eb kjo parti dhe partit\u00eb tjera me programe sllave e qytetare q\u00eb marrin nj\u00eb num\u00ebr t\u00eb konsideruesh\u00ebm t\u00eb votave t\u00eb tyre n\u00eb k\u00ebto treva. Kualicionet shqiptare pa marr\u00eb parasysh se jan\u00eb n\u00eb dy lista zgjedhore, ata e kan\u00eb nj\u00eb q\u00ebllim t\u00eb p\u00ebrbashk\u00ebt: mos tjet\u00ebrsimin e vot\u00ebs shqiptare te subjektet joshqiptare.<\/p>\n\n\n\n<p>Lind dyshimi se a \u00ebsht\u00eb i preokupuar kryeministri Rama m\u00eb shum\u00eb n\u00eb fitoren e DPS-it dhe mbajtjen e pushtetit nga ana e mikut tij, Millo Gjukanoviq apo me fitoren e numrit sa m\u00eb t\u00eb madh t\u00eb deputet\u00ebve nga radhat e subjekteve politike shqiptare ?. Gjithashtu, shtrohet pyetja se a esht\u00eb m\u00eb shum\u00eb i shqet\u00ebsuar kryeministri Rama me p\u00ebrforcimin e marr\u00ebdh\u00ebnieve partiake PS (Partia Socialiste e Shqip\u00ebris\u00eb) me DPS ( Partia Demokratike Socialiste e Malit e t\u00eb Zi ) se sa p\u00ebr ruajtjen e identiteti t\u00eb shqiptar\u00ebve dhe p\u00ebrfaq\u00ebsimin e tyre autentik n\u00eb legjislacionin e ardhsh\u00ebm t\u00eb Kuvendit t\u00eb Malit t\u00eb Zi ?.<\/p>\n\n\n\n<p>P\u00ebrndryshe, mesazhi dhe apeli m\u00eb i qart\u00eb, m\u00eb i arsyesh\u00ebm dhe m\u00eb kuptimplot\u00eb me rastin e k\u00ebtyre zgjedhjeve nga ana e kryeministrit t\u00eb shtetit ton\u00eb Am\u00eb, drejtuar elektoratit shqiptar n\u00eb Mal t\u00eb Zi, do duhej t\u00eb ishte q\u00eb t\u00eb MOS VOTOHEN PARTIT\u00cb JOSHQIPTARE ,pra t\u00eb mos votohen partit\u00eb sllave e qytetare ku p\u00ebrfshihet edhe DPS-i (pra Partia Demokratike Socialiste).<\/p>\n\n\n\n<p><br>26 Gusht 2020<\/p>\n","protected":false},"excerpt":{"rendered":"<p>Nga Xheladin Zeneli Ishte qeveria e Shqip\u00ebris\u00eb , (p\u00ebrmes zv\/ministrit t\u00eb pun\u00ebve t\u00eb jashtme t\u00eb saj, Gent Cakaj ) ajo e cila fillimisht u angazhu dhe luajti rolin e nd\u00ebrmjet\u00ebsuesit n\u00eb bashkimin e faktorit politik shqiptar n\u00eb Mal t\u00eb Zi me q\u00ebllim q\u00eb ky faktor t\u00eb paraqitet me nj\u00eb list\u00eb t\u00eb p\u00ebrbashk\u00ebt zgjedhore .Por si\u00e7 [&hellip;]<\/p>\n","protected":false},"author":1,"featured_media":1270,"comment_status":"open","ping_status":"open","sticky":false,"template":"","format":"standard","meta":{"_seopress_robots_primary_cat":"","_seopress_titles_title":"","_seopress_titles_desc":"","_seopress_robots_index":"","footnotes":""},"categories":[2,12],"tags":[168,229],"class_list":["post-26700","post","type-post","status-publish","format-standard","has-post-thumbnail","hentry","category-aktualitet","category-opinione","tag-edi-rama","tag-xheladin-zeneli"],"_links":{"self":[{"href":"https:\/\/ulqini-online.com\/sajti\/index.php?rest_route=\/wp\/v2\/posts\/26700","targetHints":{"allow":["GET"]}}],"collection":[{"href":"https:\/\/ulqini-online.com\/sajti\/index.php?rest_route=\/wp\/v2\/posts"}],"about":[{"href":"https:\/\/ulqini-online.com\/sajti\/index.php?rest_route=\/wp\/v2\/types\/post"}],"author":[{"embeddable":true,"href":"https:\/\/ulqini-online.com\/sajti\/index.php?rest_route=\/wp\/v2\/users\/1"}],"replies":[{"embeddable":true,"href":"https:\/\/ulqini-online.com\/sajti\/index.php?rest_route=%2Fwp%2Fv2%2Fcomments&post=26700"}],"version-history":[{"count":1,"href":"https:\/\/ulqini-online.com\/sajti\/index.php?rest_route=\/wp\/v2\/posts\/26700\/revisions"}],"predecessor-version":[{"id":26701,"href":"https:\/\/ulqini-online.com\/sajti\/index.php?rest_route=\/wp\/v2\/posts\/26700\/revisions\/26701"}],"wp:featuredmedia":[{"embeddable":true,"href":"https:\/\/ulqini-online.com\/sajti\/index.php?rest_route=\/wp\/v2\/media\/1270"}],"wp:attachment":[{"href":"https:\/\/ulqini-online.com\/sajti\/index.php?rest_route=%2Fwp%2Fv2%2Fmedia&parent=26700"}],"wp:term":[{"taxonomy":"category","embeddable":true,"href":"https:\/\/ulqini-online.com\/sajti\/index.php?rest_route=%2Fwp%2Fv2%2Fcategories&post=26700"},{"taxonomy":"post_tag","embeddable":true,"href":"https:\/\/ulqini-online.com\/sajti\/index.php?rest_route=%2Fwp%2Fv2%2Ftags&post=26700"}],"curies":[{"name":"wp","href":"https:\/\/api.w.org\/{rel}","templated":true}]}}