{"id":26698,"date":"2020-08-26T14:28:46","date_gmt":"2020-08-26T12:28:46","guid":{"rendered":"http:\/\/ulqini-online.com\/sajti\/?p=26698"},"modified":"2020-08-26T14:28:46","modified_gmt":"2020-08-26T12:28:46","slug":"terrin-mes-dy-dritave-se-duron-ylli-qe-shkoqet-as-njeriu-martin-camaj","status":"publish","type":"post","link":"https:\/\/ulqini-online.com\/sajti\/?p=26698","title":{"rendered":"TERRIN MES DY DRITAVE S\u2019E DURON YLLI Q\u00cb SHKOQET, AS NJERIU \u2013Martin Camaj"},"content":{"rendered":"\n<div class=\"wp-block-image\"><figure class=\"aligncenter size-large is-resized\"><img loading=\"lazy\" decoding=\"async\" src=\"https:\/\/ulqini-online.com\/sajti\/wp-content\/uploads\/2017\/03\/martin-camaj-1.jpg\" alt=\"\" class=\"wp-image-13083\" width=\"411\" height=\"520\" srcset=\"https:\/\/ulqini-online.com\/sajti\/wp-content\/uploads\/2017\/03\/martin-camaj-1.jpg 248w, https:\/\/ulqini-online.com\/sajti\/wp-content\/uploads\/2017\/03\/martin-camaj-1-237x300.jpg 237w\" sizes=\"auto, (max-width: 411px) 100vw, 411px\" \/><figcaption>Martin Camaj<\/figcaption><\/figure><\/div>\n\n\n\n<p>Nga Frank Shkreli<\/p>\n\n\n\n<p>&#8220;Ex Malo Bonum&#8221;, \u00ebsht\u00eb nj\u00eb citim latinisht nga Sh\u00ebn Augustini, q\u00eb n\u00eb shqip mund t\u00eb p\u00ebrk\u00ebthehej se, nga nj\u00eb e keqe vjen di\u00e7ka e mir\u00eb.&nbsp;<\/p>\n\n\n\n<p>Nga fillimi i muajit korrik qe botuar nj\u00eb shkrim nga Auron Tare p\u00ebr Ernest Koliqin dhe Martin Camajn, nj\u00eb \u201cstudim\u201d, si\u00e7 u quajt nga disa, q\u00eb akuzon Koliqin dhe Camajn si poliagjent\u00eb dhe kollaboracionist\u00eb t\u00eb forcave m\u00eb t\u00eb errta anti-shqiptare.&nbsp; \u201cStudimin\u201d e botoi portali nga Nju Jorku, Peisazhe t\u00eb Fjal\u00ebs.&nbsp; Bazuar n\u00eb absurditetin e akuzave dhe aludimeve t\u00eb Auron Tares, p\u00ebr nja dy jav\u00eb, \u201cstudimi\u201d i Auron Tares u b\u00eb \u00e7\u00ebshtje e dit\u00ebs, media shqiptare, p\u00ebrfshir televizionin&#8211; sikur nuk kishte halle m\u00eb t\u00eb m\u00ebdha p\u00ebr shqiptar\u00ebt&#8211; i kushtonte koh\u00eb dhe hap\u00ebsir\u00eb, nga nata n\u00eb nat\u00eb.&nbsp; Auron Tare p\u00ebr pak koh\u00eb u b\u00eb \u201cTV star\u201d, si rrjedhim i akuzave dhe aludimeve t\u00eb tija pa baz\u00eb.<\/p>\n\n\n\n<p>&nbsp;&nbsp;&nbsp;&nbsp;&nbsp;&nbsp;&nbsp;&nbsp;&nbsp;&nbsp;&nbsp;&nbsp;&nbsp;&nbsp;&nbsp;&nbsp;&nbsp;&nbsp;&nbsp;&nbsp;&nbsp;&nbsp;&nbsp;&nbsp;&nbsp;&nbsp;&nbsp;&nbsp;&nbsp;&nbsp;&nbsp;&nbsp;&nbsp;&nbsp;&nbsp; &nbsp;&nbsp;&nbsp;&nbsp;&nbsp;&nbsp;&nbsp;&nbsp;<a href=\"https:\/\/telegraf.al\/wp-content\/uploads\/2020\/07\/martin-camaj-1.jpg\"><\/a><\/p>\n\n\n\n<p><\/p>\n\n\n\n<p>K\u00ebtyre z\u00ebrave, modest\u00ebsisht, iu bashkova edhe un\u00eb n\u00eb at\u00eb koh\u00eb duke th\u00ebn\u00eb se megjith pretendimet e Tares, \u201cstudimi\u201d i tij nuk sillte asgj\u00eb t\u00eb re, q\u00eb nuk dihej m\u00eb par\u00eb.&nbsp; P\u00ebr m\u00eb tep\u00ebr, mua dhe shum\u00eb t\u00eb tjer\u00ebve, na u duk se pretendimet e Auron Tares ishin nj\u00eb shpifje me q\u00ebllim baltosjen e k\u00ebtyre dy shkrimtar\u00ebve. Aludimet dhe t\u00eb pretendohej se k\u00ebta dy shkrimtar\u00eb t\u00eb njohur t\u00eb kombit shqiptar ishin poliagjent\u00eb dhe anti-shqiptar\u00eb, mu duk mua dhe shum\u00eb t\u00eb tjer\u00ebve si di\u00e7ka q\u00eb kishte dalur nga tryeza e Enver Hoxh\u00ebs, n\u00eb kulmin e luft\u00ebs s\u00eb ftoht\u00eb.&nbsp; Me at\u00eb rast, thash\u00eb gjithashtu se shkrimi ose \u201cstudimi\u201d \u201cDrit\u00ebhije n\u00eb Histori\u201d i Auron Tares, botuar n\u00eb portalin e Ardian Vehbiut, \u201cPeisazhe t\u00eb Fjal\u00ebs\u201d n\u00eb Nju Jork, nuk ishte as i \u201crrall\u00eb\u201d, as \u201corigjinal\u201d, si\u00e7 pretendohej nga autori dhe botuesi.<\/p>\n\n\n\n<p>Sidoqoft\u00eb, debati rreth k\u00ebtij \u201cstudimi\u201d, ishte ai q\u00eb ishte, me q\u00ebndrime pro nga autori dhe botuesi dhe ndonj\u00eb mb\u00ebshtet\u00ebs i tyre, q\u00eb si duket mezi kishin pritur rastin t\u00eb hedhnin balt\u00eb kund\u00ebr dy shkrimtar\u00ebve t\u00eb njohur shqiptar\u00eb\u2014nd\u00ebrkoh\u00eb q\u00eb shum\u00eb t\u00eb tjer\u00eb shpreh\u00ebn pik\u00ebpamjet e tyre kund\u00ebr \u201cstudimit\u201d t\u00eb Auron Tares, p\u00ebr munges\u00eb dokumentacioni dhe sidomos, p\u00ebr interpretimet dhe aludimet dashakeq\u00ebse, pa mb\u00ebshtetje dokumentacioni.<\/p>\n\n\n\n<p>Por, si\u00e7 ka then\u00eb Abraham Linkolni, n\u00eb fund t\u00eb fundit \u201cE v\u00ebrteta \u00ebsht\u00eb, zakonisht, mbrojtja m\u00eb e fort\u00eb dhe m\u00eb e mir\u00eb kund\u00ebr shpifjeve\u201d.&nbsp; Zot ruajna prej atyre q\u00eb t\u00eb mir\u00ebs i thon\u00eb e keqe dhe t\u00eb keq\u00ebs t\u00eb mir\u00eb. &nbsp;Por, si\u00e7 ka th\u00ebn\u00eb edhe Sh\u00ebn Augustini, shpesh ndodh\u00eb q\u00eb edhe nga nj\u00eb e keqe \u2013 si\u00e7 ishin shpifjet publike t\u00eb Auron Tares kund\u00ebr Koliqit dhe Camajt\u2014ndodh\u00eb q\u00eb vjen di\u00e7ka e mir\u00eb.&nbsp;<\/p>\n\n\n\n<p>N\u00eb k\u00ebt\u00eb nd\u00ebrkoh\u00eb, me t\u00eb then\u00eb t\u00eb drejt\u00ebn, u g\u00ebzova kur mora vesh se Autoriteti p\u00ebr Informim mbi Dokumentet e ish-Sigurimit t\u00eb Shtetit 1944\u00f71991, (AIDSSH) ka n\u00eb plan t\u00eb organizoj\u00eb, k\u00ebt\u00eb jav\u00eb, nj\u00eb tryez\u00eb t\u00eb rrumbullak\u00ebt me rastin e 95-vjetorit t\u00eb lindjes (21 Korrik, 1925).&nbsp; Specifikisht, n\u00eb njoftimin e AIDSSH thuhet se, \u201cN\u00eb kuad\u00ebr t\u00eb Dit\u00ebs Europiane t\u00eb P\u00ebrkujtimit t\u00eb Viktimave t\u00eb Regjimeve Totalitare, AIDSSH me partner\u00eb, organizon tryez\u00ebn e rrumbullak\u00ebt, <strong>\u201c95 vjet Martin Camaj \u2013 vepra dhe p\u00ebrndjekja\u201d,<\/strong> me pjes\u00ebmarrjen e familjar\u00ebve, bashk\u00ebpun\u00ebtor\u00ebve akademik\u00eb, studiuesve brenda dhe jasht\u00eb vendit e institucioneve publike.<\/p>\n\n\n\n<p><strong>M\u00eb 28 gusht, ora 18.00, live nga Pallati Presidencial n\u00eb Tiran\u00eb<\/strong>.\u201d, thuhet n\u00eb njoftimin e botuar n\u00eb faqen fejsbuk t\u00eb AIDSSH.&nbsp; Nd\u00ebrkoh\u00eb, AIDSSH k\u00ebrkon nga t\u00eb interesuarit se,<strong> <\/strong><em>\u201cP\u00ebr shkak t\u00eb interesit t\u00eb lart\u00eb p\u00ebr pjes\u00ebmarrje n\u00eb tryez\u00ebn e rrumbullak\u00ebt \u201c95 vjet Martin Camaj &#8211; vepra dhe p\u00ebrndjekja\u201d dhe kufizimeve t\u00eb detyruara n\u00eb kushtet e p\u00ebrhapjes s\u00eb COVID-19, t\u00eb interesuarit q\u00eb marrin pjes\u00eb n\u00eb aktivitet<\/em><em> <\/em><em>jan\u00eb t\u00eb lutur t\u00eb d\u00ebrgojn\u00eb email t\u00eb konfirmimit t\u00eb pranis\u00eb s\u00eb tyre n\u00eb <strong>info@autoritetidosjeve.gov.al brenda dat\u00ebs 27 gusht 2020, e enjte.<\/strong><\/em><\/p>\n\n\n\n<p>AIDSSH njofton gjithashtu se ashtu si\u00e7 \u00ebsht\u00eb lajm\u00ebruar edhe m\u00eb heret, aktiviteti do t\u00eb transmetohet \u201clive\u201d nga AIDSSH dhe media t\u00eb pranishme.<\/p>\n\n\n\n<p>Concept &amp; Grafic Design: Henrik Lezi<\/p>\n\n\n\n<p>Uroj q\u00eb tryeza e rrumbullak\u00ebt &nbsp;e AIDSSH p\u00ebr Jet\u00ebn dhe Veprimtarin\u00eb e Martin Camajt, t\u00eb hedh\u00eb drit\u00eb mbi shpifjet dhe aludimet propagandistike t\u00eb ish-regjimit komunist, n\u00eb p\u00ebrgjith\u00ebsi si dhe t\u00eb atyre nostalgjik\u00ebve modern\u00eb t\u00eb atij regjimi, t\u00eb cil\u00ebt duan q\u00eb me \u00e7do mjet t\u00eb baltosin dy figurat m\u00eb t\u00eb njohura t\u00eb letrave dhe historis\u00eb shqiptare.&nbsp; Por, mbi t\u00eb gjitha, uroj q\u00eb q\u00ebllimi dhe p\u00ebrfundimi i k\u00ebsaj tryeze t\u00eb jet\u00eb zbardhja e t\u00eb v\u00ebrtet\u00ebs, p\u00ebr jet\u00ebn dhe veprimtarin\u00eb e Martin Camajt \u2013 p\u00ebrfshir edhe akuzat dhe aludimet e koh\u00ebve t\u00eb fundit kund\u00ebr tij &#8212; sepse k\u00ebt\u00eb do t\u00eb donte edhe ai vet \u2013 t\u00eb v\u00ebrtet\u00ebn, me t\u00eb gjitha t\u00eb mirat e t\u00eb k\u00ebqiat, asgj\u00eb m\u00eb pak as m\u00eb shum\u00eb se t\u00eb v\u00ebrtet\u00ebn! &nbsp;Q\u00eb drita e s\u00eb v\u00ebrtet\u00ebs t\u00eb z\u00ebvend\u00ebsoj\u00eb terrin e akuzave djall\u00ebzore t\u00eb kund\u00ebrshtar\u00ebve t\u00eb tij, \u201cshpend mishngran\u00ebs me fytyr\u00eb njer\u00ebzore\u201d, sepse \u201cTerrin mes dy dritave \u2018s\u2019e duron ylli q\u00eb shkoqet, as njeriu\u2026\u201d Martin Camaj.&nbsp;<\/p>\n\n\n\n<p>Ismail Kadare e ka quajtur Martin Camajn, \u201cShkrimtari i Lart\u00ebsive, q\u00eb i ka strehuar ngjarjet dhe personazhet e veta n\u00eb nj\u00eb lart\u00ebsi q\u00eb iu siguronte pavar\u00ebsin\u00eb. &nbsp;Ka kujtuar ndoshta se do ta mbronte artin e tij prej ndikimit t\u00eb katrahur\u00ebs shqiptare, asaj s\u00eb cil\u00ebs kujtonte se i kishte l\u00ebn\u00eb lamtumir\u00ebn\u201d, ka shkruar Kadare.&nbsp; Fatkeq\u00ebsisht, \u201ckatrahura shqiptare\u201d, t\u00eb cil\u00ebs i referohet Kadare \u2013 sidomos n\u00eb fush\u00ebn politike dhe letrare \u2013 \u00ebsht\u00eb ndoshta m\u00eb e theksuar sot se kurdoher\u00eb tjet\u00ebr q\u00eb prej koh\u00ebs s\u00eb komunizmit. &nbsp;Sot m\u00eb shum\u00eb se kurr\u00eb, n\u00eb k\u00ebt\u00eb rr\u00ebmuj\u00eb n\u00eb t\u00eb cil\u00ebn ndodhet Shqip\u00ebria dhe bota shqiptare, thirrja e Camajt p\u00ebr \u201cAfrim t\u00eb Shqiptar\u00ebve\u201d, \u00ebsht\u00eb m\u00eb aktuale se kurr\u00eb. &nbsp;Uroj q\u00eb pjes\u00ebmarr\u00ebsit &#8212; n\u00eb tryezen e rrumbullakt\u00eb t\u00eb enjt\u00ebn n\u00eb Tiran\u00eb, p\u00ebr jet\u00ebn dhe veprimtarin\u00eb e Martin Camajt, organizuar nga AIDSSH \u2013 t\u00eb dalin nga ajo konferenc\u00eb m\u00eb t\u00eb bashkuar n\u00eb p\u00ebrpjekjet e tyre, p\u00ebr t\u00eb hedh\u00eb m\u00eb shum\u00eb drit\u00eb mbi t\u00eb v\u00ebrtet\u00ebn dhe m\u00eb jo balt\u00eb mbi jet\u00ebn jet\u00ebn dhe t\u00eb veprimtarin\u00eb e Martin Camajt.<\/p>\n\n\n\n<p>Frank Shkreli<\/p>\n\n\n\n<p>P\u00ebr nj\u00eb mendim ndryshe, p\u00ebr personin dhe dosjen e Martin Camaj, mund t\u00eb ndiqni nj\u00eb intervist\u00eb me t\u00eb Sonila Bo\u00e7i Pepivani, Akademia e Studimeve Albanologjike, t\u00eb Fatmira Nikollit n\u00eb News24:<\/p>\n\n\n\n<figure class=\"wp-block-embed-youtube wp-block-embed is-type-video is-provider-youtube wp-embed-aspect-16-9 wp-has-aspect-ratio\"><div class=\"wp-block-embed__wrapper\">\n<iframe loading=\"lazy\" title=\"Martin Camaj n\u00eb drit\u00eb - dosja e Sigurimit p\u00ebr shkrimtarin, p\u00ebrndjekje, detyrim e letra anonime\" width=\"640\" height=\"360\" src=\"https:\/\/www.youtube.com\/embed\/RiwvZoCB3KA?feature=oembed\" frameborder=\"0\" allow=\"accelerometer; autoplay; clipboard-write; encrypted-media; gyroscope; picture-in-picture; web-share\" referrerpolicy=\"strict-origin-when-cross-origin\" allowfullscreen><\/iframe>\n<\/div><\/figure>\n\n\n\n<p>P\u00ebrmbledhje e shkurt\u00ebr e intervist\u00ebs nga News 24: Martin Camaj, n\u00eb drit\u00eb dosja e shkrimtarit &#8212; Sonila Bo\u00e7i: Dosja e Camajt, jo e zakonshme \u201cNuk esht\u00eb dosje bashk\u00ebpun\u00ebtori, por t\u00eb p\u00ebrndjekuri\u201d. &nbsp;Historianja: E kan\u00eb arrestuar q\u00eb ta perdornin. &nbsp;Dokumenti, \u201cCamaj bashk\u00ebpunetor n\u00ebn detyrim\u201d \u201cDosja nuk flet p\u00ebr tortur\u00eb, thuhet u mor me force\u201d Bo\u00e7i: Dosja thote qe Camaj e dezinformoi Sigurimin \u201cU arratis me ata qe i kerkuan te denonconte\u201d \u201cKomiteti i Prizrenit? Nuk del roli i Camajt atje\u201d \u201cPermendja e Camajt dhe roli jane gjera te ndryshme\u201d Camaj zero marredhenie me Politiken. &nbsp;Bo\u00e7i: Camaj agjent? Do te ishte krejt atipik! Bo\u00e7i: <strong>Ne dosje ngaterrohen faktet me opinionet, \u201cDosja e Camajt nuk ka fakte, duhet v\u00ebrtetuar<\/strong>\u201d Sonila Bo\u00e7i: \u00c7mitizim? Atdheu e partia ishin nj\u00eb.&nbsp; Bo\u00e7i: Po t\u00eb ishe kund\u00ebr partis\u00eb, ishe tradhtar &#8211;Sonila Bo\u00e7i, historian. &nbsp;Gazetare, Fatmira Nikolli<\/p>\n\n\n\n<figure class=\"wp-block-embed-youtube wp-block-embed is-type-video is-provider-youtube wp-embed-aspect-16-9 wp-has-aspect-ratio\"><div class=\"wp-block-embed__wrapper\">\n<iframe loading=\"lazy\" title=\"Martin Camaj n\u00eb drit\u00eb - dosja e Sigurimit p\u00ebr shkrimtarin, p\u00ebrndjekje, detyrim e letra anonime\" width=\"640\" height=\"360\" src=\"https:\/\/www.youtube.com\/embed\/RiwvZoCB3KA?feature=oembed\" frameborder=\"0\" allow=\"accelerometer; autoplay; clipboard-write; encrypted-media; gyroscope; picture-in-picture; web-share\" referrerpolicy=\"strict-origin-when-cross-origin\" allowfullscreen><\/iframe>\n<\/div><\/figure>\n\n\n\n<p>Nj\u00eb bashk\u00ebpunim i&nbsp;<a href=\"https:\/\/www.facebook.com\/hashtag\/ih_asa?__eep__=6&amp;source=feed_text&amp;epa=HASHTAG&amp;__xts__%5B0%5D=68.ARBxz7cmZaeTq0JwtakQ3ENXGbXGzq9a47v8BwI-RZfqWS4kNL5wl8OoYQjzQiCUooeRPn74jiTHr8PooSAwPzI3F8tfAXVQ58-1HPIq_-zKeVsF6HZdPspewgSJTQ6HUTQAKQosa4VdQ3bw7zk8HEKKPZwAVKU_SQ7ftZgj7KoHHso4FQ-V9w50Yg9a-V4l5uS4C0-eVPxRvMn2Kai8aZm3iqLtS1oXi6GlMjIx6EkjGa_Y1ZrurlKYl1hnl4FQMR_oeN1koF7XOhNIoq81UfXLqiIPE_Plj_S5NpHT7nOVEbDD_GQvNB0pnB6O3GTvLAOOZkCjSlGQby3uL0MNXMDzLpiP&amp;__tn__=%2ANK-R\">#IH_ASA<\/a>&nbsp;me&nbsp;<a href=\"https:\/\/www.facebook.com\/hashtag\/aidssh?__eep__=6&amp;source=feed_text&amp;epa=HASHTAG&amp;__xts__%5B0%5D=68.ARBxz7cmZaeTq0JwtakQ3ENXGbXGzq9a47v8BwI-RZfqWS4kNL5wl8OoYQjzQiCUooeRPn74jiTHr8PooSAwPzI3F8tfAXVQ58-1HPIq_-zKeVsF6HZdPspewgSJTQ6HUTQAKQosa4VdQ3bw7zk8HEKKPZwAVKU_SQ7ftZgj7KoHHso4FQ-V9w50Yg9a-V4l5uS4C0-eVPxRvMn2Kai8aZm3iqLtS1oXi6GlMjIx6EkjGa_Y1ZrurlKYl1hnl4FQMR_oeN1koF7XOhNIoq81UfXLqiIPE_Plj_S5NpHT7nOVEbDD_GQvNB0pnB6O3GTvLAOOZkCjSlGQby3uL0MNXMDzLpiP&amp;__tn__=%2ANK-R\">#AIDSSH<\/a><\/p>\n\n\n\n<p>Fatmira Nikolli&nbsp;Sonila Bo\u00e7i Pepivani&nbsp;Akademia e Studimeve Albanologjike- faqe zyrtare&nbsp;<a href=\"https:\/\/www.facebook.com\/News-24-1734528213446405\/?fref=mentions&amp;__xts__%5B0%5D=68.ARBxz7cmZaeTq0JwtakQ3ENXGbXGzq9a47v8BwI-RZfqWS4kNL5wl8OoYQjzQiCUooeRPn74jiTHr8PooSAwPzI3F8tfAXVQ58-1HPIq_-zKeVsF6HZdPspewgSJTQ6HUTQAKQosa4VdQ3bw7zk8HEKKPZwAVKU_SQ7ftZgj7KoHHso4FQ-V9w50Yg9a-V4l5uS4C0-eVPxRvMn2Kai8aZm3iqLtS1oXi6GlMjIx6EkjGa_Y1ZrurlKYl1hnl4FQMR_oeN1koF7XOhNIoq81UfXLqiIPE_Plj_S5NpHT7nOVEbDD_GQvNB0pnB6O3GTvLAOOZkCjSlGQby3uL0MNXMDzLpiP&amp;__tn__=K-R\">News 24<\/a><\/p>\n\n\n\n<p><a href=\"https:\/\/l.facebook.com\/l.php?u=https%3A%2F%2Fwww.youtube.com%2Fwatch%3Fv%3DRiwvZoCB3KA&amp;h=AT2gzL3nf1KzLF9JlhR03SQmGIrOQfiVAN-3fe0vpYhYiBR1tddYS2hPLZPEdvBppEX8TTpJDpKokZzVejBTZt38BehTJXYMGQa2jgHkV6rAYH2bro1A17VxzXmfDcF6RCS69AObYdM9qk1g08S57-o7BxaZCXLYO1_Wf6T5EWJi7EmQJWjBSM_QdMhrSCM96UMbqhT-P2RzECM8gu2ZxfjK2YKXc6IeQdJK0PJTIxtI0xbMz_K9vKyUV3Cn7Fulazqhb34Nwcv7xbZB8UKItbhi-VPKT0o9mVtowcq2RsBDltsyHNi0Akm1oBQe3VMFbTTb8v3L8W2qVGpD7NHSgcnynL-KC4j-QNw-I-OJqDEk77POmn2k8S4XVZq0eSJhofT7_B7oxN-CvddRF0MkmqCdwySX8toggrjRq5sGnYN_0zH7kWAWTcHPMjDt1cznayrpqGSiYjK5vUHj6krp5-N2Wbfizy9ghiYyfWcP_nvxGJoMgCfI1asVAVOX0QQlCleYwsRteWbCcdF8yLJ_iaH2PxiwzNfHrE6zTD8iaf721MmQ6x8M73HBUJr6gUFUyJBmKqkFtqx48mXcIJcH2i9rxy5xCPgzlpC7fmU-vg9QXIZdYRX1Oj2ih1FCVpfHDpm66gAsvoMOxn7KAn9yzx1b_vkkRdaTZZli\" target=\"_blank\" rel=\"noreferrer noopener\"><\/a><\/p>\n\n\n\n<p><a href=\"https:\/\/l.facebook.com\/l.php?u=https%3A%2F%2Fwww.youtube.com%2Fwatch%3Fv%3DRiwvZoCB3KA&amp;h=AT2gzL3nf1KzLF9JlhR03SQmGIrOQfiVAN-3fe0vpYhYiBR1tddYS2hPLZPEdvBppEX8TTpJDpKokZzVejBTZt38BehTJXYMGQa2jgHkV6rAYH2bro1A17VxzXmfDcF6RCS69AObYdM9qk1g08S57-o7BxaZCXLYO1_Wf6T5EWJi7EmQJWjBSM_QdMhrSCM96UMbqhT-P2RzECM8gu2ZxfjK2YKXc6IeQdJK0PJTIxtI0xbMz_K9vKyUV3Cn7Fulazqhb34Nwcv7xbZB8UKItbhi-VPKT0o9mVtowcq2RsBDltsyHNi0Akm1oBQe3VMFbTTb8v3L8W2qVGpD7NHSgcnynL-KC4j-QNw-I-OJqDEk77POmn2k8S4XVZq0eSJhofT7_B7oxN-CvddRF0MkmqCdwySX8toggrjRq5sGnYN_0zH7kWAWTcHPMjDt1cznayrpqGSiYjK5vUHj6krp5-N2Wbfizy9ghiYyfWcP_nvxGJoMgCfI1asVAVOX0QQlCleYwsRteWbCcdF8yLJ_iaH2PxiwzNfHrE6zTD8iaf721MmQ6x8M73HBUJr6gUFUyJBmKqkFtqx48mXcIJcH2i9rxy5xCPgzlpC7fmU-vg9QXIZdYRX1Oj2ih1FCVpfHDpm66gAsvoMOxn7KAn9yzx1b_vkkRdaTZZli\" target=\"_blank\" rel=\"noreferrer noopener\">Martin Camaj, ne drite dosja e shkrimtarit Sonila Bo\u00e7i: Dosja e Camajt, jo e zakonshme \u201cNuk eshte dosje bashkepunetori, por te perndjekuri\u201d Historianja: E ka&#8230;<\/a><\/p>\n\n\n\n<p><a href=\"https:\/\/l.facebook.com\/l.php?u=https%3A%2F%2Fwww.youtube.com%2Fwatch%3Fv%3DRiwvZoCB3KA&amp;h=AT2gzL3nf1KzLF9JlhR03SQmGIrOQfiVAN-3fe0vpYhYiBR1tddYS2hPLZPEdvBppEX8TTpJDpKokZzVejBTZt38BehTJXYMGQa2jgHkV6rAYH2bro1A17VxzXmfDcF6RCS69AObYdM9qk1g08S57-o7BxaZCXLYO1_Wf6T5EWJi7EmQJWjBSM_QdMhrSCM96UMbqhT-P2RzECM8gu2ZxfjK2YKXc6IeQdJK0PJTIxtI0xbMz_K9vKyUV3Cn7Fulazqhb34Nwcv7xbZB8UKItbhi-VPKT0o9mVtowcq2RsBDltsyHNi0Akm1oBQe3VMFbTTb8v3L8W2qVGpD7NHSgcnynL-KC4j-QNw-I-OJqDEk77POmn2k8S4XVZq0eSJhofT7_B7oxN-CvddRF0MkmqCdwySX8toggrjRq5sGnYN_0zH7kWAWTcHPMjDt1cznayrpqGSiYjK5vUHj6krp5-N2Wbfizy9ghiYyfWcP_nvxGJoMgCfI1asVAVOX0QQlCleYwsRteWbCcdF8yLJ_iaH2PxiwzNfHrE6zTD8iaf721MmQ6x8M73HBUJr6gUFUyJBmKqkFtqx48mXcIJcH2i9rxy5xCPgzlpC7fmU-vg9QXIZdYRX1Oj2ih1FCVpfHDpm66gAsvoMOxn7KAn9yzx1b_vkkRdaTZZli\" target=\"_blank\" rel=\"noreferrer noopener\">&nbsp;&nbsp;&nbsp;&nbsp;&nbsp;&nbsp;&nbsp;&nbsp;&nbsp;&nbsp;&nbsp;&nbsp;&nbsp;&nbsp;&nbsp;&nbsp;&nbsp;&nbsp;&nbsp;<\/a><\/p>\n\n\n\n<p>YOUTUBE.COM<\/p>\n\n\n\n<p><a href=\"https:\/\/l.facebook.com\/l.php?u=https%3A%2F%2Fwww.youtube.com%2Fwatch%3Fv%3DRiwvZoCB3KA&amp;h=AT08ORrB1yqWSEFNNT5klLKgmAGWg5qDDvgDjQBmrOySo4MWHalN83yGNz5YmE0GEEEl85n_2HnTRwWkxIiYBo2bbXJ_bUtuU8fsk64tEVcXuOnAhswe-dLTLNx-MeKVfPGHj1ZTzYaeG2vCd0OcHagH_t3J1_1OK7uvaJ0ucBDduMeiJTX2k4Ysc9amiqjfViObAT1xl7wMK6QsW_rUyEOaBdStFjf1F3_jlzC4L-HmOF7LAZoEoBFNEc-LRMWRIJXUDBEhz9L_C8NB4MJLcJ0qsMiR2gb9Lq3PzeVvcIaDr0mTi9yIgaBGUs5cSmnBnGSSVw1ptpUZF6WrVl0f91PdtinrQdNGBJK7ZQVTVTiYB7O9lmHpn8Vb3uBnySaULLHxOIQDhrVSpQuPUSz2LON2SuqLK9WtabAdYrroSYrC7Tm4U50XmW5Da5GJqb6rlSqk_MmNRX79foQWcAYS3upQyOZu9Ds-VEqyi1mSUDx2YcLbihuxniWfwdfD_YU7ERuR2TlJ6wBIzuMSEvSYiGdGy3D-i7E4OMMb68qfx7JV1AAaXydsByg8amwVTHI8sbUdbn2-3QrE02rnVFjzhzIJcR4LB1OXEtdkSezy2nDNyDUf6H9bDGsis0TW_7NWBi8YwgHCPAbIhX8rC8HxzgVS2NkvxQ\" target=\"_blank\" rel=\"noreferrer noopener\">Martin Camaj n\u00eb drit\u00eb &#8211; dosja e Sigurimit p\u00ebr shkrimtarin, p\u00ebrndjekje, detyrim e letra anonime<\/a>. &nbsp;Sonila Bo\u00e7i: Dosja e Camajt, jo e zakonshme \u201cNuk \u00ebsht\u00eb dosje bashkepun\u00ebtori, por t\u00eb p\u00ebrndjekuri\u201d &nbsp;<\/p>\n\n\n\n<p>Poezi nga Martin Camaj<\/p>\n\n\n\n<p>VRASJA E POETITI<\/p>\n\n\n\n<p>Liria e fshehun nd\u00ebr vargje<br>t\u00eb poezis\u00eb<br>nuk ishte vet\u00ebm:<br>para tyne rrishin galuc roje<br><strong>shpend mishngran\u00ebs<br>me fytyr\u00eb njer\u00ebzore.<\/strong><\/p>\n\n\n\n<p>E ti ishe p\u00ebr ta nji blet\u00eb<br>tue u rropat\u00eb ka drita n\u00eb qelq,<br>andej kufijve t\u00eb bot\u00ebs<br>njer\u00ebzore.<\/p>\n\n\n\n<p>SHKUSHULLIM<\/p>\n\n\n\n<p>Kush iu kujtue territ q\u00eb bie n\u00eb lugin\u00eb mbas fikjes s\u00eb yjve<br>para agimit?<br>Shkatrruesi i vetes, nji krip-bardh\u00eb<br>e gjeti se koha e mung\u00ebt<br>mes dritave<br>i hyn n\u00eb palc\u00eb gurit<br>dhe ashtit njer\u00ebzor.<\/p>\n\n\n\n<p><strong>Terrin mes dy dritave<br>s\u2019e duron ylli q\u00eb shkoqet,<br>as njeriu<\/strong>.<\/p>\n\n\n\n<p><a href=\"https:\/\/www.facebook.com\/AutoritetiDosjeve\/photos\/a.1358630570856229\/3429620070423925\/?type=3&amp;__xts__%5B0%5D=68.ARBWP-Yo3PpAqHJGdTRg6ey69c4Qm7wQZGMsyjRor7sB-zBAozZnacjGIncsvuezau7HylnfYXYiASZkWjAj9dOazIanaXvS-WPoFBwCyLmGy5ILX_pN6854qKqgMA9NH_Tt6Y42Vjfcg-NEnUMqb40lSJMXXOnDo8QZy0FEYuYoDYK6-5Ufdq67hoJ4koOSOVHHWe0Nxdx8eL8mKiqk9NFDC2U8oeIT4_OLJbBSKW6Th80wlF6Ilqxw03PUTyiCmsSdi9NEUqmEzxw5pTIQxipiviurZQx08KnIPqlEG8AI2PWhYTQrCvBpH2jzwSY&amp;__tn__=HH-R\"><\/a><\/p>\n","protected":false},"excerpt":{"rendered":"<p>Nga Frank Shkreli &#8220;Ex Malo Bonum&#8221;, \u00ebsht\u00eb nj\u00eb citim latinisht nga Sh\u00ebn Augustini, q\u00eb n\u00eb shqip mund t\u00eb p\u00ebrk\u00ebthehej se, nga nj\u00eb e keqe vjen di\u00e7ka e mir\u00eb.&nbsp; Nga fillimi i muajit korrik qe botuar nj\u00eb shkrim nga Auron Tare p\u00ebr Ernest Koliqin dhe Martin Camajn, nj\u00eb \u201cstudim\u201d, si\u00e7 u quajt nga disa, q\u00eb akuzon [&hellip;]<\/p>\n","protected":false},"author":1,"featured_media":13083,"comment_status":"open","ping_status":"open","sticky":false,"template":"","format":"standard","meta":{"_seopress_robots_primary_cat":"","_seopress_titles_title":"","_seopress_titles_desc":"","_seopress_robots_index":"","footnotes":""},"categories":[2,12],"tags":[],"class_list":["post-26698","post","type-post","status-publish","format-standard","has-post-thumbnail","hentry","category-aktualitet","category-opinione"],"_links":{"self":[{"href":"https:\/\/ulqini-online.com\/sajti\/index.php?rest_route=\/wp\/v2\/posts\/26698","targetHints":{"allow":["GET"]}}],"collection":[{"href":"https:\/\/ulqini-online.com\/sajti\/index.php?rest_route=\/wp\/v2\/posts"}],"about":[{"href":"https:\/\/ulqini-online.com\/sajti\/index.php?rest_route=\/wp\/v2\/types\/post"}],"author":[{"embeddable":true,"href":"https:\/\/ulqini-online.com\/sajti\/index.php?rest_route=\/wp\/v2\/users\/1"}],"replies":[{"embeddable":true,"href":"https:\/\/ulqini-online.com\/sajti\/index.php?rest_route=%2Fwp%2Fv2%2Fcomments&post=26698"}],"version-history":[{"count":1,"href":"https:\/\/ulqini-online.com\/sajti\/index.php?rest_route=\/wp\/v2\/posts\/26698\/revisions"}],"predecessor-version":[{"id":26699,"href":"https:\/\/ulqini-online.com\/sajti\/index.php?rest_route=\/wp\/v2\/posts\/26698\/revisions\/26699"}],"wp:featuredmedia":[{"embeddable":true,"href":"https:\/\/ulqini-online.com\/sajti\/index.php?rest_route=\/wp\/v2\/media\/13083"}],"wp:attachment":[{"href":"https:\/\/ulqini-online.com\/sajti\/index.php?rest_route=%2Fwp%2Fv2%2Fmedia&parent=26698"}],"wp:term":[{"taxonomy":"category","embeddable":true,"href":"https:\/\/ulqini-online.com\/sajti\/index.php?rest_route=%2Fwp%2Fv2%2Fcategories&post=26698"},{"taxonomy":"post_tag","embeddable":true,"href":"https:\/\/ulqini-online.com\/sajti\/index.php?rest_route=%2Fwp%2Fv2%2Ftags&post=26698"}],"curies":[{"name":"wp","href":"https:\/\/api.w.org\/{rel}","templated":true}]}}