{"id":26490,"date":"2020-08-04T22:44:21","date_gmt":"2020-08-04T20:44:21","guid":{"rendered":"http:\/\/ulqini-online.com\/sajti\/?p=26490"},"modified":"2020-08-04T22:50:48","modified_gmt":"2020-08-04T20:50:48","slug":"koalicioni-shqiptar-bashke-nji-za-pd-udsh-ld-ne-mz-dorezon-listen-ja-emrat","status":"publish","type":"post","link":"https:\/\/ulqini-online.com\/sajti\/?p=26490","title":{"rendered":"Koalicioni shqiptar \u201cBashk\u00eb nji za\u201d PD-UDSh-LD n\u00eb MZ dor\u00ebzon list\u00ebn, ja emrat"},"content":{"rendered":"\n<div class=\"wp-block-image\"><figure class=\"aligncenter size-large\"><img loading=\"lazy\" decoding=\"async\" width=\"640\" height=\"427\" src=\"https:\/\/ulqini-online.com\/sajti\/wp-content\/uploads\/2020\/08\/fatmir-gjeka-promovim-fushate.jpg\" alt=\"\" class=\"wp-image-26491\" srcset=\"https:\/\/ulqini-online.com\/sajti\/wp-content\/uploads\/2020\/08\/fatmir-gjeka-promovim-fushate.jpg 640w, https:\/\/ulqini-online.com\/sajti\/wp-content\/uploads\/2020\/08\/fatmir-gjeka-promovim-fushate-300x200.jpg 300w\" sizes=\"auto, (max-width: 640px) 100vw, 640px\" \/><figcaption>Nga arkivi<\/figcaption><\/figure><\/div>\n\n\n\n<p>Koalicioni shqiptar \u201cBashk\u00eb nji za\u201d\u00a0 i p\u00ebrb\u00ebr\u00eb nga Partia Demokratike, Unioni Demokratik i Shqiptar\u00ebve \u00a0dhe Lidhja Demokratike n\u00eb Mal t\u00eb Zi ka dor\u00ebzuar t\u00eb marten list\u00ebn zgjedhore pran\u00eb komisionit zgjedhor me t\u00eb cil\u00ebn d\u00eb t\u00eb marr\u00eb pjes\u00eb n\u00eb zgjedhjet parlamentare t\u00eb 30 gushtit t\u00eb k\u00ebtij viti, shkruan Ulqini Online.<\/p>\n\n\n\n<p>Ky koaliconi shpreson n\u00eb rezultat t\u00eb mir\u00eb zgjedhor.<\/p>\n\n\n\n<p>M\u00eb posht\u00eb mund t\u00eb shikoni list\u00ebn e plot\u00eb t\u00eb Koalicionit shqiptar \u201cBashk\u00eb nji za\u201d<\/p>\n\n\n\n<ol class=\"wp-block-list\"><li>Fatmir Gjeka<\/li><li>Mehmed Zenka<\/li><li>Saubih Mehmeti<\/li><li>Arbenita Vukaj<\/li><li>Enis Gjokaj<\/li><li>Fitim Dragovi\u0107<\/li><li>Astrit Hoxha<\/li><li>Seida Suma<\/li><li>Dritan Aljaj<\/li><li>Beqir Sellaj<\/li><li>Mirsad Grdo\u010d<\/li><li> Luljeta Sefa<\/li><li>Mara\u0161 Dedvukaj<\/li><li>Agon Hasa<\/li><li>Isat Jakupi<\/li><li>Ardita Rama<\/li><li>Driton Salaj<\/li><li>Aida Lleshi<\/li><li>Mirsad Orahovac<\/li><li>Haxhi Sulejmani<\/li><li>Zuke Hasanagi\u0107<\/li><li>Dr. Agron Ibrahimi<\/li><li>Igmete Mehmedi<\/li><li>Arben Truma<\/li><li>Ajet Zaga<\/li><li>Emin Ljuljanovi\u0107<\/li><li>Rejhana Aljo\u0161evi\u0107<\/li><li>Nezir Gje\u00e7bitriq<\/li><li>Biondina-Kim Mehmedi<\/li><li>Ahmet Marka\u0161evi\u0107<\/li><li>Mr. Avdyl Alibegu<\/li><li>Riza \u00c7oba<\/li><li>Medina Cenoviq<\/li><li>Musa Go\u010daj<\/li><li>Skender Rexhoviq<\/li><li>Zaim Be\u0107ovi\u0107<\/li><li>Nad\u017eije Ardoli\u0107<\/li><li>Dr. Sc. Dritan Ceka<\/li><li>Ardijana Karamanaga<\/li><li>D\u017eelal Dervi\u0161i<\/li><li>Enis Had\u017eaj<\/li><li>Elira Kova\u00e7i<\/li><li>Samir Kurtovi\u0107<\/li><li>Dardan Qosaj<\/li><li>Asmira Dervi\u0161evi\u0107<\/li><li>Xhevat Gjoni<\/li><li>Fljorijeta Perovi\u0107<\/li><li>Deda Camaj<\/li><li>Milazim Mustafa<\/li><\/ol>\n","protected":false},"excerpt":{"rendered":"<p>Koalicioni shqiptar \u201cBashk\u00eb nji za\u201d\u00a0 i p\u00ebrb\u00ebr\u00eb nga Partia Demokratike, Unioni Demokratik i Shqiptar\u00ebve \u00a0dhe Lidhja Demokratike n\u00eb Mal t\u00eb Zi ka dor\u00ebzuar t\u00eb marten list\u00ebn zgjedhore pran\u00eb komisionit zgjedhor me t\u00eb cil\u00ebn d\u00eb t\u00eb marr\u00eb pjes\u00eb n\u00eb zgjedhjet parlamentare t\u00eb 30 gushtit t\u00eb k\u00ebtij viti, shkruan Ulqini Online. Ky koaliconi shpreson n\u00eb rezultat t\u00eb [&hellip;]<\/p>\n","protected":false},"author":1,"featured_media":26491,"comment_status":"open","ping_status":"open","sticky":false,"template":"","format":"standard","meta":{"_seopress_robots_primary_cat":"","_seopress_titles_title":"","_seopress_titles_desc":"","_seopress_robots_index":"","footnotes":""},"categories":[2,3],"tags":[2611,351,354,95,2693,476,324,420],"class_list":["post-26490","post","type-post","status-publish","format-standard","has-post-thumbnail","hentry","category-aktualitet","category-politike","tag-astrit-hoxha","tag-dritan-alaj","tag-enis-gjokaj","tag-fatmir-gjeka","tag-fitim-draga","tag-mehmet-zenka","tag-saubih-mehmeti","tag-seida-suma"],"_links":{"self":[{"href":"https:\/\/ulqini-online.com\/sajti\/index.php?rest_route=\/wp\/v2\/posts\/26490","targetHints":{"allow":["GET"]}}],"collection":[{"href":"https:\/\/ulqini-online.com\/sajti\/index.php?rest_route=\/wp\/v2\/posts"}],"about":[{"href":"https:\/\/ulqini-online.com\/sajti\/index.php?rest_route=\/wp\/v2\/types\/post"}],"author":[{"embeddable":true,"href":"https:\/\/ulqini-online.com\/sajti\/index.php?rest_route=\/wp\/v2\/users\/1"}],"replies":[{"embeddable":true,"href":"https:\/\/ulqini-online.com\/sajti\/index.php?rest_route=%2Fwp%2Fv2%2Fcomments&post=26490"}],"version-history":[{"count":2,"href":"https:\/\/ulqini-online.com\/sajti\/index.php?rest_route=\/wp\/v2\/posts\/26490\/revisions"}],"predecessor-version":[{"id":26493,"href":"https:\/\/ulqini-online.com\/sajti\/index.php?rest_route=\/wp\/v2\/posts\/26490\/revisions\/26493"}],"wp:featuredmedia":[{"embeddable":true,"href":"https:\/\/ulqini-online.com\/sajti\/index.php?rest_route=\/wp\/v2\/media\/26491"}],"wp:attachment":[{"href":"https:\/\/ulqini-online.com\/sajti\/index.php?rest_route=%2Fwp%2Fv2%2Fmedia&parent=26490"}],"wp:term":[{"taxonomy":"category","embeddable":true,"href":"https:\/\/ulqini-online.com\/sajti\/index.php?rest_route=%2Fwp%2Fv2%2Fcategories&post=26490"},{"taxonomy":"post_tag","embeddable":true,"href":"https:\/\/ulqini-online.com\/sajti\/index.php?rest_route=%2Fwp%2Fv2%2Ftags&post=26490"}],"curies":[{"name":"wp","href":"https:\/\/api.w.org\/{rel}","templated":true}]}}