{"id":26487,"date":"2020-08-04T16:53:26","date_gmt":"2020-08-04T14:53:26","guid":{"rendered":"http:\/\/ulqini-online.com\/sajti\/?p=26487"},"modified":"2020-08-04T17:00:52","modified_gmt":"2020-08-04T15:00:52","slug":"forca-perpilon-listen-per-zgjedhjet-parlamentare-ja-emrat","status":"publish","type":"post","link":"https:\/\/ulqini-online.com\/sajti\/?p=26487","title":{"rendered":"Forca p\u00ebrpilon list\u00ebn p\u00ebr zgjedhjet parlamentare, ja emrat"},"content":{"rendered":"\n<div class=\"wp-block-image\"><figure class=\"aligncenter size-large\"><img loading=\"lazy\" decoding=\"async\" width=\"600\" height=\"400\" src=\"https:\/\/ulqini-online.com\/sajti\/wp-content\/uploads\/2015\/06\/forca-fushate-elektorale.jpg\" alt=\"\" class=\"wp-image-3794\" srcset=\"https:\/\/ulqini-online.com\/sajti\/wp-content\/uploads\/2015\/06\/forca-fushate-elektorale.jpg 600w, https:\/\/ulqini-online.com\/sajti\/wp-content\/uploads\/2015\/06\/forca-fushate-elektorale-300x200.jpg 300w\" sizes=\"auto, (max-width: 600px) 100vw, 600px\" \/><figcaption>Nga arkivi<\/figcaption><\/figure><\/div>\n\n\n\n<p>K\u00ebshilli Qendror i Forc\u00ebs s\u00eb Re Demokratike miratoi list\u00ebn zgjedhore p\u00ebr zgjedhjet e 30 gushtit.<\/p>\n\n\n\n<p>N\u00eb mbledhjen e K\u00ebshillit Qendror t\u00eb Forc\u00ebs s\u00eb Re Demokratike t\u00eb mbajtur m\u00eb 4 gusht 2020 u miratua nj\u00ebz\u00ebri lista e deputet\u00ebv\u00eb p\u00ebr zgjedhjet parlamentare t\u00eb 30 gushtit. N\u00eb List\u00ebn shqiptare Genc Nimanbegu &#8211; Nik\u00eb Gjeloshaj, Forca e Re Demokratike kandidon list\u00ebn me 34 emra t\u00eb cil\u00ebs i paraprin\u00eb deputeti i deri tanish\u00ebm Genc Nimanbegu. N\u00eb list\u00eb vijon\u00eb emrat e Af\u00ebrdita Pelingut, Faik Nik\u00ebs, Ilir \u00c7apunit, Ardijan Mavriqit, Flutra Husiq, Xhevdet Seferi, Arben Llunjit e Armend Mill\u00ebs, m\u00ebsohet nga nj\u00eb kumtes\u00eb p\u00ebr media e Forc\u00ebs s\u00eb Re Demokratike, trasnmeton Ulqini Online.<\/p>\n\n\n\n<p>Kjo list\u00eb do i bashkangjitet list\u00ebs s\u00eb koalicionit t\u00eb madh shqiptar t\u00eb cilin p\u00ebrve\u00e7 Forc\u00ebs s\u00eb Re Demokratike e p\u00ebrb\u00ebjne Alternativa Shqiptare, Lidhja Demokratike Shqiptare, Unioni i Tuzit dhe L\u00ebvizja Perspektiva.<\/p>\n\n\n\n<p>Lista n\u00eb t\u00ebr\u00ebsi<\/p>\n\n\n\n<p>1. Genci Nimanbegu<\/p>\n\n\n\n<p>2. Af\u00ebrdita Pelingu<\/p>\n\n\n\n<p>3. Faik Nika<\/p>\n\n\n\n<p>4. Ilir \u00c7apuni<\/p>\n\n\n\n<p>5. Ardijan Mavriq<\/p>\n\n\n\n<p>6. Flutra Husiq<\/p>\n\n\n\n<p>7. Xhevdet Seferi<\/p>\n\n\n\n<p>8. Arben Llunji<\/p>\n\n\n\n<p>9. Armend Milla<\/p>\n\n\n\n<p>10. Shp\u00ebtim Maraj<\/p>\n\n\n\n<p>11. Elvir Ze\u00e7eviq<\/p>\n\n\n\n<p>12. Mirjeta Gjoni<\/p>\n\n\n\n<p>13. Arbin \u00c7apriq<\/p>\n\n\n\n<p>14. Mehmed Mila<\/p>\n\n\n\n<p>15. Nazmir Sula<\/p>\n\n\n\n<p>16. Adriana Hoxha<\/p>\n\n\n\n<p>17. Ardit Ceka<\/p>\n\n\n\n<p>18. Anto Gazivoda<\/p>\n\n\n\n<p>19. Senad Kollari<\/p>\n\n\n\n<p>20. Veneranda Gjonaj<\/p>\n\n\n\n<p>21. Valdet Axhemoviq<\/p>\n\n\n\n<p>22. Irfan Murati<\/p>\n\n\n\n<p>23. Minir Karamanaga&nbsp;<\/p>\n\n\n\n<p>24. Lirije Mollabeqiri<\/p>\n\n\n\n<p>25. Visar Doda<\/p>\n\n\n\n<p>26. Leart Gorana<\/p>\n\n\n\n<p>27. Blerta Kurtoviq<\/p>\n\n\n\n<p>28. Besart \u00c7obaj<\/p>\n\n\n\n<p>29. Vildana Llazorja<\/p>\n\n\n\n<p>30. Granit Ujkashi<\/p>\n\n\n\n<p>31. Valbona Resulbegoviq<\/p>\n\n\n\n<p>32. Rinita Osmani<\/p>\n\n\n\n<p>33. Abdullah Nimanbegoviq<\/p>\n\n\n\n<p>34.Asllan Llunji<\/p>\n\n\n\n<p><\/p>\n","protected":false},"excerpt":{"rendered":"<p>K\u00ebshilli Qendror i Forc\u00ebs s\u00eb Re Demokratike miratoi list\u00ebn zgjedhore p\u00ebr zgjedhjet e 30 gushtit. N\u00eb mbledhjen e K\u00ebshillit Qendror t\u00eb Forc\u00ebs s\u00eb Re Demokratike t\u00eb mbajtur m\u00eb 4 gusht 2020 u miratua nj\u00ebz\u00ebri lista e deputet\u00ebv\u00eb p\u00ebr zgjedhjet parlamentare t\u00eb 30 gushtit. N\u00eb List\u00ebn shqiptare Genc Nimanbegu &#8211; Nik\u00eb Gjeloshaj, Forca e Re Demokratike [&hellip;]<\/p>\n","protected":false},"author":1,"featured_media":3794,"comment_status":"open","ping_status":"open","sticky":false,"template":"","format":"standard","meta":{"_seopress_robots_primary_cat":"","_seopress_titles_title":"","_seopress_titles_desc":"","_seopress_robots_index":"","footnotes":""},"categories":[2,3],"tags":[2689,2690,2692,205,2286,2691,2523],"class_list":["post-26487","post","type-post","status-publish","format-standard","has-post-thumbnail","hentry","category-aktualitet","category-politike","tag-aferdita-pelingu","tag-ardijan-mavriq","tag-armend-milla","tag-genci-nimanbegu","tag-ilir-capuni-2","tag-mirjeta-gjoni","tag-xhevdet-seferi"],"_links":{"self":[{"href":"https:\/\/ulqini-online.com\/sajti\/index.php?rest_route=\/wp\/v2\/posts\/26487","targetHints":{"allow":["GET"]}}],"collection":[{"href":"https:\/\/ulqini-online.com\/sajti\/index.php?rest_route=\/wp\/v2\/posts"}],"about":[{"href":"https:\/\/ulqini-online.com\/sajti\/index.php?rest_route=\/wp\/v2\/types\/post"}],"author":[{"embeddable":true,"href":"https:\/\/ulqini-online.com\/sajti\/index.php?rest_route=\/wp\/v2\/users\/1"}],"replies":[{"embeddable":true,"href":"https:\/\/ulqini-online.com\/sajti\/index.php?rest_route=%2Fwp%2Fv2%2Fcomments&post=26487"}],"version-history":[{"count":2,"href":"https:\/\/ulqini-online.com\/sajti\/index.php?rest_route=\/wp\/v2\/posts\/26487\/revisions"}],"predecessor-version":[{"id":26489,"href":"https:\/\/ulqini-online.com\/sajti\/index.php?rest_route=\/wp\/v2\/posts\/26487\/revisions\/26489"}],"wp:featuredmedia":[{"embeddable":true,"href":"https:\/\/ulqini-online.com\/sajti\/index.php?rest_route=\/wp\/v2\/media\/3794"}],"wp:attachment":[{"href":"https:\/\/ulqini-online.com\/sajti\/index.php?rest_route=%2Fwp%2Fv2%2Fmedia&parent=26487"}],"wp:term":[{"taxonomy":"category","embeddable":true,"href":"https:\/\/ulqini-online.com\/sajti\/index.php?rest_route=%2Fwp%2Fv2%2Fcategories&post=26487"},{"taxonomy":"post_tag","embeddable":true,"href":"https:\/\/ulqini-online.com\/sajti\/index.php?rest_route=%2Fwp%2Fv2%2Ftags&post=26487"}],"curies":[{"name":"wp","href":"https:\/\/api.w.org\/{rel}","templated":true}]}}