{"id":26482,"date":"2020-08-04T16:45:31","date_gmt":"2020-08-04T14:45:31","guid":{"rendered":"http:\/\/ulqini-online.com\/sajti\/?p=26482"},"modified":"2020-08-04T23:10:12","modified_gmt":"2020-08-04T21:10:12","slug":"guci-shqiptaret-ne-zgjedhjet-lokale-te-bashkuar","status":"publish","type":"post","link":"https:\/\/ulqini-online.com\/sajti\/?p=26482","title":{"rendered":"Guci: Shqiptar\u00ebt n\u00eb zgjedhjet lokale t\u00eb bashkuar"},"content":{"rendered":"\n<div class=\"wp-block-image\"><figure class=\"aligncenter size-large\"><img loading=\"lazy\" decoding=\"async\" width=\"640\" height=\"384\" src=\"https:\/\/ulqini-online.com\/sajti\/wp-content\/uploads\/2020\/08\/Guci-shqiptaret-nenje-liste-bujar-hasangjekaj.jpg\" alt=\"\" class=\"wp-image-26483\" srcset=\"https:\/\/ulqini-online.com\/sajti\/wp-content\/uploads\/2020\/08\/Guci-shqiptaret-nenje-liste-bujar-hasangjekaj.jpg 640w, https:\/\/ulqini-online.com\/sajti\/wp-content\/uploads\/2020\/08\/Guci-shqiptaret-nenje-liste-bujar-hasangjekaj-300x180.jpg 300w\" sizes=\"auto, (max-width: 640px) 100vw, 640px\" \/><\/figure><\/div>\n\n\n\n<p>Sot dorzuam listen zgjedhore \u201cShqiptar\u00ebt e bashkuar p\u00ebr Guci \u201c (LDSH, UDSH, ASH ). List\u00ebn e unitetit e shpres\u00ebs p\u00ebr shqiptaret n\u00eb Guci. Bashkimi i faktorit politik shqiptar ishte m\u00eb se i domosdosh\u00ebm, sinergjia pa dyshim se do refletohet pozitivisht, k\u00ebshtu shkruan n\u00eb nj\u00eb post t\u00eb tij i pari i k\u00ebsaj liste z. Bujar Hasangjekaj, transmeton Ulqini Online.<\/p>\n\n\n\n<p>Kjo ishte edhe kerkese e kahmotshme dhe e drejt\u00eb e votuesit shqiptar, dhe ne reflektuam ne raport me k\u00ebt\u00eb k\u00ebrkes\u00eb. P\u00ebrfaq\u00ebsimi i denj\u00ebt dhe meritor i shqiptareve b\u00ebhet vet\u00ebm permes partive nacionele shqiptare dhe n\u00eb asnj\u00eb menyr\u00eb tjet\u00ebr.<br>Suksese dhe na prift\u00eb e mbara, p\u00ebrfundon shkrimin e tij z. Hasangjekaj.<\/p>\n\n\n\n<p>Zgjedhjet lokale n\u00eb Guci mbahen n\u00eb t\u00eb nj\u00ebjt\u00ebn dit\u00eb me ato parlamentare, me 30 gusht t\u00eb k\u00ebtij viti.<\/p>\n\n\n\n<p>Kandidat\u00ebt p\u00ebr k\u00ebshilltar\u00eb n\u00eb Kuvendin Komunal t\u00eb Gucis\u00eb<br>\u201cSHQIPTAR\u00cbT BASHK\u00cb P\u00cbR GUCI\u201d jan\u00eb n\u00eb list\u00ebn e m\u00ebposhtme<\/p>\n\n\n\n<ol class=\"wp-block-list\"><li>Bujar Hasangjekaj- Ekonomist i diplomuar<\/li><li>Fadil Ulaj- Profesor<\/li><li>Asdren \u00c7elaj- Master i Filozofis\u00eb<\/li><li>Fjoll\u00eb Balidemaj- Master i Infermieris\u00eb<\/li><li>Dardan Qosaj- Ekonomist i diplomuar<\/li><li>Edon Balidemaj- Dip. Studime t\u00eb Siguris\u00eb<\/li><li>Ali Kukaj- Nd\u00ebrmarr\u00ebs<\/li><li>Havaja Pr\u00eblvukaj- Juriste e diplomuar<\/li><li>Shaban Pr\u00eblvukaj- Msc Administrim Biznesi<\/li><li>Jeta Hasangjekaj- Politikologe e diplomuar<\/li><li>Mem\u00eb Balidemaj- Dip. Studime t\u00eb Siguris\u00eb<\/li><li>Arb\u00ebr Vukaj- Ekonomist i diplomuar<\/li><li>Esad Kukaj- Puntor<\/li><li>Armend Kukaj- Student<\/li><li>Jeton Gjonbalaj- Shkenca Kompjuterike<\/li><li>Shkresa Hasangjekaj- Profesoresh\u00eb<\/li><li>Lirim Go\u00e7aj- Pedagog<\/li><li>Dea Gjonbalaj- Studente<\/li><li>Luan Balidemaj- Mr. M\u00ebsim Klasor<\/li><li>Ahmet Gjonbalaj- Historian i diplomuar<\/li><li>Arbenita Vukaj- Prof. M\u00ebsim Klasor<\/li><li>Uran Gjonbalaj- Puntor<\/li><li>Avni Dedushaj- Jurist i diplomuar<\/li><li>Kelmend Ahmetaj- Nd\u00ebrmarr\u00ebs<\/li><li>Mus\u00eb Go\u00e7aj- Ekonomist i diplomuar<\/li><li>Laura Kukaj- Studente<\/li><li>Metush Kukaj- Nd\u00ebrmarr\u00ebs<\/li><li>Myftar Balidemaj- Puntor<\/li><li>Gresa K. Dedushaj- Studente<\/li><li>Naim Gjonbalaj- Inxh. Nd\u00ebrtimtari<\/li><\/ol>\n\n\n\n<p><\/p>\n","protected":false},"excerpt":{"rendered":"<p>Sot dorzuam listen zgjedhore \u201cShqiptar\u00ebt e bashkuar p\u00ebr Guci \u201c (LDSH, UDSH, ASH ). List\u00ebn e unitetit e shpres\u00ebs p\u00ebr shqiptaret n\u00eb Guci. Bashkimi i faktorit politik shqiptar ishte m\u00eb se i domosdosh\u00ebm, sinergjia pa dyshim se do refletohet pozitivisht, k\u00ebshtu shkruan n\u00eb nj\u00eb post t\u00eb tij i pari i k\u00ebsaj liste z. Bujar Hasangjekaj, [&hellip;]<\/p>\n","protected":false},"author":1,"featured_media":26483,"comment_status":"open","ping_status":"open","sticky":false,"template":"","format":"standard","meta":{"_seopress_robots_primary_cat":"","_seopress_titles_title":"","_seopress_titles_desc":"","_seopress_robots_index":"","footnotes":""},"categories":[2,3],"tags":[2698,2694,249,2696,2697,277,2695,349],"class_list":["post-26482","post","type-post","status-publish","format-standard","has-post-thumbnail","hentry","category-aktualitet","category-politike","tag-ali-kukaj","tag-asdren-ce","tag-bujar-hasanagjekaj","tag-dardan-qosja","tag-edon-balidemaj","tag-fadil-ulaj","tag-fjolle-balidemaj","tag-jeta-hasangjekaj"],"_links":{"self":[{"href":"https:\/\/ulqini-online.com\/sajti\/index.php?rest_route=\/wp\/v2\/posts\/26482","targetHints":{"allow":["GET"]}}],"collection":[{"href":"https:\/\/ulqini-online.com\/sajti\/index.php?rest_route=\/wp\/v2\/posts"}],"about":[{"href":"https:\/\/ulqini-online.com\/sajti\/index.php?rest_route=\/wp\/v2\/types\/post"}],"author":[{"embeddable":true,"href":"https:\/\/ulqini-online.com\/sajti\/index.php?rest_route=\/wp\/v2\/users\/1"}],"replies":[{"embeddable":true,"href":"https:\/\/ulqini-online.com\/sajti\/index.php?rest_route=%2Fwp%2Fv2%2Fcomments&post=26482"}],"version-history":[{"count":4,"href":"https:\/\/ulqini-online.com\/sajti\/index.php?rest_route=\/wp\/v2\/posts\/26482\/revisions"}],"predecessor-version":[{"id":26498,"href":"https:\/\/ulqini-online.com\/sajti\/index.php?rest_route=\/wp\/v2\/posts\/26482\/revisions\/26498"}],"wp:featuredmedia":[{"embeddable":true,"href":"https:\/\/ulqini-online.com\/sajti\/index.php?rest_route=\/wp\/v2\/media\/26483"}],"wp:attachment":[{"href":"https:\/\/ulqini-online.com\/sajti\/index.php?rest_route=%2Fwp%2Fv2%2Fmedia&parent=26482"}],"wp:term":[{"taxonomy":"category","embeddable":true,"href":"https:\/\/ulqini-online.com\/sajti\/index.php?rest_route=%2Fwp%2Fv2%2Fcategories&post=26482"},{"taxonomy":"post_tag","embeddable":true,"href":"https:\/\/ulqini-online.com\/sajti\/index.php?rest_route=%2Fwp%2Fv2%2Ftags&post=26482"}],"curies":[{"name":"wp","href":"https:\/\/api.w.org\/{rel}","templated":true}]}}