{"id":26263,"date":"2020-07-12T19:56:50","date_gmt":"2020-07-12T17:56:50","guid":{"rendered":"http:\/\/ulqini-online.com\/sajti\/?p=26263"},"modified":"2020-07-12T19:56:50","modified_gmt":"2020-07-12T17:56:50","slug":"situata-me-e-re-me-koronavirus-ne-ulqin","status":"publish","type":"post","link":"https:\/\/ulqini-online.com\/sajti\/?p=26263","title":{"rendered":"Situata m\u00eb e re me koronavirus n\u00eb Ulqin"},"content":{"rendered":"\n<div class=\"wp-block-image\"><figure class=\"aligncenter size-large is-resized\"><img loading=\"lazy\" decoding=\"async\" src=\"https:\/\/ulqini-online.com\/sajti\/wp-content\/uploads\/2020\/03\/koronavirus.jpg\" alt=\"\" class=\"wp-image-25024\" width=\"563\" height=\"338\" srcset=\"https:\/\/ulqini-online.com\/sajti\/wp-content\/uploads\/2020\/03\/koronavirus.jpg 448w, https:\/\/ulqini-online.com\/sajti\/wp-content\/uploads\/2020\/03\/koronavirus-300x180.jpg 300w\" sizes=\"auto, (max-width: 563px) 100vw, 563px\" \/><\/figure><\/div>\n\n\n\n<p><strong>Edhe nj\u00eb rast i ri me koronavius n\u00eb Ulqin<\/strong><\/p>\n\n\n\n<p>Instituti i Sh\u00ebndetit Publik n\u00eb Mal t\u00eb Zi n\u00eb or\u00ebt e pasdrek\u00ebs s\u00eb dit\u00ebs s\u00eb diel ka njoftuar p\u00ebr rastet e reja me koronavirus n\u00eb Mal t\u00eb Zi. <\/p>\n\n\n\n<p>Nga t\u00eb dh\u00ebnat m\u00eb t\u00eb reja t\u00eb Institutit \u00a0t\u00eb sh\u00ebndetit publik m\u00ebsohet se n\u00eb Komun\u00ebn e Ulqinit sot \u00ebsht\u00eb paraqitur 1 rast i ri me koroanvirus, shkruan Ulqini Online.<\/p>\n\n\n\n<p>Sot n\u00eb t\u00ebr\u00eb Malin e Zi jan\u00eb paraqitur plot 57 raste t\u00eb reja duke e \u00e7uar numrin e rasteve aktiv n\u00eb 870 veta.<\/p>\n\n\n\n<p><\/p>\n","protected":false},"excerpt":{"rendered":"<p>Edhe nj\u00eb rast i ri me koronavius n\u00eb Ulqin Instituti i Sh\u00ebndetit Publik n\u00eb Mal t\u00eb Zi n\u00eb or\u00ebt e pasdrek\u00ebs s\u00eb dit\u00ebs s\u00eb diel ka njoftuar p\u00ebr rastet e reja me koronavirus n\u00eb Mal t\u00eb Zi. Nga t\u00eb dh\u00ebnat m\u00eb t\u00eb reja t\u00eb Institutit \u00a0t\u00eb sh\u00ebndetit publik m\u00ebsohet se n\u00eb Komun\u00ebn e Ulqinit sot [&hellip;]<\/p>\n","protected":false},"author":1,"featured_media":25024,"comment_status":"open","ping_status":"open","sticky":false,"template":"","format":"standard","meta":{"_seopress_robots_primary_cat":"","_seopress_titles_title":"","_seopress_titles_desc":"","_seopress_robots_index":"","footnotes":""},"categories":[2,4],"tags":[],"class_list":["post-26263","post","type-post","status-publish","format-standard","has-post-thumbnail","hentry","category-aktualitet","category-kronike"],"_links":{"self":[{"href":"https:\/\/ulqini-online.com\/sajti\/index.php?rest_route=\/wp\/v2\/posts\/26263","targetHints":{"allow":["GET"]}}],"collection":[{"href":"https:\/\/ulqini-online.com\/sajti\/index.php?rest_route=\/wp\/v2\/posts"}],"about":[{"href":"https:\/\/ulqini-online.com\/sajti\/index.php?rest_route=\/wp\/v2\/types\/post"}],"author":[{"embeddable":true,"href":"https:\/\/ulqini-online.com\/sajti\/index.php?rest_route=\/wp\/v2\/users\/1"}],"replies":[{"embeddable":true,"href":"https:\/\/ulqini-online.com\/sajti\/index.php?rest_route=%2Fwp%2Fv2%2Fcomments&post=26263"}],"version-history":[{"count":1,"href":"https:\/\/ulqini-online.com\/sajti\/index.php?rest_route=\/wp\/v2\/posts\/26263\/revisions"}],"predecessor-version":[{"id":26264,"href":"https:\/\/ulqini-online.com\/sajti\/index.php?rest_route=\/wp\/v2\/posts\/26263\/revisions\/26264"}],"wp:featuredmedia":[{"embeddable":true,"href":"https:\/\/ulqini-online.com\/sajti\/index.php?rest_route=\/wp\/v2\/media\/25024"}],"wp:attachment":[{"href":"https:\/\/ulqini-online.com\/sajti\/index.php?rest_route=%2Fwp%2Fv2%2Fmedia&parent=26263"}],"wp:term":[{"taxonomy":"category","embeddable":true,"href":"https:\/\/ulqini-online.com\/sajti\/index.php?rest_route=%2Fwp%2Fv2%2Fcategories&post=26263"},{"taxonomy":"post_tag","embeddable":true,"href":"https:\/\/ulqini-online.com\/sajti\/index.php?rest_route=%2Fwp%2Fv2%2Ftags&post=26263"}],"curies":[{"name":"wp","href":"https:\/\/api.w.org\/{rel}","templated":true}]}}