{"id":26227,"date":"2020-07-08T11:29:41","date_gmt":"2020-07-08T09:29:41","guid":{"rendered":"http:\/\/ulqini-online.com\/sajti\/?p=26227"},"modified":"2020-07-08T11:33:08","modified_gmt":"2020-07-08T09:33:08","slug":"tirana-zyrtare-e-heshtur-rreth-bashkimit-te-subjekteve-shqiptare-per-zgjedhjet-ne-mal-te-zi","status":"publish","type":"post","link":"https:\/\/ulqini-online.com\/sajti\/?p=26227","title":{"rendered":"Tirana zyrtare e heshtur rreth bashkimit t\u00eb subjekteve shqiptare p\u00ebr zgjedhjet n\u00eb Mal t\u00eb Zi"},"content":{"rendered":"\n<div class=\"wp-block-image\"><figure class=\"aligncenter size-large\"><img loading=\"lazy\" decoding=\"async\" width=\"640\" height=\"426\" src=\"https:\/\/ulqini-online.com\/sajti\/wp-content\/uploads\/2019\/08\/kalaja-e-ulqinit.jpg\" alt=\"\" class=\"wp-image-23491\" srcset=\"https:\/\/ulqini-online.com\/sajti\/wp-content\/uploads\/2019\/08\/kalaja-e-ulqinit.jpg 640w, https:\/\/ulqini-online.com\/sajti\/wp-content\/uploads\/2019\/08\/kalaja-e-ulqinit-300x200.jpg 300w\" sizes=\"auto, (max-width: 640px) 100vw, 640px\" \/><figcaption>Kalaja e Ulqinit<\/figcaption><\/figure><\/div>\n\n\n\n<p>Ministri i Jasht\u00ebm n\u00eb detyr\u00eb i Shqip\u00ebris\u00eb, Gent Cakaj para zgjdhjeve parlamentare n\u00eb Serbi kishte qen\u00eb mjaft aktiv dhe i suksesh\u00ebm sa i p\u00ebrket bashkimit t\u00eb subjekteve shqiptare n\u00eb nj\u00eb list\u00eb. Ai n\u00eb dit\u00ebn kur subjektet shqiptare n\u00eb Lugin\u00ebn e Preshev\u00ebs n\u00ebnshkruan marr\u00ebveshjen p\u00ebr dalje n\u00eb nj\u00eb list\u00eb t\u00eb p\u00ebrbashket deklaroi n\u00eb rrjetin e tij ne facebook se ky \u00ebsht\u00eb nj\u00eb super lajm p\u00ebr shqiptar\u00ebt kudo q\u00eb ndodhen.<br>\u201cKrer\u00ebt e partive politike t\u00eb Lugin\u00ebs s\u00eb Preshev\u00ebs kan\u00eb vendosur t\u00eb bashkohen n\u00eb nj\u00eb list\u00eb t\u00eb vetme n\u00eb zgjedhjet parlamentare. Ky bashkim do t\u2019i sh\u00ebrbej\u00eb jo vet\u00ebm fuqizimit t\u00eb Lugin\u00ebs s\u00eb Preshev\u00ebs, por edhe rritjes s\u00eb frym\u00ebzimit komb\u00ebtar t\u00eb shqiptar\u00ebve n\u00eb p\u00ebrgjith\u00ebsi. Partit\u00eb n\u00ebnshkruese t\u00eb kesaj marr\u00ebveshje sot kan\u00eb dh\u00ebn\u00eb shembullin m\u00eb t\u00eb vyer t\u00eb tejkalimit t\u00eb dallimeve t\u00eb brendshme n\u00eb funksion t\u00eb Lugin\u00ebs s\u00eb Preshev\u00ebs dhe interesave komb\u00ebtare.<br>Urime t\u00eb gjith\u00ebve, p\u00ebrqafime Lugin\u00ebs s\u00eb Preshev\u00ebs dhe shihemi s\u00eb shpejti\u201d, do t\u00eb shkruante Cakaj n\u00eb at\u00eb koh\u00eb, transmeton Ulqini Online.<\/p>\n\n\n\n<p>Por jo e nj\u00ebjta gj\u00eb ndodh rreth angazhimit t\u00eb Tiran\u00ebs zyrtare, se paku deri tani dhe se paku publikisht, p\u00ebr nj\u00eb bashkim eventual t\u00eb subjekteve politike shqiptare n\u00eb nj\u00eb list\u00eb p\u00ebr zgjedhjet parlamentare q\u00eb do mbahen me 30 gusht t\u00eb k\u00ebtij viti. Heshtja e Tiran\u00ebs zyrtare deri tani sa i p\u00ebrket angazhimit q\u00eb subjektet shqiptare t\u00eb dalin n\u00eb nj\u00eb list\u00eb t\u00eb p\u00ebrbashk\u00ebt n\u00eb zgjedhjet parlamentare q\u00eb do mbahen k\u00ebt\u00eb vit n\u00eb Mal t\u00eb Zi nuk l\u00eb shije t\u00eb mir\u00eb.<\/p>\n\n\n\n<p>Shum\u00eb komentues n\u00eb rrjetet sociale shprehen se Tiran\u00ebs zyrtare i takon dhe duhet t\u00eb ndikoj\u00eb t\u00eb bashkombasit e tyre n\u00eb Mal t\u00eb Zi q\u00eb t\u00eb koordinohen p\u00ebr t\u00eb mir\u00ebn e tyre n\u00eb realizimin e drejtave q\u00eb ju takojn\u00eb.<\/p>\n\n\n\n<p>P\u00ebr rikujtim, subjektet shqiptare t\u00eb Lugin\u00ebs s\u00eb Preshev\u00ebs pas bashkimit n\u00eb nj\u00eb list\u00eb zgjedhore arrit\u00ebn t\u00eb fitonin 3 vende n\u00eb parlamentin e Serbis\u00eb.<\/p>\n","protected":false},"excerpt":{"rendered":"<p>Ministri i Jasht\u00ebm n\u00eb detyr\u00eb i Shqip\u00ebris\u00eb, Gent Cakaj para zgjdhjeve parlamentare n\u00eb Serbi kishte qen\u00eb mjaft aktiv dhe i suksesh\u00ebm sa i p\u00ebrket bashkimit t\u00eb subjekteve shqiptare n\u00eb nj\u00eb list\u00eb. Ai n\u00eb dit\u00ebn kur subjektet shqiptare n\u00eb Lugin\u00ebn e Preshev\u00ebs n\u00ebnshkruan marr\u00ebveshjen p\u00ebr dalje n\u00eb nj\u00eb list\u00eb t\u00eb p\u00ebrbashket deklaroi n\u00eb rrjetin e tij [&hellip;]<\/p>\n","protected":false},"author":1,"featured_media":23491,"comment_status":"open","ping_status":"open","sticky":false,"template":"","format":"standard","meta":{"_seopress_robots_primary_cat":"","_seopress_titles_title":"","_seopress_titles_desc":"","_seopress_robots_index":"","footnotes":""},"categories":[2,12],"tags":[],"class_list":["post-26227","post","type-post","status-publish","format-standard","has-post-thumbnail","hentry","category-aktualitet","category-opinione"],"_links":{"self":[{"href":"https:\/\/ulqini-online.com\/sajti\/index.php?rest_route=\/wp\/v2\/posts\/26227","targetHints":{"allow":["GET"]}}],"collection":[{"href":"https:\/\/ulqini-online.com\/sajti\/index.php?rest_route=\/wp\/v2\/posts"}],"about":[{"href":"https:\/\/ulqini-online.com\/sajti\/index.php?rest_route=\/wp\/v2\/types\/post"}],"author":[{"embeddable":true,"href":"https:\/\/ulqini-online.com\/sajti\/index.php?rest_route=\/wp\/v2\/users\/1"}],"replies":[{"embeddable":true,"href":"https:\/\/ulqini-online.com\/sajti\/index.php?rest_route=%2Fwp%2Fv2%2Fcomments&post=26227"}],"version-history":[{"count":3,"href":"https:\/\/ulqini-online.com\/sajti\/index.php?rest_route=\/wp\/v2\/posts\/26227\/revisions"}],"predecessor-version":[{"id":26230,"href":"https:\/\/ulqini-online.com\/sajti\/index.php?rest_route=\/wp\/v2\/posts\/26227\/revisions\/26230"}],"wp:featuredmedia":[{"embeddable":true,"href":"https:\/\/ulqini-online.com\/sajti\/index.php?rest_route=\/wp\/v2\/media\/23491"}],"wp:attachment":[{"href":"https:\/\/ulqini-online.com\/sajti\/index.php?rest_route=%2Fwp%2Fv2%2Fmedia&parent=26227"}],"wp:term":[{"taxonomy":"category","embeddable":true,"href":"https:\/\/ulqini-online.com\/sajti\/index.php?rest_route=%2Fwp%2Fv2%2Fcategories&post=26227"},{"taxonomy":"post_tag","embeddable":true,"href":"https:\/\/ulqini-online.com\/sajti\/index.php?rest_route=%2Fwp%2Fv2%2Ftags&post=26227"}],"curies":[{"name":"wp","href":"https:\/\/api.w.org\/{rel}","templated":true}]}}