{"id":26224,"date":"2020-07-08T11:18:59","date_gmt":"2020-07-08T09:18:59","guid":{"rendered":"http:\/\/ulqini-online.com\/sajti\/?p=26224"},"modified":"2020-07-08T11:18:59","modified_gmt":"2020-07-08T09:18:59","slug":"genci-nga-ulqini-dhender-i-spilbergut","status":"publish","type":"post","link":"https:\/\/ulqini-online.com\/sajti\/?p=26224","title":{"rendered":"Genci nga Ulqini, dh\u00ebnd\u00ebr i Spilbergut"},"content":{"rendered":"\n<div class=\"wp-block-image\"><figure class=\"aligncenter size-large\"><img loading=\"lazy\" decoding=\"async\" width=\"640\" height=\"366\" src=\"https:\/\/ulqini-online.com\/sajti\/wp-content\/uploads\/2020\/07\/genci-nga-ulqini-dhender-spilbergut.jpeg\" alt=\"\" class=\"wp-image-26225\" srcset=\"https:\/\/ulqini-online.com\/sajti\/wp-content\/uploads\/2020\/07\/genci-nga-ulqini-dhender-spilbergut.jpeg 640w, https:\/\/ulqini-online.com\/sajti\/wp-content\/uploads\/2020\/07\/genci-nga-ulqini-dhender-spilbergut-300x172.jpeg 300w\" sizes=\"auto, (max-width: 640px) 100vw, 640px\" \/><\/figure><\/div>\n\n\n\n<p>Fejes\u00ebn e ka konfirmuar n\u00ebna e Gencit, Almina, n\u00eb nj\u00eb intervist\u00eb p\u00ebr albinfo.ch.<\/p>\n\n\n\n<p>Shum\u00eb shqiptar\u00eb vazhdojn\u00eb t\u00eb jen\u00eb t\u00eb suksessh\u00ebm n\u00eb diaspor\u00eb. Ata n\u00eb sektore t\u00eb ndryshme jan\u00eb b\u00ebr\u00eb t\u00eb njohur me pun\u00eb, duke mos harruar nj\u00ebkoh\u00ebsisht edhe identitetin komb\u00ebtar.<\/p>\n\n\n\n<p>Nj\u00ebri nd\u00ebr ta \u00ebsht\u00eb edhe Genc Legrandi. Ai \u00ebsht\u00eb nj\u00eb aktor n\u00eb SHBA.<\/p>\n\n\n\n<p>S\u00eb fundi ka b\u00ebr\u00eb buj\u00eb fejesa e tij me Destry Allyn, t\u00eb bij\u00ebn e regjisorit, producentit dhe skenaristit amerikan t\u00eb filmit, Steven Spielberg, i cili \u00ebsht\u00eb edhe fitues i shum\u00eb \u00e7mimeve Oscar si regjisori m\u00eb i mir\u00eb.<\/p>\n\n\n\n<p>Lajmin e ka konfirmuar Almina, n\u00ebna e Gencit, n\u00eb nj\u00eb bised\u00eb p\u00ebr albinfo.ch.<\/p>\n\n\n\n<p>\u201cPo, ata jan\u00eb fejuar, pasi jan\u00eb n\u00eb lidhje q\u00eb nj\u00eb koh\u00eb. Mund t\u00eb them se jan\u00eb n\u00eb lidhje q\u00eb nga viti 2017. Un\u00eb jam nga Ulqini dhe kemi emigruar n\u00eb Zvic\u00ebr, p\u00ebrkat\u00ebsisht Gjenev\u00eb. Genci n\u00eb vitin 2017 ka shkuar n\u00eb Shtetet e Bashkuara t\u00eb Amerik\u00ebs p\u00ebr t\u00eb studiuar dhe p\u00ebr t\u00eb vazhduar pasionin e tij p\u00ebr aktrimin. N\u00eb fillim ka qen\u00eb n\u00eb Nju Jork p\u00ebr t\u00eb kaluar m\u00eb pas n\u00eb Los Anxhelos, ku edhe ka diplomuar p\u00ebr aktrim. Genci \u00ebsht\u00eb i dh\u00ebn\u00eb shum\u00eb pasionit, ku ne si familje e kemi p\u00ebrkrahur gjithmon\u00eb, sidomos un\u00eb dhe burri im. Ka qen\u00eb edhe n\u00eb disa role dhe sigurisht e pr\u00eat nj\u00eb e ardhme e ndritur. Genci po ashtu \u00ebsht\u00eb nj\u00eb tip sportiv, ku merret me futboll, badminton, not dhe \u00e7ikliz\u00ebm. Po ashtu \u00ebsht\u00eb nj\u00eb piktor i mir\u00eb. Ai di mir\u00eb shqip, gjermanisht, anglisht dhe fr\u00ebngjisht\u201d, ka th\u00ebn\u00eb Almina p\u00ebr albinfo.ch.<\/p>\n\n\n\n<figure class=\"wp-block-image\"><a href=\"https:\/\/www.albinfo.ch\/wp-content\/uploads\/2020\/07\/33121539_1003075556518380_8796601018054868992_n.jpg\"><img decoding=\"async\" src=\"https:\/\/www.albinfo.ch\/wp-content\/uploads\/2020\/07\/33121539_1003075556518380_8796601018054868992_n.jpg\" alt=\"\" class=\"wp-image-392049\"\/><\/a><figcaption>Foto: Facebook<\/figcaption><\/figure>\n\n\n\n<figure class=\"wp-block-image\"><a href=\"https:\/\/www.albinfo.ch\/wp-content\/uploads\/2020\/07\/90771628_10213164001769431_606577659983429632_n.jpg\"><img decoding=\"async\" src=\"https:\/\/www.albinfo.ch\/wp-content\/uploads\/2020\/07\/90771628_10213164001769431_606577659983429632_n.jpg\" alt=\"\" class=\"wp-image-392037\"\/><\/a><figcaption>Foto: Facebook<\/figcaption><\/figure>\n\n\n\n<figure class=\"wp-block-image\"><a href=\"https:\/\/www.albinfo.ch\/wp-content\/uploads\/2020\/07\/87020516_10212881379944062_1002693641765912576_n.jpg\"><img decoding=\"async\" src=\"https:\/\/www.albinfo.ch\/wp-content\/uploads\/2020\/07\/87020516_10212881379944062_1002693641765912576_n.jpg\" alt=\"\" class=\"wp-image-392034\"\/><\/a><figcaption>Foto: Facebook<\/figcaption><\/figure>\n\n\n\n<figure class=\"wp-block-image\"><a href=\"https:\/\/www.albinfo.ch\/wp-content\/uploads\/2020\/07\/86448455_10212881378384023_8813987921842405376_n.jpg\"><img decoding=\"async\" src=\"https:\/\/www.albinfo.ch\/wp-content\/uploads\/2020\/07\/86448455_10212881378384023_8813987921842405376_n.jpg\" alt=\"\" class=\"wp-image-392031\"\/><\/a><figcaption>Foto: Facebook<\/figcaption><\/figure>\n","protected":false},"excerpt":{"rendered":"<p>Fejes\u00ebn e ka konfirmuar n\u00ebna e Gencit, Almina, n\u00eb nj\u00eb intervist\u00eb p\u00ebr albinfo.ch. Shum\u00eb shqiptar\u00eb vazhdojn\u00eb t\u00eb jen\u00eb t\u00eb suksessh\u00ebm n\u00eb diaspor\u00eb. Ata n\u00eb sektore t\u00eb ndryshme jan\u00eb b\u00ebr\u00eb t\u00eb njohur me pun\u00eb, duke mos harruar nj\u00ebkoh\u00ebsisht edhe identitetin komb\u00ebtar. Nj\u00ebri nd\u00ebr ta \u00ebsht\u00eb edhe Genc Legrandi. Ai \u00ebsht\u00eb nj\u00eb aktor n\u00eb SHBA. S\u00eb fundi [&hellip;]<\/p>\n","protected":false},"author":1,"featured_media":26225,"comment_status":"open","ping_status":"open","sticky":false,"template":"","format":"standard","meta":{"_seopress_robots_primary_cat":"","_seopress_titles_title":"","_seopress_titles_desc":"","_seopress_robots_index":"","footnotes":""},"categories":[2,13],"tags":[],"class_list":["post-26224","post","type-post","status-publish","format-standard","has-post-thumbnail","hentry","category-aktualitet","category-showbiz"],"_links":{"self":[{"href":"https:\/\/ulqini-online.com\/sajti\/index.php?rest_route=\/wp\/v2\/posts\/26224","targetHints":{"allow":["GET"]}}],"collection":[{"href":"https:\/\/ulqini-online.com\/sajti\/index.php?rest_route=\/wp\/v2\/posts"}],"about":[{"href":"https:\/\/ulqini-online.com\/sajti\/index.php?rest_route=\/wp\/v2\/types\/post"}],"author":[{"embeddable":true,"href":"https:\/\/ulqini-online.com\/sajti\/index.php?rest_route=\/wp\/v2\/users\/1"}],"replies":[{"embeddable":true,"href":"https:\/\/ulqini-online.com\/sajti\/index.php?rest_route=%2Fwp%2Fv2%2Fcomments&post=26224"}],"version-history":[{"count":1,"href":"https:\/\/ulqini-online.com\/sajti\/index.php?rest_route=\/wp\/v2\/posts\/26224\/revisions"}],"predecessor-version":[{"id":26226,"href":"https:\/\/ulqini-online.com\/sajti\/index.php?rest_route=\/wp\/v2\/posts\/26224\/revisions\/26226"}],"wp:featuredmedia":[{"embeddable":true,"href":"https:\/\/ulqini-online.com\/sajti\/index.php?rest_route=\/wp\/v2\/media\/26225"}],"wp:attachment":[{"href":"https:\/\/ulqini-online.com\/sajti\/index.php?rest_route=%2Fwp%2Fv2%2Fmedia&parent=26224"}],"wp:term":[{"taxonomy":"category","embeddable":true,"href":"https:\/\/ulqini-online.com\/sajti\/index.php?rest_route=%2Fwp%2Fv2%2Fcategories&post=26224"},{"taxonomy":"post_tag","embeddable":true,"href":"https:\/\/ulqini-online.com\/sajti\/index.php?rest_route=%2Fwp%2Fv2%2Ftags&post=26224"}],"curies":[{"name":"wp","href":"https:\/\/api.w.org\/{rel}","templated":true}]}}