{"id":25854,"date":"2020-05-29T17:02:42","date_gmt":"2020-05-29T15:02:42","guid":{"rendered":"http:\/\/ulqini-online.com\/sajti\/?p=25854"},"modified":"2020-05-29T17:02:42","modified_gmt":"2020-05-29T15:02:42","slug":"u-botua-numri-i-pare-i-buletinit-te-kuvendit-te-komunes-se-ulqinit","status":"publish","type":"post","link":"https:\/\/ulqini-online.com\/sajti\/?p=25854","title":{"rendered":"U botua numri i par\u00eb i Buletinit t\u00eb Kuvendit t\u00eb Komun\u00ebs s\u00eb Ulqinit"},"content":{"rendered":"\n<div class=\"wp-block-image\"><figure class=\"aligncenter size-large\"><img loading=\"lazy\" decoding=\"async\" width=\"640\" height=\"415\" src=\"https:\/\/ulqini-online.com\/sajti\/wp-content\/uploads\/2020\/05\/Buletini-Kuvendit-t\u00eb-Komun\u00ebs-s\u00eb-Ulqinit-rotated.jpg\" alt=\"\" class=\"wp-image-25855\" srcset=\"https:\/\/ulqini-online.com\/sajti\/wp-content\/uploads\/2020\/05\/Buletini-Kuvendit-t\u00eb-Komun\u00ebs-s\u00eb-Ulqinit-rotated.jpg 640w, https:\/\/ulqini-online.com\/sajti\/wp-content\/uploads\/2020\/05\/Buletini-Kuvendit-t\u00eb-Komun\u00ebs-s\u00eb-Ulqinit-300x195.jpg 300w\" sizes=\"auto, (max-width: 640px) 100vw, 640px\" \/><\/figure><\/div>\n\n\n\n<p><strong>Nga Gjek\u00eb Gjonaj<\/strong><\/p>\n\n\n\n<p>N\u00eb seanc\u00ebn e fundit t\u00eb&nbsp; parlamentit vendor t\u00eb Ulqinit, e cila filloi pun\u00ebn&nbsp; pardje , u publikua numri i par\u00eb&nbsp; i Buletinit t\u00eb Kuvendit t\u00eb Komun\u00ebs s\u00eb Ulqinit, ne gjuh\u00ebn shqipe dhe&nbsp; malazeze.<\/p>\n\n\n\n<p>Kryetari i Kuvendit dr. Ilri \u00c7apuni, duke qen\u00eb i vet\u00ebdijsh\u00ebm p\u00ebr&nbsp; vler\u00ebn e informacionit, ishte i bindur se&nbsp; botimi i nj\u00eb buletini t\u00eb rregullt \u00ebsht\u00eb hap &nbsp;i mir\u00ebseardhur p\u00ebr t\u00eb gjith\u00eb q\u00ebllimmir\u00ebt. Fakti se ky buletin u botua pas tridhjet\u00eb vitesh t\u00eb pluralizmit politik n\u00eb k\u00ebt\u00eb komun\u00eb flet mjaft p\u00ebr etablimin e rolit t\u00eb tij si nj\u00eb nga burimet e mundshme t\u00eb informacioneve&nbsp; t\u00eb k\u00ebtij isntitucioni t\u00eb r\u00ebnd\u00ebsish\u00ebm p\u00ebr qytetar\u00ebt e k\u00ebsaj komun\u00eb me shumic\u00eb shqiptare.<\/p>\n\n\n\n<p>Konceptimi i buletinit ka b\u00ebr\u00eb t\u00eb mundur&nbsp; pasqyrmimin&nbsp; e aktiviteteve t\u00eb Kuvendit t\u00eb Komun\u00ebs s\u00eb Ulqinit nga&nbsp; zgjedhjet lokale&nbsp; p\u00ebr k\u00ebshilltar\u00eb n\u00eb&nbsp; shkurt t\u00eb vitit 2018 deri n\u00eb dhjetor t\u00eb vitit 2019.&nbsp; P\u00ebrve\u00e7 fjal\u00ebs s\u00eb kryetarit t\u00eb Kuvendit, dr. Ilir \u00c7apuni&nbsp; k\u00ebtu gjenden sh\u00ebnimet e tij &nbsp;biografike &nbsp;&nbsp;dhe t\u00eb kryetarit &nbsp;t\u00eb Komun\u00ebs, Loro Nrekiq.<\/p>\n\n\n\n<p>N\u00eb vazhdim jan\u00eb trajtuar me kujdes Klubet e k\u00ebshilltar\u00ebve dhe p\u00ebrfaq\u00ebsuesit e tyre n\u00eb Kuvend, pastaj t\u00eb gjitha seancat dhe mbledhjet e Kuvendit gjat\u00eb dy viteteve t\u00eb&nbsp; kaluara.<\/p>\n\n\n\n<p>Pjes\u00eb e k\u00ebtij buletini jan\u00eb edhe&nbsp; aktivitetet&nbsp;&nbsp; tjera &nbsp;politike, kulturore dhe p\u00ebrkujtimore t\u00eb Kuvendit. Buletini , pra, \u00ebsht\u00eb nj\u00eb p\u00ebrmnbledhje periodike&nbsp; dy vjetore, infromataor i cili botohet n\u00ebn kujdesin&nbsp; dhe&nbsp; drejtimin e &nbsp;Sh\u00ebrbimit t\u00eb Kuvendit.<\/p>\n\n\n\n<p>Q\u00ebllimi i k\u00ebtij buletini, i cili kryersisht u dedikohet k\u00ebshilltar\u00ebve , \u00ebsht\u00eb t\u00eb ofroj\u00eb njohuri mbi&nbsp; aktivitetin&nbsp; q\u00eb b\u00ebn&nbsp; ky institucion komunal dhe t\u00eb jap\u00eb informacion p\u00ebr veprimtarin\u00eb e vet.&nbsp; Botuesi p\u00ebrmes k\u00ebtij buletini synon edhe zhvillimin e politikave&nbsp; efektive q\u00eb kontribuojn\u00eb n\u00eb fuqizimin e transparenc\u00ebs dhe llogaridh\u00ebnies.&nbsp;<\/p>\n","protected":false},"excerpt":{"rendered":"<p>Nga Gjek\u00eb Gjonaj N\u00eb seanc\u00ebn e fundit t\u00eb&nbsp; parlamentit vendor t\u00eb Ulqinit, e cila filloi pun\u00ebn&nbsp; pardje , u publikua numri i par\u00eb&nbsp; i Buletinit t\u00eb Kuvendit t\u00eb Komun\u00ebs s\u00eb Ulqinit, ne gjuh\u00ebn shqipe dhe&nbsp; malazeze. Kryetari i Kuvendit dr. Ilri \u00c7apuni, duke qen\u00eb i vet\u00ebdijsh\u00ebm p\u00ebr&nbsp; vler\u00ebn e informacionit, ishte i bindur se&nbsp; botimi [&hellip;]<\/p>\n","protected":false},"author":1,"featured_media":25855,"comment_status":"open","ping_status":"open","sticky":false,"template":"","format":"standard","meta":{"_seopress_robots_primary_cat":"","_seopress_titles_title":"","_seopress_titles_desc":"","_seopress_robots_index":"","footnotes":""},"categories":[2,4],"tags":[],"class_list":["post-25854","post","type-post","status-publish","format-standard","has-post-thumbnail","hentry","category-aktualitet","category-kronike"],"_links":{"self":[{"href":"https:\/\/ulqini-online.com\/sajti\/index.php?rest_route=\/wp\/v2\/posts\/25854","targetHints":{"allow":["GET"]}}],"collection":[{"href":"https:\/\/ulqini-online.com\/sajti\/index.php?rest_route=\/wp\/v2\/posts"}],"about":[{"href":"https:\/\/ulqini-online.com\/sajti\/index.php?rest_route=\/wp\/v2\/types\/post"}],"author":[{"embeddable":true,"href":"https:\/\/ulqini-online.com\/sajti\/index.php?rest_route=\/wp\/v2\/users\/1"}],"replies":[{"embeddable":true,"href":"https:\/\/ulqini-online.com\/sajti\/index.php?rest_route=%2Fwp%2Fv2%2Fcomments&post=25854"}],"version-history":[{"count":1,"href":"https:\/\/ulqini-online.com\/sajti\/index.php?rest_route=\/wp\/v2\/posts\/25854\/revisions"}],"predecessor-version":[{"id":25856,"href":"https:\/\/ulqini-online.com\/sajti\/index.php?rest_route=\/wp\/v2\/posts\/25854\/revisions\/25856"}],"wp:featuredmedia":[{"embeddable":true,"href":"https:\/\/ulqini-online.com\/sajti\/index.php?rest_route=\/wp\/v2\/media\/25855"}],"wp:attachment":[{"href":"https:\/\/ulqini-online.com\/sajti\/index.php?rest_route=%2Fwp%2Fv2%2Fmedia&parent=25854"}],"wp:term":[{"taxonomy":"category","embeddable":true,"href":"https:\/\/ulqini-online.com\/sajti\/index.php?rest_route=%2Fwp%2Fv2%2Fcategories&post=25854"},{"taxonomy":"post_tag","embeddable":true,"href":"https:\/\/ulqini-online.com\/sajti\/index.php?rest_route=%2Fwp%2Fv2%2Ftags&post=25854"}],"curies":[{"name":"wp","href":"https:\/\/api.w.org\/{rel}","templated":true}]}}