{"id":25828,"date":"2020-05-24T12:25:30","date_gmt":"2020-05-24T10:25:30","guid":{"rendered":"http:\/\/ulqini-online.com\/sajti\/?p=25828"},"modified":"2020-05-24T12:32:41","modified_gmt":"2020-05-24T10:32:41","slug":"me-fat-bajrami-lexoni-urimet-per-kete-feste","status":"publish","type":"post","link":"https:\/\/ulqini-online.com\/sajti\/?p=25828","title":{"rendered":"Me fat Bajrami! &#8211; Lexoni urimet p\u00ebr k\u00ebt\u00eb fest\u00eb"},"content":{"rendered":"\n<div class=\"wp-block-image\"><figure class=\"aligncenter size-large\"><img loading=\"lazy\" decoding=\"async\" width=\"600\" height=\"796\" src=\"https:\/\/ulqini-online.com\/sajti\/wp-content\/uploads\/2020\/05\/Xhamia-pinjesh-festa-bajramit.jpg\" alt=\"\" class=\"wp-image-25829\" srcset=\"https:\/\/ulqini-online.com\/sajti\/wp-content\/uploads\/2020\/05\/Xhamia-pinjesh-festa-bajramit.jpg 600w, https:\/\/ulqini-online.com\/sajti\/wp-content\/uploads\/2020\/05\/Xhamia-pinjesh-festa-bajramit-226x300.jpg 226w\" sizes=\"auto, (max-width: 600px) 100vw, 600px\" \/><figcaption>Xhamia e re n\u00eb Pinjesh t\u00eb Ulqinit, foto: Forca<\/figcaption><\/figure><\/div>\n\n\n\n<p>Besimtar\u00ebt t\u00eb fes\u00eb islame sot dhe p\u00ebr tre dit\u00eb me radh\u00eb festojn\u00eb Fest\u00ebn e Bajramit. P\u00ebr k\u00ebt\u00eb fest\u00eb urojn\u00eb subjektet e ndryshme politike q\u00eb veprojn\u00eb n\u00eb Komun\u00ebn e Ulqinit por edhe me gj\u00ebr\u00eb.<\/p>\n\n\n\n<p>K\u00ebtyre urimeve i bashkangjitet edhe web faqja Ulqini Online. M\u00eb sh\u00ebndet Bajrami!<\/p>\n\n\n\n<p>Urimet e subjekteve politike mund ti lexoni m\u00eb posht\u00eb!<\/p>\n\n\n\n<p><strong>Kryetari i kryetarit t\u00eb Komun\u00ebs s\u00eb Ulqinit Loro Nrekiqi me rastin e Fest\u00ebs s\u00eb Fit\u00ebr Bajramit<\/strong><\/p>\n\n\n\n<p>Urime Fit\u00ebr Bajrami!<\/p>\n\n\n\n<p>Kryetari I Ulqinit Loro Nrekiqi ka uruar besimtar\u00ebt musliman p\u00ebr fest\u00ebn e Fit\u00ebr Bajramit. ,Urime fest\u00ebn me d\u00ebshirat\u00a0 m\u00eb t\u00eb sinqerta\u00a0 p\u00ebr sh\u00ebndet, mir\u00ebqenie dhe harmoni n\u00eb familejt tuaja .Dit\u00ebt e mira si kjo, vijn\u00eb\u00a0 pas nj\u00eb p\u00ebrkushtimi dhe sakrificash. Fit\u00ebr Bajrami sjell fuqi t\u00eb madhe shpirt\u00ebrore , p\u00ebrforcon\u00a0 besimin e njer\u00ebzve\u00a0 n\u00eb t\u00eb mir\u00ebn , drejt\u00ebsin\u00eb dhe nxisin d\u00ebshir\u00ebn p\u00ebr respektim t\u00eb\u00a0 nd\u00ebrsjellt\u00eb, mir\u00ebkuptim e solidaritet. K\u00ebto jan\u00eb vlerat t\u00eb cilat\u00a0 \u00e7ojn\u00eb drejt nj\u00eb jete\u00a0 m\u00eb t\u00eb qet\u00eb\u00a0 dhe m\u00eb t\u00eb lumtur,, Qofshi \u00e7do her\u00eb t\u00eb lumtur dhe festofshim \u00e7do her\u00eb s\u00eb bashku.,,<\/p>\n\n\n\n<p><\/p>\n\n\n\n<p><strong>Urimi i Forc\u00ebs s\u00eb Re Demokratike me rastin e Fest\u00ebs s\u00eb Fit\u00ebr Bajramit<\/strong><\/p>\n\n\n\n<p>T\u00eb dashur besimtar\u00eb,<\/p>\n\n\n\n<p><br>Sot \u00ebsht\u00eb dita e fundit e nj\u00eb muaji p\u00ebrplot me lutje, m\u00ebshir\u00eb, bamir\u00ebsi, sakrific\u00eb e p\u00ebrpjekje p\u00ebr t\u2019i rifreskuar raportet me Zotin dhe t\u00eb af\u00ebrmit tuaj. Nj\u00ebkoh\u00ebsisht uroj q\u00eb Zoti i Lart\u00ebsuar t\u00eb ua ket\u00eb pranuar agj\u00ebrimin dhe t\u00eb gjitha veprat e mira gjat\u00eb k\u00ebtij muaji t\u00eb bekuar dhe gjithashtu t\u2019i shp\u00ebrblej\u00eb me t\u00eb mirat e Tij t\u00eb gjith\u00eb besimtar\u00ebt musliman.<\/p>\n\n\n\n<p>Prandaj, dua t\u00eb ju d\u00ebrgoj&nbsp; urimet m\u00eb t\u00eb ngrohta&nbsp; t\u00eb familjes sime dhe Forc\u00ebs s\u00eb Re Demokratike p\u00ebrmes nj\u00eb mesazhi q\u00eb reflekton nj\u00eb prej q\u00ebllimeve t\u00eb agj\u00ebrimit&nbsp; paqja, m\u00ebshira dhe dashuria mbizot\u00ebroft\u00eb mbi ju dhe familjet tuaja!<br><br><\/p>\n\n\n\n<p><strong>Urime Fit\u00ebr Bajrami!<\/strong><\/p>\n\n\n\n<p>Me respekt,<\/p>\n\n\n\n<p>Kryetar<\/p>\n\n\n\n<p>Nazif Cungu<\/p>\n\n\n\n<p><\/p>\n\n\n\n<p><\/p>\n\n\n\n<p><strong>Urimi i K\u00ebshillit Komb\u00ebtar t\u00eb Shqiptar\u00ebve me rastin e Fest\u00ebs s\u00eb Fit\u00ebr Bajramit<\/strong><\/p>\n\n\n\n<p>URIME BAJRAMIN!<\/p>\n\n\n\n<p>T\u00eb dashur bashk\u00ebkomb\u00ebs,<\/p>\n\n\n\n<p>K\u00ebshilli Komb\u00ebtar i Shqiptar\u00ebve n\u00eb Malin e Zi, uron fest\u00ebn e Fit\u00ebr Bajramit, t\u00eb gjith\u00eb besimtar\u00ebve t\u00eb fes\u00eb islame.<\/p>\n\n\n\n<p>Pas muajit t\u00eb Ramazanit, muaj q\u00eb simbolizon sakrific\u00ebn, bindjen, p\u00ebrkushtimin dhe solidaritetin njer\u00ebzor, p\u00ebr t\u00eb gjith\u00eb t\u00eb p\u00ebrkushtuarit ndaj urdh\u00ebrit t\u00eb Zotit, vjen si shp\u00ebrblim festa e Bajramit t\u00eb Madh, q\u00eb sjell vizita t\u00eb nd\u00ebrsjellta, urime e p\u00ebrsh\u00ebndetje nd\u00ebrmjet t\u00eb af\u00ebrmve, miq\u00ebve e shok\u00ebve.<\/p>\n\n\n\n<p>Shqiptar\u00ebt jan\u00eb t\u00eb bekuar nga Zoti, sepse momentet e festave fetare i shnd\u00ebrrojn\u00eb edhe n\u00eb festa komb\u00ebtare. N\u00eb raste t\u00eb tilla, shqiptar\u00ebt, pa dallim t\u00eb p\u00ebrkat\u00ebsis\u00eb fetare e krahinore, urojn\u00eb, p\u00ebrsh\u00ebndesin, vizitojn\u00eb dhe i gjinden m\u00eb pran\u00eb nj\u00ebri-tjetrit, kjo na ka sh\u00ebrbyer p\u00ebr t\u00eb ruajtur unitetin dhe identitetin ton\u00eb komb\u00ebtar.<\/p>\n\n\n\n<p>Besimitar\u00eb kudo q\u00eb ndodheni, uroj q\u00eb t\u00eb kaloni sa m\u00eb mir\u00eb fest\u00ebn e Bajramit, me sh\u00ebndet, harmoni, dashuri e begati p\u00ebr t\u00eb gjith\u00eb Ju.<\/p>\n\n\n\n<p>Zoti i bekoft\u00eb familjet Tuaja, Zoti e bekoft\u00eb kombin shqiptar!<\/p>\n\n\n\n<p>Urime!<\/p>\n\n\n\n<p>Kryetari<\/p>\n\n\n\n<p>Faik Nika<\/p>\n\n\n\n<p><\/p>\n\n\n\n<p><\/p>\n\n\n\n<p><\/p>\n\n\n\n<p><strong>Urimi i Lidhjes Demokratike n\u00eb Mal t\u00eb Zi me rastin e Fest\u00ebs s\u00eb Fit\u00ebr Bajramit<\/strong><\/p>\n\n\n\n<p>URIM ME RASTIN E FITER BAJRAMIT<\/p>\n\n\n\n<p>Pas nj\u00eb muaji agj\u00ebrim, lutje dhe falje n\u00eb kushte jo t\u00eb zakonshme, n\u00eb koh\u00eb pandemie, me plot sacrific\u00eb por nj\u00ebkoh\u00ebsisht edhe me vet\u00ebdiciplin\u00eb t\u00eb lart\u00eb, me \u00e7\u2019rast shum\u00eb aktivitete e detytime&nbsp; ishin t\u00eb reduktuara, gjithsesi me sukses, ashtu si i ka hije nj\u00eb besimtari t\u00eb devotsh\u00ebm, u d\u00ebshmua se me p\u00ebrkushtim mund t\u00eb promovojm\u00eb solidaritetin duke shtuar dashurin\u00eb edhe m\u00eb tep\u00ebr ndaj nj\u00ebri tjetrit, me besim t\u00eb konsoliduar e q\u00eb kuror\u00ebzohet me dit\u00ebt m\u00eb t\u00eb madh\u00ebrueshme t\u00eb FITER BAJRAMIT, p\u00ebr besimtar\u00ebt mysliman\u00eb.<\/p>\n\n\n\n<p>Kjo fest\u00eb e madhe na mbush t\u00eb gjith\u00ebve me shpres\u00eb, vullnet p\u00ebr t\u00eb dh\u00ebn\u00eb e p\u00ebr t\u2019iu gjendur sa m\u00eb af\u00ebr njer\u00ebzve n\u00eb nevoj\u00eb, p\u00ebr t\u2019iu zbutur sado pak v\u00ebshtir\u00ebsit\u00eb ekonomike, t\u00eb tregohemi zem\u00ebrgjer\u00eb e bujar\u00eb q\u00eb n\u00eb \u00e7do familje tryeza e Bajramit t\u00eb jet\u00eb plot\u00eb.<\/p>\n\n\n\n<p>P\u00ebrmes k\u00ebtij Urimi, nga zemra ju uroj t\u00eb gjith\u00ebve: besimtar\u00ebve mysliman\u00eb, n\u00eb ve\u00e7anti besimtar\u00ebve mysliman\u00eb shqiptar\u00eb nga t\u00eb gjitha trevat shqiptare dhe n\u00eb diaspor\u00eb t\u00eb cil\u00ebt n\u00eb respekt t\u00eb nj\u00ebri &#8211; tjetrit dhe p\u00ebr t\u00eb mir\u00ebn e vetes, festojn\u00eb Fiter Bajramin, Zoti ju pranoft\u00eb agj\u00ebrimin dhe sh\u00ebndet t\u00eb plot\u00eb n\u00eb familjet Tuaja<\/p>\n\n\n\n<p>G\u00ebzuar dhe p\u00ebr shum\u00eb vjet Fiter Bajramin.<\/p>\n\n\n\n<p>Kryetari,<\/p>\n\n\n\n<p>Saubih Mehmeti<\/p>\n","protected":false},"excerpt":{"rendered":"<p>Besimtar\u00ebt t\u00eb fes\u00eb islame sot dhe p\u00ebr tre dit\u00eb me radh\u00eb festojn\u00eb Fest\u00ebn e Bajramit. P\u00ebr k\u00ebt\u00eb fest\u00eb urojn\u00eb subjektet e ndryshme politike q\u00eb veprojn\u00eb n\u00eb Komun\u00ebn e Ulqinit por edhe me gj\u00ebr\u00eb. K\u00ebtyre urimeve i bashkangjitet edhe web faqja Ulqini Online. M\u00eb sh\u00ebndet Bajrami! Urimet e subjekteve politike mund ti lexoni m\u00eb posht\u00eb! Kryetari [&hellip;]<\/p>\n","protected":false},"author":1,"featured_media":25829,"comment_status":"open","ping_status":"open","sticky":false,"template":"","format":"standard","meta":{"_seopress_robots_primary_cat":"","_seopress_titles_title":"","_seopress_titles_desc":"","_seopress_robots_index":"","footnotes":""},"categories":[2,4],"tags":[],"class_list":["post-25828","post","type-post","status-publish","format-standard","has-post-thumbnail","hentry","category-aktualitet","category-kronike"],"_links":{"self":[{"href":"https:\/\/ulqini-online.com\/sajti\/index.php?rest_route=\/wp\/v2\/posts\/25828","targetHints":{"allow":["GET"]}}],"collection":[{"href":"https:\/\/ulqini-online.com\/sajti\/index.php?rest_route=\/wp\/v2\/posts"}],"about":[{"href":"https:\/\/ulqini-online.com\/sajti\/index.php?rest_route=\/wp\/v2\/types\/post"}],"author":[{"embeddable":true,"href":"https:\/\/ulqini-online.com\/sajti\/index.php?rest_route=\/wp\/v2\/users\/1"}],"replies":[{"embeddable":true,"href":"https:\/\/ulqini-online.com\/sajti\/index.php?rest_route=%2Fwp%2Fv2%2Fcomments&post=25828"}],"version-history":[{"count":2,"href":"https:\/\/ulqini-online.com\/sajti\/index.php?rest_route=\/wp\/v2\/posts\/25828\/revisions"}],"predecessor-version":[{"id":25831,"href":"https:\/\/ulqini-online.com\/sajti\/index.php?rest_route=\/wp\/v2\/posts\/25828\/revisions\/25831"}],"wp:featuredmedia":[{"embeddable":true,"href":"https:\/\/ulqini-online.com\/sajti\/index.php?rest_route=\/wp\/v2\/media\/25829"}],"wp:attachment":[{"href":"https:\/\/ulqini-online.com\/sajti\/index.php?rest_route=%2Fwp%2Fv2%2Fmedia&parent=25828"}],"wp:term":[{"taxonomy":"category","embeddable":true,"href":"https:\/\/ulqini-online.com\/sajti\/index.php?rest_route=%2Fwp%2Fv2%2Fcategories&post=25828"},{"taxonomy":"post_tag","embeddable":true,"href":"https:\/\/ulqini-online.com\/sajti\/index.php?rest_route=%2Fwp%2Fv2%2Ftags&post=25828"}],"curies":[{"name":"wp","href":"https:\/\/api.w.org\/{rel}","templated":true}]}}