{"id":25631,"date":"2020-05-03T12:22:34","date_gmt":"2020-05-03T10:22:34","guid":{"rendered":"http:\/\/ulqini-online.com\/sajti\/?p=25631"},"modified":"2020-05-03T12:27:28","modified_gmt":"2020-05-03T10:27:28","slug":"ne-16m2-dy-shtrirese-dhe-nje-cader-plazhi","status":"publish","type":"post","link":"https:\/\/ulqini-online.com\/sajti\/?p=25631","title":{"rendered":"K\u00ebt\u00eb vit n\u00eb plazhet e Ulqinit, n\u00eb 16m2 dy shtrir\u00ebse dhe nj\u00eb \u00e7ad\u00ebr plazhi"},"content":{"rendered":"\n<div class=\"wp-block-image\"><figure class=\"aligncenter size-large is-resized\"><img loading=\"lazy\" decoding=\"async\" src=\"https:\/\/ulqini-online.com\/sajti\/wp-content\/uploads\/2015\/07\/copacabana-ulqin-plazhi.jpg\" alt=\"\" class=\"wp-image-4392\" width=\"598\" height=\"449\" srcset=\"https:\/\/ulqini-online.com\/sajti\/wp-content\/uploads\/2015\/07\/copacabana-ulqin-plazhi.jpg 533w, https:\/\/ulqini-online.com\/sajti\/wp-content\/uploads\/2015\/07\/copacabana-ulqin-plazhi-300x225.jpg 300w\" sizes=\"auto, (max-width: 598px) 100vw, 598px\" \/><\/figure><\/div>\n\n\n\n<p>Sekretari i shtetit n\u00eb ministrin\u00eb e zhvillimit t\u00eb q\u00ebndruesh\u00ebm dhe turizmit t\u00eb Malit t\u00eb Zi Damir Davidoviq ka treguar p\u00ebr risit\u00eb q\u00eb do t\u00eb jen\u00eb n\u00eb plazhe gjat\u00eb k\u00ebtij viti. Ai poashtu shton se epidemiolog\u00ebt do t\u00eb vendosin kur do t\u00eb hapen kufijt\u00eb.<\/p>\n\n\n\n<p>Ai p\u00ebr tv prva sqaron se \u00ebsht\u00eb planifikuar t\u00eb hapen t\u00eb gjitha objektet hotelerike n\u00eb vend m\u00eb 18 maj dhe se tashm\u00eb jan\u00eb p\u00ebrgatitur standarde sh\u00ebndet\u00ebsore q\u00eb do t\u00eb duhet t\u00eb sigurohen p\u00ebr funksionimin e tyre t\u00eb sigurt.<\/p>\n\n\n\n<p>&#8220;Ne t\u00eb gjith\u00eb synojm\u00eb mbrojtjen e sh\u00ebndetit, dhe ne jemi m\u00ebsuar tashm\u00eb me standardin e ri t\u00eb distanc\u00ebs sociale q\u00eb do t\u00eb mbetet k\u00ebshtu derisa t\u00eb vihen n\u00eb dispozicion vaksinat,&#8221; tha Davidoviq , transmeton Ulqini Online.<\/p>\n\n\n\n<p>&#8220;Do t\u00eb jet\u00eb nj\u00eb lloj turizmi i ri, i kontrolluar,&#8221; thot\u00eb Davidoviq, duke shpjeguar se \u00e7ka do t\u00eb thot\u00eb kjo.<\/p>\n\n\n\n<p>&#8220;N\u00eb 16 metra katror\u00eb plazh, dy shtrir\u00ebse dhe nj\u00eb cad\u00ebr pazhi &nbsp;do t\u00eb lejohen, dhe e nj\u00ebjta do t\u00eb jet\u00eb edhe p\u00ebr ata q\u00eb duan t\u00eb q\u00ebndrojn\u00eb n\u00eb peshqir\u00ebt e tyre,&#8221; tha Davidoviq.<\/p>\n\n\n\n<p>Ai gjithashtu thot\u00eb se shtrir\u00ebset dhe pajisjet e tjera do t\u00eb dezinfektohen \u00e7do dit\u00eb sepse d\u00ebshira e t\u00eb gjith\u00ebve \u00ebsht\u00eb &#8220;t\u00eb ndjehen t\u00eb sigurt, por edhe t\u00eb mbajn\u00eb ndjenj\u00ebn e pushimit&#8221;.<\/p>\n\n\n\n<p>Sezoni n\u00eb Ulqin ndoshta edhe nuk do t\u00eb prek\u00ebt n\u00eb mas\u00eb t\u00eb madhe duke ditur q\u00eb mysafir\u00ebt kryesor dhe n\u00eb mas\u00ebn m\u00eb t\u00eb madhe n\u00eb qytetin ton\u00eb jan\u00eb t\u00eb vendeve fqinje.<\/p>\n","protected":false},"excerpt":{"rendered":"<p>Sekretari i shtetit n\u00eb ministrin\u00eb e zhvillimit t\u00eb q\u00ebndruesh\u00ebm dhe turizmit t\u00eb Malit t\u00eb Zi Damir Davidoviq ka treguar p\u00ebr risit\u00eb q\u00eb do t\u00eb jen\u00eb n\u00eb plazhe gjat\u00eb k\u00ebtij viti. Ai poashtu shton se epidemiolog\u00ebt do t\u00eb vendosin kur do t\u00eb hapen kufijt\u00eb. Ai p\u00ebr tv prva sqaron se \u00ebsht\u00eb planifikuar t\u00eb hapen t\u00eb gjitha [&hellip;]<\/p>\n","protected":false},"author":1,"featured_media":4392,"comment_status":"open","ping_status":"open","sticky":false,"template":"","format":"standard","meta":{"_seopress_robots_primary_cat":"","_seopress_titles_title":"","_seopress_titles_desc":"","_seopress_robots_index":"","footnotes":""},"categories":[2,9],"tags":[2650],"class_list":["post-25631","post","type-post","status-publish","format-standard","has-post-thumbnail","hentry","category-aktualitet","category-turizem","tag-plazh-i-ulqinit"],"_links":{"self":[{"href":"https:\/\/ulqini-online.com\/sajti\/index.php?rest_route=\/wp\/v2\/posts\/25631","targetHints":{"allow":["GET"]}}],"collection":[{"href":"https:\/\/ulqini-online.com\/sajti\/index.php?rest_route=\/wp\/v2\/posts"}],"about":[{"href":"https:\/\/ulqini-online.com\/sajti\/index.php?rest_route=\/wp\/v2\/types\/post"}],"author":[{"embeddable":true,"href":"https:\/\/ulqini-online.com\/sajti\/index.php?rest_route=\/wp\/v2\/users\/1"}],"replies":[{"embeddable":true,"href":"https:\/\/ulqini-online.com\/sajti\/index.php?rest_route=%2Fwp%2Fv2%2Fcomments&post=25631"}],"version-history":[{"count":4,"href":"https:\/\/ulqini-online.com\/sajti\/index.php?rest_route=\/wp\/v2\/posts\/25631\/revisions"}],"predecessor-version":[{"id":25635,"href":"https:\/\/ulqini-online.com\/sajti\/index.php?rest_route=\/wp\/v2\/posts\/25631\/revisions\/25635"}],"wp:featuredmedia":[{"embeddable":true,"href":"https:\/\/ulqini-online.com\/sajti\/index.php?rest_route=\/wp\/v2\/media\/4392"}],"wp:attachment":[{"href":"https:\/\/ulqini-online.com\/sajti\/index.php?rest_route=%2Fwp%2Fv2%2Fmedia&parent=25631"}],"wp:term":[{"taxonomy":"category","embeddable":true,"href":"https:\/\/ulqini-online.com\/sajti\/index.php?rest_route=%2Fwp%2Fv2%2Fcategories&post=25631"},{"taxonomy":"post_tag","embeddable":true,"href":"https:\/\/ulqini-online.com\/sajti\/index.php?rest_route=%2Fwp%2Fv2%2Ftags&post=25631"}],"curies":[{"name":"wp","href":"https:\/\/api.w.org\/{rel}","templated":true}]}}