{"id":25276,"date":"2020-03-31T12:38:13","date_gmt":"2020-03-31T10:38:13","guid":{"rendered":"http:\/\/ulqini-online.com\/sajti\/?p=25276"},"modified":"2020-03-31T12:38:13","modified_gmt":"2020-03-31T10:38:13","slug":"per-nje-armepushim-politik-ne-boten-shqiptare-perballe-luftes-se-vertete-boterore-kunder-koronavirusi","status":"publish","type":"post","link":"https:\/\/ulqini-online.com\/sajti\/?p=25276","title":{"rendered":"P\u00cbR NJ\u00cb \u201cARM\u00cbPUSHIM\u201d POLITIK N\u00cb BOT\u00cbN SHQIPTARE, P\u00cbRBALL\u00cb LUFT\u00cbS S\u00cb V\u00cbRTET\u00cb BOT\u00cbRORE KUND\u00cbR KORONAVIRUSI"},"content":{"rendered":"\n<div class=\"wp-block-image\"><figure class=\"aligncenter size-large\"><img loading=\"lazy\" decoding=\"async\" width=\"640\" height=\"382\" src=\"https:\/\/ulqini-online.com\/sajti\/wp-content\/uploads\/2018\/02\/Prishtina-flamuri.jpg\" alt=\"\" class=\"wp-image-17865\" srcset=\"https:\/\/ulqini-online.com\/sajti\/wp-content\/uploads\/2018\/02\/Prishtina-flamuri.jpg 640w, https:\/\/ulqini-online.com\/sajti\/wp-content\/uploads\/2018\/02\/Prishtina-flamuri-300x179.jpg 300w\" sizes=\"auto, (max-width: 640px) 100vw, 640px\" \/><figcaption>Prishtina<\/figcaption><\/figure><\/div>\n\n\n\n<p>\u00a0Frank Shkreli<\/p>\n\n\n\n<p>Jav\u00ebn\nq\u00eb kaloi, Sekretari i P\u00ebrgjith\u00ebsh\u00ebm i Organizat\u00ebs s\u00eb Kombeve t\u00eb Bashkuara,\n(OKB-s\u00eb) Antonio Gutierres b\u00ebri thirrje p\u00ebr nj\u00eb arm\u00ebpushim global, me q\u00ebllim q\u00eb\nbota t\u00eb p\u00ebrqendrohet n\u00eb at\u00eb q\u00eb ai e cil\u00ebsoi si, \u201cluft\u00ebn ton\u00eb t\u00eb v\u00ebrtet\u00eb\u201d,\nkund\u00ebr koronavirusit, armikut t\u00eb p\u00ebrbashk\u00ebt, i cili tani po k\u00ebrc\u00ebnon mbar\u00eb\nnjer\u00ebzimin.<\/p>\n\n\n\n<p>\u201cShp\u00ebrthimi i koronavirusit ilustron marr\u00ebzin\u00eb e luft\u00ebs\u201d dhe\nkonflikteve, tha udh\u00ebheq\u00ebsi i organizat\u00ebs bot\u00ebrore.&nbsp; \u201cKjo \u00ebsht\u00eb arsyeja pse sot po b\u00ebj thirrje p\u00ebr\nnj\u00eb arm\u00ebpushim t\u00eb menj\u00ebher\u00ebsh\u00ebm global, n\u00eb t\u00eb kat\u00ebr an\u00ebt e bot\u00ebs. &nbsp;Ka ardhur koha q\u00eb t\u2019u jepet fund konflikteve\nt\u00eb armatosura dhe t\u00eb p\u00ebqendrohemi t\u00eb gjith\u00eb s\u00eb bashku n\u00eb luft\u00ebn p\u00ebr shp\u00ebtimin e\njet\u00ebve tona\u201d, \u00ebsht\u00eb shprehur Antonio Gutierres. &nbsp;Shefi i OKB-s\u00eb n\u00ebnvijoi faktin se koronavirusi\n(COVID-19) nuk dallon njer\u00ebzit q\u00eb prek p\u00ebr nga komb\u00ebsia, etniciteti, as nga\nndryshimet dhe dallimet midis popujve dhe individ\u00ebve, por i sulmon t\u00eb gjith\u00eb,\npa dallim dhe pa m\u00ebshir\u00eb.&nbsp; Antonio\nGutierrez u b\u00ebri thirrje pal\u00ebve n\u00eb konlikt, q\u00eb t\u00eb t\u00ebrhiqen nga konfliktet dhe\nt\u00eb l\u00ebn\u00eb m\u00ebnjan\u00eb armiq\u00ebsit\u00eb dhe mosbesimin ndaj nj\u00ebri tjetrit.&nbsp; Ndalimi i konflikteve kudo qoft\u00eb, \u00ebsht\u00eb gj\u00ebja\np\u00ebr t\u00eb cil\u00ebn familja njer\u00ebzore ka nevoj\u00eb sot m\u00eb shum\u00eb se kurr\u00eb, p\u00ebr t\u00eb luftuar\nk\u00ebt\u00eb s\u00ebmundje q\u00eb po shkund\u00eb bot\u00ebn, ka th\u00ebn\u00eb Antonio Guitierrez.<\/p>\n\n\n\n<p>Thirrjes s\u00eb Sekretarit t\u00eb P\u00ebrgjith\u00ebsh\u00ebm t\u00eb Kombeve t\u00eb Bashkuara\np\u00ebr nj\u00eb armpushim global dhe p\u00ebr ndalimin e konflikteve n\u00eb mbar\u00eb bot\u00ebn, iu\nbashkua edhe Papa Fran\u00e7esku i cili, dit\u00ebt e fundit, b\u00ebri thirrje p\u00ebr bashkim\ndhe solidaritet, p\u00ebrball\u00eb k\u00ebsaj murtaje.&nbsp;\n\u201cShpresoj q\u00eb lufta jon\u00eb e p\u00ebrbashk\u00ebt kund\u00ebr koronavirusit t\u00eb na kujtoj\u00eb\ndhe t\u00eb na bind\u00eb p\u00ebr nevoj\u00ebn e madhe p\u00ebr t\u00eb forcuar lidhjet tona v\u00ebllaz\u00ebrore, si\nan\u00ebtar\u00eb t\u00eb nj\u00eb familjeje njer\u00ebzore\u201d, ka th\u00ebn\u00eb Papa, duke thek\u00ebsuar se\n\u201cVe\u00e7an\u00ebrisht, shpresojm\u00eb q\u00eb lufta kund\u00ebr koronavirusit t\u00eb frym\u00ebzoj\u00eb nj\u00eb\nangazhim t\u00eb ri p\u00ebr m\u00ebnjanimin e konflikteve n\u00eb radh\u00ebt e udh\u00ebheq\u00ebsve t\u00eb vendeve\ndhe t\u00eb pal\u00ebve t\u00eb ndryshme t\u00eb bot\u00ebs, t\u00eb p\u00ebrziera n\u00eb konflikte\u201d, duke thek\u00ebsuar\nse, antagonizmat dhe ndryshimet q\u00eb shkaktojn\u00eb konflikte midis pal\u00ebve dhe\nindivid\u00ebve, \u201cduhet t\u00eb zhduken nep\u00ebrmjet dialogut dhe p\u00ebrpjekjeve konstruktive\np\u00ebr pajtim dhe p\u00ebr paq\u00eb midis individ\u00ebve dhe vendeve, \u00ebsht\u00eb shprehur udh\u00ebheq\u00ebsi\nshpirt\u00ebror i Kish\u00ebs Katolike, Papa Fran\u00e7esku.<\/p>\n\n\n\n<p>Mesazhi i Shefit t\u00eb OKB-s\u00eb dhe Pap\u00ebs, p\u00ebr ndalimin e konflikteve\ndhe p\u00ebr armpushim n\u00eb k\u00ebt\u00eb koh\u00eb, i \u00ebsht\u00eb drejtuar udh\u00ebheq\u00ebsve t\u00eb vendeve t\u00eb\nbot\u00ebs &#8212; pothuaj 180 gjithsejt prej tyre &#8212; t\u00eb prekura nga koronavirusi. &nbsp;Por duke lexuar mesazhet e tyre, domosdo,\n\u201cgjuha shkon ku t\u00eb dh\u00ebmb dh\u00ebmbi\u201d, atje tek klasa politike shqiptare dhe tek\nkonfliktet e tyre t\u00eb fundit p\u00ebr pushtet, n\u00eb Shqip\u00ebri dhe n\u00eb Kosov\u00eb \u2013 e sidomos\nn\u00eb Kosov\u00eb, k\u00ebto dit\u00eb me rreximin e qeveris Kurti &#8212; madje edhe n\u00eb k\u00ebt\u00eb periudh\u00eb\nkur bota \u00ebsht\u00eb e p\u00ebrqendruar n\u00eb luft\u00ebn kund\u00ebr p\u00ebrhapjes s\u00eb koronavirusit. <\/p>\n\n\n\n<p>N\u00eb vend q\u00eb n\u00eb k\u00ebt\u00eb moment t\u00eb kemi bashkim dhe solidaritet n\u00eb\nradh\u00ebt e klas\u00ebs politike shqiptare, p\u00ebrball\u00eb luft\u00ebs kund\u00ebr koronavirusit, si\u00e7\nb\u00ebjn\u00eb thirrje Shefi i OKB-s\u00eb, Antonio Gutierres dhe Papa Fran\u00e7esku &#8212; sidomos\nn\u00eb Prishtin\u00eb, por pa p\u00ebrjashtuar edhe Tiran\u00ebn zyrtare, gjat\u00eb k\u00ebsaj kohe \u00ebsht\u00eb\narritur, fatkeq\u00ebsisht, kulmi i konflikteve politike \u2013 konflikte k\u00ebto q\u00eb \u00e7uan,\nkoh\u00ebt e fundit, n\u00eb rr\u00ebximin e qeveris\u00eb s\u00eb Kryeministrit Albin Kurtit nga\nKuvendi i Republik\u00ebs s\u00eb Kosov\u00ebs.&nbsp; N\u00eb vend\nq\u00eb qeveria e re prej vet\u00ebm pes\u00eb jav\u00ebsh e Kryeministrit Kurti t\u00eb p\u00ebrballej me\nmobilizimin e shoq\u00ebris\u00eb p\u00ebr t\u2019iu p\u00ebrgjigjur k\u00ebsaj krize serioze sh\u00ebndet\u00ebsore\np\u00ebr kombin dhe p\u00ebr bot\u00ebn, e nj\u00ebkoh\u00ebsisht t\u00eb minimizonte efektet e k\u00ebsaj\ns\u00ebmundjeje t\u00eb r\u00ebnd\u00eb n\u00eb ekonomin\u00eb dhe n\u00eb jet\u00ebn e p\u00ebrgjithsh\u00ebme t\u00eb vendit \u2013ajo qeveri \u00ebsht\u00eb rr\u00ebzuar n\u00eb momentin m\u00eb t\u00eb\npap\u00ebrshtatsh\u00ebm p\u00ebr Kosov\u00ebn, duke i shkaktuar vendit edhe nj\u00eb traum\u00eb t\u00eb r\u00ebnd\u00eb\npolitiko-ekonomike, mos ndoshta edhe m\u00eb t\u00eb keqe p\u00ebr stabilitetin, sigurin\u00eb dhe\npaq\u00ebn afatgjat\u00eb t\u00eb vendit &#8212; p\u00ebrve\u00e7 s\u00ebmundjes s\u00eb pam\u00ebshir\u00ebshme t\u00eb\nkoronavirusit.<\/p>\n\n\n\n<p>\u00cbsht\u00eb v\u00ebshtir\u00eb t\u00eb thuhet se cila kriz\u00eb, m\u00eb n\u00eb fund,do\u00a0 t\u00eb ket\u00eb pasoja m\u00eb t\u00eb rrezikshme p\u00ebr Kosov\u00ebn, ajo e koronavirusit a po rreziku i p\u00ebrbrendsh\u00ebm, i shkaktuar nga rr\u00ebximi i qeveris\u00eb Kurti dhe nga konfliktet politike t\u00eb pafund, p\u00ebr t\u00eb cilat njihet klasa politike shqiptare.\u00a0 Un\u00eb e thash\u00eb para disa dit\u00ebve, n\u00eb nj\u00eb shkrim modest,se di\u00e7ka nuk \u00ebsht\u00eb n\u00eb rregull me politik\u00ebn shqiptare n\u00eb Prishtin\u00eb dhe se kjo nuk ishte koha t\u00eb rr\u00ebxohej qeveria e Kryeministrit Kurti. \u00a0Kriza aktuale politike n\u00eb Prishtin\u00eb, tregon gjithashtu se di\u00e7ka nuk \u00ebsht\u00eb n\u00eb rregull as me politik\u00ebn e Tiran\u00ebs zyrtare karshi Kosov\u00ebs, se me politik\u00ebn komb\u00ebtare, n\u00eb p\u00ebrgjith\u00ebsi, jo se jo.\u00a0 P\u00ebr m\u00eb tep\u00ebr, \u00a0jam dakort gjithashtu edhe me Kongresmenin e njohur amerikan dhe mb\u00ebshtet\u00ebsin e vjet\u00ebr t\u00eb \u00e7\u00ebshtjeve shqiptare, sidomos Kosov\u00ebs, Eliot Engel, se si p\u00ebrfundim i veprimtarive t\u00eb fundit i t\u00eb d\u00ebrguarit t\u00eb Presidentit Trump p\u00ebr Kosov\u00ebn, ambasadorit, Richard Grenell \u2013 di\u00e7ka nuk \u00ebsht\u00eb n\u00eb rregull as me politik\u00ebn amerikane, t\u00eb koh\u00ebve t\u00eb fundit, karshi Kosov\u00ebs.<\/p>\n\n\n\n<p>Di\u00e7ka nuk shkon k\u00ebtu!\nDikush n\u00eb Prishtin\u00eb dhe n\u00eb Tiran\u00eb duhet t\u00eb jap\u00eb llogari se si kemi ardhur deri\ntek ky lamsh, t\u00eb cilit \u00ebsht\u00eb v\u00ebshtir\u00eb t\u2019i gj\u00ebndet filli, p\u00ebrsa u p\u00ebrket\nmarr\u00ebdh\u00ebnieve t\u00eb shk\u00eblqyeshme t\u00eb deritanishme midis Shteteve t\u00eb Bashkuara me\nKosov\u00ebn.&nbsp; Kosova gj\u00ebndet p\u00ebrball\u00eb nj\u00eb\nsituate pothuaj apokaliptike si shtet i pavarur e sovran.&nbsp; Shtetet e Bashkuara, q\u00eb dikur flisnin me nj\u00eb\nz\u00eb t\u00eb fuqish\u00ebm n\u00eb favor t\u00eb Kosov\u00ebs, tani kan\u00eb dy p\u00ebrfaqsues zyrtar, q\u00eb &nbsp;n\u00eb sip\u00ebrfaqe duket sikur nuk ndjekin aspak nj\u00eb\npolitik\u00eb t\u00eb bashkrenduar: nj\u00ebri p\u00ebrfaqsues i Sht\u00ebpis\u00eb Bardh\u00eb e tjetri i\nDepartamentit t\u00eb Shtetit, p\u00ebrfshir\u00eb edhe disa z\u00ebdh\u00ebn\u00ebs t\u00eb tjer\u00eb amerikan\u00eb t\u00eb\ncil\u00ebt nuk duhej t\u00eb flisnin fare p\u00ebr Kosov\u00ebn. &nbsp;T\u00eb pak\u00ebn, publikisht, k\u00ebta gjithnj\u00eb shprehen\nsi mb\u00ebshtet\u00ebs t\u00eb Kosov\u00ebs, megjith\u00ebse deklaratat e tyre, nganj\u00ebher\u00eb\nkontradiktore, jan\u00eb gjithnj\u00eb e m\u00eb v\u00ebshtira t\u2019u besojm\u00eb. <\/p>\n\n\n\n<p>Situata \u00ebsht\u00eb edhe m\u00eb\nkeq me marr\u00ebdh\u00ebniet e Kosov\u00ebs me Bashkimin Evropian. Brukseli ka n\u00eb krye t\u00eb\npolitik\u00ebs s\u00eb jashtme nj\u00eb individ q\u00eb n\u00eb t\u00eb kaluar\u00ebn \u00ebsht\u00eb shprehur kund\u00ebr\npavar\u00ebsis\u00eb s\u00eb Kosov\u00ebs dhe i cili vjen nga nj\u00eb vend q\u00eb ende nuk e ka njohur\nshtetin e Kosov\u00ebs.&nbsp; P\u00ebr m\u00eb tep\u00ebr, koh\u00ebt e\nfundit, duke ven\u00eb nj\u00eb qershi mbi tort\u00ebn e marr\u00ebdh\u00ebnieve me Kosov\u00ebn, BE-ja ka\npropozuar nj\u00eb p\u00ebrfaqsues t\u00eb posa\u00e7\u00ebm p\u00ebr t\u00eb ashtuquajturin dialog Kosov\u00eb-Serbi.&nbsp; Edhe ai, si bosi i tij q\u00eb e ka p\u00ebrzgjedhur n\u00eb\nat\u00eb post, \u00ebsht\u00eb nj\u00eb mohues i pavar\u00ebsis\u00eb s\u00eb Kosov\u00ebs dhe rrjedh nga nj\u00eb vend i\nBE-s\u00eb, q\u00eb gjithashtu nuk e njeh ende pavar\u00ebsin\u00eb e Kosov\u00ebs.&nbsp; <\/p>\n\n\n\n<p>Por ka edhe m\u00eb keq,\nTirana zyrtare, nep\u00ebrmjet Kryeministrit t\u00eb vendit, q\u00eb dikur fliste n\u00eb em\u00ebr t\u00eb\nKosov\u00ebs me mburrje dhe patriotiz\u00ebm, nd\u00ebrsa her\u00eb tjera hidhte gurin e fshihte\ndor\u00ebn n\u00eb k\u00ebt\u00eb drejtim, tashti kemi vet\u00ebm heshtje nga shteti am\u00eb p\u00ebr ato q\u00eb po\nndodhin me Kosov\u00ebn, n\u00eb nivel komb\u00ebtar dhe nd\u00ebrkomb\u00ebtar. <\/p>\n\n\n\n<p>Kam droj\u00eb se d\u00ebmi \u00ebsht\u00eb b\u00ebr\u00eb dhe m\u00eb\ne keqja q\u00eb mund t\u00eb ket\u00eb ndodhur nuk ka m\u00eb k\u00ebthes\u00eb.&nbsp; Kini ven\u00eb re gjtihashtu se edhe Beogradi e\nMoska zyrtare heshtin p\u00ebr gj\u00ebndjen e krijuar politike n\u00eb Kosov\u00eb.&nbsp; Rusia dhe Serbia me bashkpuntor\u00ebt e tyre n\u00eb\nradh\u00ebt e shqiptar\u00ebve dhe me miq\u00ebt e tyre nd\u00ebrkomb\u00ebtar\u00eb e kan\u00eb hedhur Kosov\u00ebn n\u00eb\nkurth\u00eb \u2013 n\u00eb nivel komb\u00ebtar dhe nd\u00ebrkomb\u00ebtar \u2013 ashtu si\u00e7 u duhet dhe ku e\nduan:t\u00eb p\u00ebr\u00e7ar\u00eb dhe t\u00eb ndar\u00eb brenda vetes dhe t\u00eb izoluar nd\u00ebrkomb\u00ebtarisht! <\/p>\n\n\n\n<p>Si rrjedhim, Kosova\ndhe mbar\u00eb shqiptaria, nuk i ka pasur kurr m\u00eb keq pun\u00ebt n\u00eb k\u00ebto 30-vjet\npost-komuniz\u00ebm! &nbsp;Si rrjedhim dhe para se\nt\u00eb keq\u00ebsohen pun\u00ebt edhe m\u00eb tep\u00ebr, \u00ebsht\u00eb e nevojsh\u00ebm nj\u00eb reflektim i p\u00ebrmasave\nkomb\u00ebtare dhe nj\u00eb k\u00ebthim prej 180 grad\u00ebsh.&nbsp;\nUroj q\u00eb n\u00eb k\u00ebt\u00eb periudh\u00eb lufte kund\u00ebr koronavirusit, t\u00eb p\u00ebrfillni\nthirrjen e Shefit t\u00eb OKB-s\u00eb dhe Pap\u00ebs, p\u00ebr bashkim dhe solidaritet v\u00ebllaz\u00ebror me\nshpres\u00ebn se lufta kund\u00ebr koronavirusit do t\u2019ju frym\u00ebzoj\u00eb p\u00ebr nj\u00eb angazhim t\u00eb ri\np\u00ebr m\u00ebnjanimin e konflikteve. &nbsp;Q\u00eb n\u00eb vend t\u00eb konflikteve politike t\u00eb pafund \u2013\np\u00ebr hir t\u00eb atij populli t\u00eb vuajtur &#8211;t\u00eb merreni me sfidat serioze me t\u00eb cilat\np\u00ebrballet Kombi shqiptar, p\u00ebrfshir\u00eb kriz\u00ebn aktuale t\u00eb koronavirusit. &nbsp;&nbsp;Koronavirusi nuk njeh PDK, LDK, Vetvendosje, Parti\nSocialiste, Parti Demokrate e ku ta dij\u00eb un\u00eb se sa dyzina partish\u00eb t\u00eb tjera. &nbsp;Ky \u00ebsht\u00eb momenti q\u00eb k\u00ebrkon bashkim dhe\nsolidaritet, pik\u00ebspari midis shqiptar\u00ebrve me nj\u00ebri tjetrin, por edhe m\u00eb\ngj\u00ebr\u00eb.&nbsp; Nuk\nmund t\u00eb presim q\u00eb faktori nd\u00ebrkomb\u00ebtar t\u00eb jet\u00eb i bashkuar me nj\u00eb q\u00ebndrim p\u00ebr\nfatin e Kosov\u00ebs dhe t\u00eb Shqip\u00ebris\u00eb, kur vet\u00eb shqiptar\u00ebt jan\u00eb t\u00eb ndar\u00eb e t\u00eb\npercar\u00eb p\u00ebr t\u00eb ardhmen e vet. &nbsp;Nuk\n\u00ebsht\u00eb p\u00ebr t\u2019u habitur pra, q\u00eb sjelljet e nd\u00ebrkomb\u00ebtar\u00ebve me Kosov\u00ebn dhe me\nShqip\u00ebrin\u00eb, thjesht\u00eb, reflektojn\u00eb atmosfer\u00ebn politike t\u00eb grindjeve t\u00eb pafund,\nn\u00eb radh\u00ebt e klas\u00ebs politike t\u00eb dy shteteve shqiptare!<\/p>\n\n\n\n<p>Frank Shkreli<\/p>\n","protected":false},"excerpt":{"rendered":"<p>\u00a0Frank Shkreli Jav\u00ebn q\u00eb kaloi, Sekretari i P\u00ebrgjith\u00ebsh\u00ebm i Organizat\u00ebs s\u00eb Kombeve t\u00eb Bashkuara, (OKB-s\u00eb) Antonio Gutierres b\u00ebri thirrje p\u00ebr nj\u00eb arm\u00ebpushim global, me q\u00ebllim q\u00eb bota t\u00eb p\u00ebrqendrohet n\u00eb at\u00eb q\u00eb ai e cil\u00ebsoi si, \u201cluft\u00ebn ton\u00eb t\u00eb v\u00ebrtet\u00eb\u201d, kund\u00ebr koronavirusit, armikut t\u00eb p\u00ebrbashk\u00ebt, i cili tani po k\u00ebrc\u00ebnon mbar\u00eb njer\u00ebzimin. \u201cShp\u00ebrthimi i koronavirusit [&hellip;]<\/p>\n","protected":false},"author":1,"featured_media":17865,"comment_status":"open","ping_status":"open","sticky":false,"template":"","format":"standard","meta":{"_seopress_robots_primary_cat":"","_seopress_titles_title":"","_seopress_titles_desc":"","_seopress_robots_index":"","footnotes":""},"categories":[2,12],"tags":[],"class_list":["post-25276","post","type-post","status-publish","format-standard","has-post-thumbnail","hentry","category-aktualitet","category-opinione"],"_links":{"self":[{"href":"https:\/\/ulqini-online.com\/sajti\/index.php?rest_route=\/wp\/v2\/posts\/25276","targetHints":{"allow":["GET"]}}],"collection":[{"href":"https:\/\/ulqini-online.com\/sajti\/index.php?rest_route=\/wp\/v2\/posts"}],"about":[{"href":"https:\/\/ulqini-online.com\/sajti\/index.php?rest_route=\/wp\/v2\/types\/post"}],"author":[{"embeddable":true,"href":"https:\/\/ulqini-online.com\/sajti\/index.php?rest_route=\/wp\/v2\/users\/1"}],"replies":[{"embeddable":true,"href":"https:\/\/ulqini-online.com\/sajti\/index.php?rest_route=%2Fwp%2Fv2%2Fcomments&post=25276"}],"version-history":[{"count":1,"href":"https:\/\/ulqini-online.com\/sajti\/index.php?rest_route=\/wp\/v2\/posts\/25276\/revisions"}],"predecessor-version":[{"id":25277,"href":"https:\/\/ulqini-online.com\/sajti\/index.php?rest_route=\/wp\/v2\/posts\/25276\/revisions\/25277"}],"wp:featuredmedia":[{"embeddable":true,"href":"https:\/\/ulqini-online.com\/sajti\/index.php?rest_route=\/wp\/v2\/media\/17865"}],"wp:attachment":[{"href":"https:\/\/ulqini-online.com\/sajti\/index.php?rest_route=%2Fwp%2Fv2%2Fmedia&parent=25276"}],"wp:term":[{"taxonomy":"category","embeddable":true,"href":"https:\/\/ulqini-online.com\/sajti\/index.php?rest_route=%2Fwp%2Fv2%2Fcategories&post=25276"},{"taxonomy":"post_tag","embeddable":true,"href":"https:\/\/ulqini-online.com\/sajti\/index.php?rest_route=%2Fwp%2Fv2%2Ftags&post=25276"}],"curies":[{"name":"wp","href":"https:\/\/api.w.org\/{rel}","templated":true}]}}