{"id":24098,"date":"2019-10-30T08:30:04","date_gmt":"2019-10-30T07:30:04","guid":{"rendered":"http:\/\/ulqini-online.com\/sajti\/?p=24098"},"modified":"2019-10-30T08:30:04","modified_gmt":"2019-10-30T07:30:04","slug":"protestat-ane-e-mbane-botes-dhe-politikanet-e-papergjegjeshem","status":"publish","type":"post","link":"https:\/\/ulqini-online.com\/sajti\/?p=24098","title":{"rendered":"PROTESTAT AN\u00cb E MBAN\u00cb BOT\u00cbS DHE POLITIKAN\u00cbT E PAP\u00cbRGJEGJ\u00cbSH\u00cbM"},"content":{"rendered":"\n<div class=\"wp-block-image\"><figure class=\"aligncenter is-resized\"><img loading=\"lazy\" decoding=\"async\" src=\"https:\/\/ulqini-online.com\/sajti\/wp-content\/uploads\/2018\/12\/protesta-studentore-tirane.jpg\" alt=\"\" class=\"wp-image-21264\" width=\"588\" height=\"375\" srcset=\"https:\/\/ulqini-online.com\/sajti\/wp-content\/uploads\/2018\/12\/protesta-studentore-tirane.jpg 448w, https:\/\/ulqini-online.com\/sajti\/wp-content\/uploads\/2018\/12\/protesta-studentore-tirane-300x192.jpg 300w\" sizes=\"auto, (max-width: 588px) 100vw, 588px\" \/><figcaption>Ilustrim<\/figcaption><\/figure><\/div>\n\n\n\n<p><strong>Nga Frank Shkreli<\/strong><\/p>\n\n\n\n<p><strong>Koh\u00ebt e fundit\njan\u00eb ven\u00eb re protesta n\u00eb shum\u00eb vende t\u00eb bot\u00ebs, disa prej tyre madje edhe\nprotesta me dhun\u00eb ku kan\u00eb mbetur shum\u00eb protestues t\u00eb vrar\u00eb e t\u00eb plagosur, gj\u00eb\nq\u00eb ka shkaktuar q\u00eb Sekretari i p\u00ebrgjith\u00ebsh\u00ebm i Organizat\u00ebs s\u00eb Kombeve t\u00eb\nBashkuara (OKB), Antonio Guterres t\u2019u b\u00ebj\u00eb thirrje politikan\u00ebve, an\u00eb e mban\u00eb\nbot\u00ebs, q\u00eb t\u00eb p\u00ebrballen me at\u00eb q\u00eb ai quan, \u201cdeficiti n\u00eb besueshm\u00ebrin\u00eb e popullit\u201d\nndaj tyre.&nbsp; <\/strong><strong><\/strong><\/p>\n\n\n\n<p><strong>N\u00eb nj\u00eb njoftim nga\nZyra e OKB-s\u00eb p\u00ebr t\u00eb Drejtat e Njeriut, botuar t\u00eb premt\u00ebn q\u00eb kaloi, citohet\nShefi i Organizat\u00ebs Bot\u00ebrore t\u00eb jet\u00eb shprehur se, \u201cNjer\u00ebzit po vuajn\u00eb dhe se\nata kan\u00eb nevoj\u00eb q\u00eb z\u00ebri i tyre t\u00eb d\u00ebgjohet\u201d nga udh\u00ebheqsit politik\u00eb p\u00ebr nevojat\ndhe problemet me t\u00eb cilat p\u00ebrballen njer\u00ebzit kudo.<\/strong><strong><\/strong><\/p>\n\n\n\n<p><strong>Duke folur me\ngazetar\u00ebt n\u00eb Kryeq\u00ebndr\u00ebn e OKB-s\u00eb n\u00eb Nju Jork, Shefi i Organizat\u00ebs s\u00eb Kombeve\nt\u00eb Bashkuara, Antonio Guterres tha se ndon\u00ebse \u201c\u00e7do situata\u00eb \u00ebsht\u00eb unike\u201d,\nekzistojn\u00eb, nj\u00ebkoh\u00ebsisht faktor\u00eb t\u00eb p\u00ebrbashk\u00ebt, n\u00eb shum\u00eb vende t\u00eb bot\u00ebs, t\u00eb\ncil\u00ebt sipas tij, paraqesin \u201ck\u00ebrc\u00ebnime n\u00eb rritje e sip\u00ebr\u201d ndaj \u201ckontrat\u00ebs\nsociale\u201d midis qeverive dhe t\u00eb qeverisurve \u2013 midis qytetar\u00ebve dhe klas\u00ebs\npolitike. <\/strong><strong><\/strong><\/p>\n\n\n\n<p><strong>Antonio Guterres u\nb\u00ebri thirrje udh\u00ebheq\u00ebsve politike n\u00eb mbar\u00eb bot\u00ebn q\u00eb, \u201ct\u00eb d\u00ebgjojn\u00eb problemet\nreale t\u00eb njer\u00ebzve real\u201d, si\u00e7 u shpreh ai.<\/strong><strong><\/strong><\/p>\n\n\n\n<p><strong>\u201cNjer\u00ebzit\u201d,\ntheksoi ai, \u201cduan q\u00eb t\u00eb gjith\u00eb t\u00eb ken\u00eb nj\u00eb mund\u00ebsi t\u00eb drejt\u00eb dhe t\u00eb barabart\u00eb\np\u00ebr t\u00eb dal\u00eb me sukses n\u00eb jet\u00eb, p\u00ebrfshir &nbsp;krijimin e sistemeve shoq\u00ebrore, ekonomike dhe\nfinanciare q\u00eb t\u00eb funksionojn\u00eb barabar p\u00ebr t\u00eb gjith\u00eb\u201d, duke mos p\u00ebrjashtuar\nrespektin p\u00ebr t\u00eb drejtat e njeriut dhe q\u00eb t\u00eb ken\u00eb nj\u00eb z\u00eb n\u00eb vendim marrje p\u00ebr \u00e7\u00ebshtje\nt\u00eb r\u00ebnd\u00ebsishme q\u00eb i prekin ata drejt\u00eb p\u00ebr drejt\u00eb, ka th\u00ebn\u00eb Z. Guterres. <\/strong><strong><\/strong><\/p>\n\n\n\n<p><strong>Zyra e OKB-s\u00eb q\u00eb\nmerret me t\u00eb drejtat e&nbsp; njeriut u tha\ngazetar\u00ebve n\u00eb Gjenev\u00eb se demonstratat dhe protestat e koh\u00ebve t\u00eb fundit kan\u00eb\np\u00ebrfshir vende si Bolivia, Hong Kongu, Kili, Ekuadori, Egjipti, Ginea, Haiti,\nIraku dhe Libani, nd\u00ebrsa m\u00eb heret ka patur protesta anti-qeveritare n\u00eb Algjeri,\nHonduras, Nikaragua, Malawi, Rusi, Sudan, Zimbabwe, Franc\u00eb, Spanj\u00eb dhe n\u00eb\nAngli.<\/strong><strong><\/strong><\/p>\n\n\n\n<p><strong>Z\u00ebdh\u00ebnsja e Zyr\u00ebs\ns\u00eb OKB-s\u00eb p\u00ebr t\u00eb Drejtat e Njeriut u tha gazetar\u00ebve se Kombet e Bashkuara kan\u00eb\nmarr\u00eb raporte nga disa vende p\u00ebr p\u00ebrdorimin e forc\u00ebs nga ana e policis\u00eb kund\u00ebr\nprotestuesve, duke p\u00ebrmendur, nd\u00ebr t\u00eb tjera, Bolivin\u00eb, duke b\u00ebr\u00eb thirrje t\u00eb\ngjitha pal\u00ebve p\u00ebrfshir udh\u00ebheqsit politik\u00eb q\u00eb t\u00eb ushtrojn\u00eb p\u00ebrmbajtje dhe t\u00eb\nulin tensionet. &nbsp;Nj\u00eb mesazh i nj\u00ebjt\u00eb\nthuhet se iu d\u00ebrgua edhe politikan\u00ebve n\u00eb Bagdad, ku t\u00eb pak\u00ebn deri tani m\u00eb tani\njan\u00eb vrar\u00eb 157 dhe jan\u00eb plagosur pothuaj 5,500 t\u00eb tjer\u00eb, an\u00eb e mban\u00eb\nIrakut.&nbsp; Sipas Kombeve t\u00eb Bashkuara ka\nraporte t\u00eb besueshme p\u00ebr shkelje serioze t\u00eb drejtave t\u00eb njeriut, p\u00ebrfshir\nvrasjen e protestuesve t\u00eb pa armatosur, p\u00ebrdorimin e forc\u00ebs s\u00eb tep\u00ebruar dhe\nshkeljen e liris\u00eb s\u00eb informacionit nga ana e qeveris\u00eb.<\/strong><strong><\/strong><\/p>\n\n\n\n<p>Edhe\nDepartmaneti Amerikan i Shtetit, nep\u00ebrmjet z\u00ebdh\u00ebnsit t\u00eb tij, shprehi\nshqet\u00ebsimin e Shteteve t\u00eb Bashkuara mbi gj\u00ebndjen e krijuar n\u00eb Irak duke u b\u00ebr\u00eb\nthirrje t\u00eb gjitha pal\u00ebve t\u00eb heqin dor\u00eb nga dhuna.&nbsp; Z\u00ebdh\u00ebnsi amerikan shprehi gjithashtu\nshqet\u00ebsimin e Washingtonit p\u00ebr presionet q\u00eb po i b\u00ebhen medias n\u00eb lidhje me protestat.&nbsp; \u201cLiria e shtypit \u00ebsht\u00eb e pazev\u00ebnd\u00ebsueshme p\u00ebr\nreformat demokratike.&nbsp; Ne mb\u00ebshtesim t\u00eb\ndrej\u00ebn baz\u00eb t\u00eb liris\u00eb s\u00eb shprehjes, e garantuar nga kushtetuta p\u00ebr t\u00eb gjitha\nmediat si dhe t\u00eb drejt\u00ebn e gazetar\u00ebve p\u00ebr t\u00eb ushtruar detyr\u00ebn e tyre n\u00eb nj\u00eb\nhap\u00ebsir\u00eb t\u00eb sigurt\u201d, thuhet n\u00eb deklarat\u00ebn e Departamentit Amerikan t\u00eb Shtetit,\nn\u00eb lidhje me protestat me dhun\u00eb n\u00eb Irak, ku sipas OKB-s\u00eb, humb\u00ebn jet\u00ebn 157 veta\ndhe af\u00ebr 5.500 t\u00eb tjer\u00eb u plagos\u00ebn n\u00eb protestat e fundit anti-qeveritare.<\/p>\n\n\n\n<p><strong>N\u00eb njoftimin e\nKombeve t\u00eb Bashkuara flitet gjtihashtu edhe p\u00ebr akuzat n\u00eb lidhje me shkeljen e<\/strong> <strong>t\u00eb\ndrejtave t\u00eb demonstruesve n\u00eb Kili, t\u00eb cil\u00ebt po protestojn\u00eb pabarazit\u00eb, koston e\nlart\u00eb t\u00eb jetes\u00ebs e t\u00eb tjera, si dhe p\u00ebr gj\u00ebndjen n\u00eb Liban ku me \u201cDhjetra mij\u00ebra\nprotestues paq\u00ebsor\u00eb, p\u00ebrfaqsues t\u00eb gjitha besimeve fetare po shprehin zem\u00ebrimin\ne tyre p\u00ebr ato q\u00eb ata cil\u00ebsojn\u00eb si disa dekada korrupsioni dhe keq-qeverisje\u201d. &nbsp;&nbsp;Kryetari i Kombeve t\u00eb Bashkuara tha se nuk ka\nasnj\u00eb arsye p\u00ebr p\u00ebrdorimin e dhun\u00ebs dhe shtoi se ishte tep\u00ebr i shqet\u00ebsuar p\u00ebr\nhumbjen e jet\u00ebs n\u00eb protestat me dhun\u00eb.&nbsp;&nbsp;\nN\u00eb mesazhin e tij, ai nenvijoi se qeverit\u00eb kan\u00eb p\u00ebr detyrim t\u00eb mbrojn\u00eb\nlirin\u00eb e t\u00eb shprehurit, mbledhjet paq\u00ebsore dhe t\u00eb sigurojn\u00eb hap\u00ebsir\u00ebn ku\nnjerzit mund t\u00eb shprehin pik\u00ebpamjet e tyre dhe t\u00eb ushtrojn\u00eb t\u00eb drejt\u00ebn e tyre\np\u00ebr t\u00eb protesuar. <\/strong><strong><\/strong><\/p>\n\n\n\n<p><strong>Por, nd\u00ebrsa\nudh\u00ebheqsi i organizat\u00ebs bot\u00ebrore shtoi se forcat e siguris\u00eb&nbsp; duhet t\u00eb ushtrojn\u00eb p\u00ebrmbajtje n\u00eb maksimum\nkarshi demonstruesve, protestuesit gjithashtu e kan\u00eb p\u00ebr detyr\u00eb, tha ai, \u201ct\u00eb\nndjekin shembullin e Gandit, Martin Luther Kingut dhe kampion\u00ebve t\u00eb tjer\u00eb t\u00eb\nprotestave paq\u00ebsore q\u00eb kan\u00eb vepruar p\u00ebr t\u00eb b\u00ebr\u00eb ndryshime pa p\u00ebrdorimin e\ndhun\u00ebs\u201d, p\u00ebr t\u00eb realizuar objektivat e tyre.<\/strong><strong><\/strong><\/p>\n\n\n\n<p><strong>Antonio Guterres e\np\u00ebrfundoi mesazhin e tij drejtuar udh\u00ebheqsve t\u00eb bot\u00ebs duke th\u00ebn\u00eb se dhuna duhet\nt\u00eb m\u00ebnjanohet me \u00e7do kusht nga t\u00eb gjitha pal\u00ebt.&nbsp;\n\u201cMbi t\u00eb gjitha\u201d, p\u00ebrfundoi ai, \u201cUn\u00eb u b\u00ebj\u00eb thirrje udh\u00ebheq\u00ebsve an\u00eb e\nmban\u00eb bot\u00ebs t\u00eb d\u00ebgjojn\u00eb problemet reale t\u00eb njer\u00ebzve real, n\u00eb vendet e\ntyre.&nbsp; &nbsp;Bota jon\u00eb ka nevoj\u00eb p\u00ebr veprim dhe ambicje p\u00ebr\nt\u00eb krijuar nj\u00eb globalizim t\u00eb drejt\u00eb, p\u00ebr t\u00eb forcuar kohesionin shoq\u00ebror dhe p\u00ebr\ntu p\u00ebrballur me kriz\u00ebn klimaterike.&nbsp; &nbsp;Me solidaritet dhe me zbatimin e politikave t\u00eb\nmen\u00e7ura, udh\u00ebheqsit politik\u00eb an\u00eb e mban\u00eb bot\u00ebs, mund t\u00eb tregohen solidar\u00eb dhe\nt\u00eb kuptuesh\u00ebm ndaj nevojave t\u00eb popullit, duke ecur n\u00eb nj\u00eb\nrrug\u00eb q\u00eb \u00e7on drejt\u00eb nj\u00eb bote me t\u00eb drejt\u00eb\u201d,&nbsp;\nka p\u00ebrmbyllur mesazhin e tij Sekretari i P\u00ebrgjith\u00ebsh\u00ebm i Kombeve t\u00eb\nBashkuara.&nbsp; <\/strong><strong><\/strong><\/p>\n\n\n\n<p><strong>Frank Shkreli<\/strong><\/p>\n","protected":false},"excerpt":{"rendered":"<p>Nga Frank Shkreli Koh\u00ebt e fundit jan\u00eb ven\u00eb re protesta n\u00eb shum\u00eb vende t\u00eb bot\u00ebs, disa prej tyre madje edhe protesta me dhun\u00eb ku kan\u00eb mbetur shum\u00eb protestues t\u00eb vrar\u00eb e t\u00eb plagosur, gj\u00eb q\u00eb ka shkaktuar q\u00eb Sekretari i p\u00ebrgjith\u00ebsh\u00ebm i Organizat\u00ebs s\u00eb Kombeve t\u00eb Bashkuara (OKB), Antonio Guterres t\u2019u b\u00ebj\u00eb thirrje politikan\u00ebve, an\u00eb [&hellip;]<\/p>\n","protected":false},"author":1,"featured_media":21264,"comment_status":"open","ping_status":"open","sticky":false,"template":"","format":"standard","meta":{"_seopress_robots_primary_cat":"","_seopress_titles_title":"","_seopress_titles_desc":"","_seopress_robots_index":"","footnotes":""},"categories":[2,12],"tags":[],"class_list":["post-24098","post","type-post","status-publish","format-standard","has-post-thumbnail","hentry","category-aktualitet","category-opinione"],"_links":{"self":[{"href":"https:\/\/ulqini-online.com\/sajti\/index.php?rest_route=\/wp\/v2\/posts\/24098","targetHints":{"allow":["GET"]}}],"collection":[{"href":"https:\/\/ulqini-online.com\/sajti\/index.php?rest_route=\/wp\/v2\/posts"}],"about":[{"href":"https:\/\/ulqini-online.com\/sajti\/index.php?rest_route=\/wp\/v2\/types\/post"}],"author":[{"embeddable":true,"href":"https:\/\/ulqini-online.com\/sajti\/index.php?rest_route=\/wp\/v2\/users\/1"}],"replies":[{"embeddable":true,"href":"https:\/\/ulqini-online.com\/sajti\/index.php?rest_route=%2Fwp%2Fv2%2Fcomments&post=24098"}],"version-history":[{"count":1,"href":"https:\/\/ulqini-online.com\/sajti\/index.php?rest_route=\/wp\/v2\/posts\/24098\/revisions"}],"predecessor-version":[{"id":24099,"href":"https:\/\/ulqini-online.com\/sajti\/index.php?rest_route=\/wp\/v2\/posts\/24098\/revisions\/24099"}],"wp:featuredmedia":[{"embeddable":true,"href":"https:\/\/ulqini-online.com\/sajti\/index.php?rest_route=\/wp\/v2\/media\/21264"}],"wp:attachment":[{"href":"https:\/\/ulqini-online.com\/sajti\/index.php?rest_route=%2Fwp%2Fv2%2Fmedia&parent=24098"}],"wp:term":[{"taxonomy":"category","embeddable":true,"href":"https:\/\/ulqini-online.com\/sajti\/index.php?rest_route=%2Fwp%2Fv2%2Fcategories&post=24098"},{"taxonomy":"post_tag","embeddable":true,"href":"https:\/\/ulqini-online.com\/sajti\/index.php?rest_route=%2Fwp%2Fv2%2Ftags&post=24098"}],"curies":[{"name":"wp","href":"https:\/\/api.w.org\/{rel}","templated":true}]}}