{"id":23787,"date":"2019-09-24T16:59:04","date_gmt":"2019-09-24T14:59:04","guid":{"rendered":"http:\/\/ulqini-online.com\/sajti\/?p=23787"},"modified":"2019-09-24T16:59:04","modified_gmt":"2019-09-24T14:59:04","slug":"ambasdori-i-kosoves-ylber-hysa-vizite-forces-se-re-demokratike","status":"publish","type":"post","link":"https:\/\/ulqini-online.com\/sajti\/?p=23787","title":{"rendered":"Ambasdori i Kosov\u00ebs Ylber Hysa vizit\u00eb Forc\u00ebs s\u00eb Re Demokratike"},"content":{"rendered":"\n<div class=\"wp-block-image\"><figure class=\"aligncenter\"><img loading=\"lazy\" decoding=\"async\" width=\"640\" height=\"279\" src=\"https:\/\/ulqini-online.com\/sajti\/wp-content\/uploads\/2019\/09\/ambasadori-ylber-hysa-vizitoi-forca.jpg\" alt=\"\" class=\"wp-image-23788\" srcset=\"https:\/\/ulqini-online.com\/sajti\/wp-content\/uploads\/2019\/09\/ambasadori-ylber-hysa-vizitoi-forca.jpg 640w, https:\/\/ulqini-online.com\/sajti\/wp-content\/uploads\/2019\/09\/ambasadori-ylber-hysa-vizitoi-forca-300x131.jpg 300w\" sizes=\"auto, (max-width: 640px) 100vw, 640px\" \/><\/figure><\/div>\n\n\n\n<p>Vizita &nbsp;e ambasadorit t\u00eb\nRepublik\u00ebs s\u00eb Kosov\u00ebs n\u00eb Mal t\u00eb Zi<\/p>\n\n\n\n<p>Sot, m\u00eb 24 shtator 2019, \u00a0kryetari i Forc\u00ebs s\u00eb Re Demokratike Nazif Cungu me bashk\u00ebpun\u00ebtor\u00ebt \u00a0z. Ilir \u00c7apunin dhe znj. Fatime Truma, priti ambasadorin e ri t\u00eb Republik\u00ebs s\u00eb Kosov\u00ebs n\u00eb Mal t\u00eb Zi, Sh.E.T. Ylber Hysa me bashk\u00ebpun\u00ebtor\u00ebt e vet, m\u00ebsohet nga nj\u00eb kumtes\u00eb e forc\u00ebs s\u00eb Re Demokratike, transmeton Ulqini Online. \u00a0\u00a0<\/p>\n\n\n\n<p>N\u00eb k\u00ebt\u00eb takim njohjeje, u diskutua\nlidhur me pozit\u00ebn dhe avancimin e t\u00eb drejtave t\u00eb shqiptar\u00ebve n\u00eb Mal t\u00eb Zi. Gjat\u00eb takimit u theksua r\u00ebnd\u00ebsia e pakicave p\u00ebr bashk\u00ebpunim\nn\u00eb mes t\u00eb Malit t\u00eb Zi dhe Kosov\u00ebs si n\u00eb fush\u00ebn e ekonomis\u00eb, arsimit,\ninfrastruktur\u00ebs dhe kultur\u00ebs. Gjithashtu u shpalos\u00ebn edhe projektet dhe synimet\ne interesat konkrete q\u00eb p\u00ebrkojn\u00eb me shqiptar\u00ebt n\u00eb k\u00ebto treva. <\/p>\n","protected":false},"excerpt":{"rendered":"<p>Vizita &nbsp;e ambasadorit t\u00eb Republik\u00ebs s\u00eb Kosov\u00ebs n\u00eb Mal t\u00eb Zi Sot, m\u00eb 24 shtator 2019, \u00a0kryetari i Forc\u00ebs s\u00eb Re Demokratike Nazif Cungu me bashk\u00ebpun\u00ebtor\u00ebt \u00a0z. Ilir \u00c7apunin dhe znj. Fatime Truma, priti ambasadorin e ri t\u00eb Republik\u00ebs s\u00eb Kosov\u00ebs n\u00eb Mal t\u00eb Zi, Sh.E.T. Ylber Hysa me bashk\u00ebpun\u00ebtor\u00ebt e vet, m\u00ebsohet nga nj\u00eb [&hellip;]<\/p>\n","protected":false},"author":1,"featured_media":23788,"comment_status":"open","ping_status":"open","sticky":false,"template":"","format":"standard","meta":{"_seopress_robots_primary_cat":"","_seopress_titles_title":"","_seopress_titles_desc":"","_seopress_robots_index":"","footnotes":""},"categories":[2,3],"tags":[2085,344,47,2212],"class_list":["post-23787","post","type-post","status-publish","format-standard","has-post-thumbnail","hentry","category-aktualitet","category-politike","tag-fatime-truma","tag-ilir-capuni","tag-nazif-cungu","tag-ylber-hysa"],"_links":{"self":[{"href":"https:\/\/ulqini-online.com\/sajti\/index.php?rest_route=\/wp\/v2\/posts\/23787","targetHints":{"allow":["GET"]}}],"collection":[{"href":"https:\/\/ulqini-online.com\/sajti\/index.php?rest_route=\/wp\/v2\/posts"}],"about":[{"href":"https:\/\/ulqini-online.com\/sajti\/index.php?rest_route=\/wp\/v2\/types\/post"}],"author":[{"embeddable":true,"href":"https:\/\/ulqini-online.com\/sajti\/index.php?rest_route=\/wp\/v2\/users\/1"}],"replies":[{"embeddable":true,"href":"https:\/\/ulqini-online.com\/sajti\/index.php?rest_route=%2Fwp%2Fv2%2Fcomments&post=23787"}],"version-history":[{"count":1,"href":"https:\/\/ulqini-online.com\/sajti\/index.php?rest_route=\/wp\/v2\/posts\/23787\/revisions"}],"predecessor-version":[{"id":23789,"href":"https:\/\/ulqini-online.com\/sajti\/index.php?rest_route=\/wp\/v2\/posts\/23787\/revisions\/23789"}],"wp:featuredmedia":[{"embeddable":true,"href":"https:\/\/ulqini-online.com\/sajti\/index.php?rest_route=\/wp\/v2\/media\/23788"}],"wp:attachment":[{"href":"https:\/\/ulqini-online.com\/sajti\/index.php?rest_route=%2Fwp%2Fv2%2Fmedia&parent=23787"}],"wp:term":[{"taxonomy":"category","embeddable":true,"href":"https:\/\/ulqini-online.com\/sajti\/index.php?rest_route=%2Fwp%2Fv2%2Fcategories&post=23787"},{"taxonomy":"post_tag","embeddable":true,"href":"https:\/\/ulqini-online.com\/sajti\/index.php?rest_route=%2Fwp%2Fv2%2Ftags&post=23787"}],"curies":[{"name":"wp","href":"https:\/\/api.w.org\/{rel}","templated":true}]}}