{"id":23544,"date":"2019-08-27T12:08:33","date_gmt":"2019-08-27T10:08:33","guid":{"rendered":"http:\/\/ulqini-online.com\/sajti\/?p=23544"},"modified":"2019-08-27T12:08:33","modified_gmt":"2019-08-27T10:08:33","slug":"taekwondo-ulqini-sezonin-e-dyte-te-garave-e-hap-me-trofe-ne-kroaci","status":"publish","type":"post","link":"https:\/\/ulqini-online.com\/sajti\/?p=23544","title":{"rendered":"Taekwondo Ulqini sezonin e dyt\u00eb t\u00eb garave e hap me trofe n\u00eb Kroaci"},"content":{"rendered":"\n<div class=\"wp-block-image\"><figure class=\"aligncenter\"><img loading=\"lazy\" decoding=\"async\" width=\"610\" height=\"768\" src=\"https:\/\/ulqini-online.com\/sajti\/wp-content\/uploads\/2019\/08\/taekwondo-ulqini-kroaci-2019.jpg\" alt=\"\" class=\"wp-image-23545\" srcset=\"https:\/\/ulqini-online.com\/sajti\/wp-content\/uploads\/2019\/08\/taekwondo-ulqini-kroaci-2019.jpg 610w, https:\/\/ulqini-online.com\/sajti\/wp-content\/uploads\/2019\/08\/taekwondo-ulqini-kroaci-2019-238x300.jpg 238w\" sizes=\"auto, (max-width: 610px) 100vw, 610px\" \/><\/figure><\/div>\n\n\n\n<p> Ekipi i Taekwondo-s\u00eb Ulqini sezonin e dyt\u00eb t\u00eb garave e hap me trofe n\u00eb Kroaci, trofeu i 17 me radh\u00eb gjat\u00eb k\u00ebtij viti. <\/p>\n\n\n\n<p> T\u00eb shtun\u00ebn dhe t\u00eb dielen me dat\u00eb 24-25.08.2019 n\u00eb ishullin e Kor\u00e7ull\u00ebs u mbajt\u00eb turneu nd\u00ebrkomb\u00ebtar\u00eb n\u00eb Taekwondo. N\u00eb k\u00ebt\u00eb aktivitet sportiv u paraqit\u00ebn af\u00ebr 400 garues nga 8 vende. Ekipi i Taekwondo-s\u00eb Ulqini mori pjes\u00eb me 8 sportist\u00eb.<\/p>\n\n\n\n<p> Rezultati p\u00ebr ekipin nga Ulqini ishte: pes\u00eb medalje t\u00eb arta, nj\u00eb t\u00eb argjendit dhe kat\u00ebr t\u00eb bronzit. N\u00eb r\u00ebnditjen e p\u00ebrgjithshme ekipi i Taekwondo-s\u00eb Ulqini zuri vendin e tret\u00eb .<\/p>\n\n\n\n<p>Kategorija Individuale:<br>\n&#x1f947;Enes Dushku <br>\n&#x1f947;Dion Mustafa <br>\n&#x1f947;Sumeja Bisha <br>\n&#x1f947;Medina Kanaqeviq <br>\n&#x1f947;Hana Tivari<\/p>\n\n\n\n<p>&#x1f948;Amra Dushku<\/p>\n\n\n\n<p>&#x1f949;Sara Dervishi <br>\n&#x1f949;Vesa Dervishi<\/p>\n\n\n\n<p>N\u00eb kategorin\u00eb \u00c7IFT:<br>\n&#x1f949;&#x1f949;Sumeja Bisha \/ Dion Mustafa<\/p>\n\n\n\n<p>Falenderojm\u00eb t\u00eb gjth\u00eb sponsor\u00ebt q\u00eb mund\u00ebsuan k\u00ebt\u00eb sukses\u00eb:<br> <\/p>\n\n\n\n<p>P\u00ebtgaditur nga Fikret Dushku, prof.<\/p>\n","protected":false},"excerpt":{"rendered":"<p>Ekipi i Taekwondo-s\u00eb Ulqini sezonin e dyt\u00eb t\u00eb garave e hap me trofe n\u00eb Kroaci, trofeu i 17 me radh\u00eb gjat\u00eb k\u00ebtij viti. T\u00eb shtun\u00ebn dhe t\u00eb dielen me dat\u00eb 24-25.08.2019 n\u00eb ishullin e Kor\u00e7ull\u00ebs u mbajt\u00eb turneu nd\u00ebrkomb\u00ebtar\u00eb n\u00eb Taekwondo. N\u00eb k\u00ebt\u00eb aktivitet sportiv u paraqit\u00ebn af\u00ebr 400 garues nga 8 vende. Ekipi i [&hellip;]<\/p>\n","protected":false},"author":1,"featured_media":23545,"comment_status":"open","ping_status":"open","sticky":false,"template":"","format":"standard","meta":{"_seopress_robots_primary_cat":"","_seopress_titles_title":"","_seopress_titles_desc":"","_seopress_robots_index":"","footnotes":""},"categories":[2,7],"tags":[413,665,2061,450,1342],"class_list":["post-23544","post","type-post","status-publish","format-standard","has-post-thumbnail","hentry","category-aktualitet","category-sporti","tag-dion-mustafa","tag-enes-dushku","tag-hana-tivari","tag-sumeja-bisha","tag-taekwondo-ulqini"],"_links":{"self":[{"href":"https:\/\/ulqini-online.com\/sajti\/index.php?rest_route=\/wp\/v2\/posts\/23544","targetHints":{"allow":["GET"]}}],"collection":[{"href":"https:\/\/ulqini-online.com\/sajti\/index.php?rest_route=\/wp\/v2\/posts"}],"about":[{"href":"https:\/\/ulqini-online.com\/sajti\/index.php?rest_route=\/wp\/v2\/types\/post"}],"author":[{"embeddable":true,"href":"https:\/\/ulqini-online.com\/sajti\/index.php?rest_route=\/wp\/v2\/users\/1"}],"replies":[{"embeddable":true,"href":"https:\/\/ulqini-online.com\/sajti\/index.php?rest_route=%2Fwp%2Fv2%2Fcomments&post=23544"}],"version-history":[{"count":1,"href":"https:\/\/ulqini-online.com\/sajti\/index.php?rest_route=\/wp\/v2\/posts\/23544\/revisions"}],"predecessor-version":[{"id":23546,"href":"https:\/\/ulqini-online.com\/sajti\/index.php?rest_route=\/wp\/v2\/posts\/23544\/revisions\/23546"}],"wp:featuredmedia":[{"embeddable":true,"href":"https:\/\/ulqini-online.com\/sajti\/index.php?rest_route=\/wp\/v2\/media\/23545"}],"wp:attachment":[{"href":"https:\/\/ulqini-online.com\/sajti\/index.php?rest_route=%2Fwp%2Fv2%2Fmedia&parent=23544"}],"wp:term":[{"taxonomy":"category","embeddable":true,"href":"https:\/\/ulqini-online.com\/sajti\/index.php?rest_route=%2Fwp%2Fv2%2Fcategories&post=23544"},{"taxonomy":"post_tag","embeddable":true,"href":"https:\/\/ulqini-online.com\/sajti\/index.php?rest_route=%2Fwp%2Fv2%2Ftags&post=23544"}],"curies":[{"name":"wp","href":"https:\/\/api.w.org\/{rel}","templated":true}]}}