{"id":22725,"date":"2019-05-29T19:10:50","date_gmt":"2019-05-29T17:10:50","guid":{"rendered":"http:\/\/ulqini-online.com\/sajti\/?p=22725"},"modified":"2019-05-29T19:11:07","modified_gmt":"2019-05-29T17:11:07","slug":"kuvendi-i-ulqini-tri-ore-te-pamjaftueshme-per-miratimin-e-rendit-te-dites","status":"publish","type":"post","link":"https:\/\/ulqini-online.com\/sajti\/?p=22725","title":{"rendered":"Kuvendi i Ulqinit: Tri or\u00eb t\u00eb  pamjaftueshme p\u00ebr miratimin e rendit t\u00eb dit\u00ebs"},"content":{"rendered":"\n<div class=\"wp-block-image\"><figure class=\"aligncenter is-resized\"><img loading=\"lazy\" decoding=\"async\" src=\"https:\/\/ulqini-online.com\/sajti\/wp-content\/uploads\/2019\/03\/kuvendi-ulqinit.jpg\" alt=\"\" class=\"wp-image-22114\" width=\"562\" height=\"310\" srcset=\"https:\/\/ulqini-online.com\/sajti\/wp-content\/uploads\/2019\/03\/kuvendi-ulqinit.jpg 500w, https:\/\/ulqini-online.com\/sajti\/wp-content\/uploads\/2019\/03\/kuvendi-ulqinit-300x166.jpg 300w\" sizes=\"auto, (max-width: 562px) 100vw, 562px\" \/><\/figure><\/div>\n\n\n\n<p><strong>Nga Gjek\u00eb  Gjonaj<\/strong><\/p>\n\n\n\n<p>Se nuk ka nj\u00eb \nbashk\u00ebveprim dhe bashk\u00ebr\u00ebnditje t\u00eb &nbsp;duhur t\u00eb pun\u00ebs s\u00eb koalicionit qeveris\u00ebs n\u00eb \nKuvendin Komunal t\u00eb Ulqinit u d\u00ebshmua edhe n\u00eb seanc\u00ebn e sotme t\u00eb parlamentit \nvendor,p\u00ebr&nbsp; t\u00eb cil\u00ebn kryekuvendari dr. Ilir \u00c7apuni kishte planifikuar 23 pika t\u00eb \nrendit t\u00eb dit\u00ebs. Q\u00eb n\u00eb fillim t\u00eb mbledhjes &nbsp;&nbsp;k\u00ebshilltar\u00ebt e Kuvendit Komunal t\u00eb \nUlqinit &nbsp;k\u00ebrkuan q\u00eb &nbsp;&nbsp;rendi &nbsp;i dit\u00ebs t\u00eb plot\u00ebsohet me disa pika&nbsp; t\u00eb tjera &nbsp;me \nr\u00ebnd\u00ebsi p\u00ebr qytetar\u00ebt e k\u00ebsaj komun\u00eb. K\u00ebshilltari i Partis\u00eb Demokratike Haxhi \nSylejmani k\u00ebrkoi q\u00eb&nbsp; Kuvendi &nbsp;n\u00eb k\u00ebt\u00eb seanc\u00eb t\u00eb diksutoj\u00eb p\u00ebr&nbsp; propozim-vendimin \ne rritjes s\u00eb pagava &nbsp;t\u00eb pun\u00ebtor\u00ebve me shkllolim t\u00eb mes\u00ebm dhe &nbsp;fillor, nism\u00eb kjo \ne cila, si\u00e7 tha ai, &nbsp;ka filuar tash m\u00eb se dy vite. P\u00ebr shumic\u00ebn e diskutuesve \nkjo&nbsp; k\u00ebrkes\u00eb ishte e pranueshme,&nbsp; n\u00eb mesin e t\u00eb cil\u00ebve &nbsp;&nbsp;edhe kryetari i komun\u00ebs \nLoro Nrekiq, i cili tha se &nbsp;pagat do t&#8217;u rriten pun\u00ebtor\u00ebve pa kualifikim \nsuperior, kurse&nbsp;&nbsp; disa shpreh\u00ebn mendimin se kjo&nbsp;&nbsp; pik\u00eb nuk mund t\u00eb renditet n\u00eb \nk\u00ebt\u00eb seanc\u00eb pa p\u00eblqimin e Minsitris\u00eb s\u00eb Financave. &nbsp;<\/p>\n\n\n\n<p>Kryetari i Forc\u00ebs&nbsp; \nNazif Cungu si pik\u00eb t\u00eb re t\u00eb rendit t\u00eb dit\u00ebs propozoi&nbsp;&nbsp;&nbsp; &nbsp;rastin e K 1 , p\u00ebr t\u00eb \ncil\u00ebn Gjykata Supreme ka sjell\u00eb vendim q\u00eb Komuna e Ulqinit duhet t\u00eb paguaj\u00eb 6 \nmilion e 200 mije euro. Sipas Cungut ky \u00ebsht\u00eb problemi m\u00eb i madh q\u00eb ka sot \nkomuna e Ulqinit, pa zgjidhjen e t\u00eb cilit nuk \u00ebsht\u00eb i mundur funksionimi&nbsp; i saj \nnormal. Cungu lexoi p\u00ebrgjigjen q\u00eb i ka dh\u00ebn\u00eb qeveria dhe ministria p\u00ebrkat\u00ebse \ndeputetit Genci Nimanbegut, &nbsp;se &nbsp;ato nuk&nbsp; marrin mbi vete shlyerjen e shum\u00ebs s\u00eb \np\u00ebrmendur t\u00eb t\u00eb hollave. Me k\u00ebt\u00eb&nbsp; propozim t\u00eb &nbsp;Cungut u pajtuan edhe \nk\u00ebshilltar\u00ebt&nbsp; Boro Bashoviq, Florin Pali, Ilri Harasani dhe Haxhi Sylejmani. \nMadje&nbsp; disa prej tyre k\u00ebrkuan q\u00eb p\u00ebr \u00e7\u00ebshtjen e K 1 nj\u00eb&nbsp; duhet t\u00eb thirret&nbsp; sa m\u00eb \npar\u00eb mbledhja &nbsp;e jasht\u00ebzakonshme e kuvendit ,&nbsp; n\u00eb t\u00eb cil\u00ebn do t\u00eb diskutohen t\u00eb \ngjitha mund\u00ebsit\u00eb&nbsp; p\u00ebr&nbsp; zgjidhjen e k\u00ebtij problemi, duke p\u00ebrfshir\u00eb k\u00ebtu &nbsp;edhe \nbisedimet &nbsp;e p\u00e7ashmangshme me p\u00ebrfaq\u00ebsuesit m\u00eb t\u00eb lart\u00eb t\u00eb shtetit.&nbsp; <\/p>\n\n\n\n<p>K\u00ebshilltarja e PD-s\u00eb \nEleonora Shata propozoi, q\u00eb&nbsp; n\u00eb rendin e dit\u00ebs t\u00eb p\u00ebrfshihet &nbsp;edhe&nbsp; devastimi&nbsp; \nn\u00eb Pyllin e &nbsp;Pishave n\u00eb Pinjesh dhe n\u00eb hap\u00ebsirat&nbsp; e tjera publike m\u00eb t\u00eb bukura \nt\u00eb k\u00ebtij qyteti. &nbsp;Shata u shpreh&nbsp; me shqet\u00ebsim se&nbsp; \u00ebsht\u00eb k\u00ebrc\u00ebnuar&nbsp; nga \nNd\u00ebrmarrja&nbsp; e T\u00eb Mirave Detare , e cila si\u00e7 tha, nga&nbsp; ajo, \u00ebsht\u00eb &nbsp;k\u00ebrkuar &nbsp;q\u00eb t\u00eb \nheq\u00eb dor\u00eb&nbsp; nga paraqitja e &nbsp;rasteve si\u00e7 ka vepruar me rastin \u201e Havana\u201c n\u00eb \nPlazhin e Madh, me \u00e7&#8217;rast ka njoftuar Ministrin\u00eb e Zhvilimit t\u00eb Q\u00ebndruesh\u00ebm .&nbsp; \nP\u00ebr kryetarin e Ulqinit , Loro Nrekiqin&nbsp; nuk \u00ebsht\u00eb n\u00eb rregull q\u00eb&nbsp; k\u00ebshiltar\u00ebt t\u00eb \np\u00ebrfillin propozimin e&nbsp; k\u00ebshiltares Shata lidhur me devastimin e Pyllit t\u00eb \nPishave dhe mohoi pohimet e saj n\u00eb portestat e organizuara para nd\u00ebrtes\u00ebs s\u00eb \nkomun\u00ebs se&nbsp; ekzekutivi nuk ka nd\u00ebrmarr\u00eb asgj\u00eb p\u00ebr&nbsp; ndalimin e shkat\u00ebrrimit t\u00eb \nPyllit t\u00eb Pishave dhe hap\u00ebsirave t\u00eb tjera publike n\u00eb k\u00ebt\u00eb qytet. <\/p>\n\n\n\n<p>N\u00eb momentin kur&nbsp; \nk\u00ebshilltar\u00ebt refuzuan propozimin e nj\u00eb pike shtes\u00eb &nbsp;t\u00eb rendit t\u00eb dites &nbsp;&nbsp;t\u00eb \nkryetarit &nbsp;&nbsp;Nrekiq n\u00eb k\u00ebrkes\u00eb t\u00eb tij &nbsp;kryetari i Kuvendit dr. Ilir \u00c7apuni k\u00ebrkoi \npushim p\u00ebr gjetjen e kompromisit&nbsp; \np\u00ebr vazhdimin e seanc\u00ebs. N\u00eb vazhdim k\u00ebshilltar\u00ebt miratuan &nbsp;Raportit e pun\u00ebs s\u00eb \nkryetarit t\u00eb Komun\u00ebs dhe organeve t\u00eb administrat\u00ebs lokale p\u00ebr vitin 2018. \nMledhja e sotme do t\u00eb vazhdoj\u00eb pas fest\u00ebs s\u00eb Bajramit. &nbsp;<\/p>\n","protected":false},"excerpt":{"rendered":"<p>Nga Gjek\u00eb Gjonaj Se nuk ka nj\u00eb bashk\u00ebveprim dhe bashk\u00ebr\u00ebnditje t\u00eb &nbsp;duhur t\u00eb pun\u00ebs s\u00eb koalicionit qeveris\u00ebs n\u00eb Kuvendin Komunal t\u00eb Ulqinit u d\u00ebshmua edhe n\u00eb seanc\u00ebn e sotme t\u00eb parlamentit vendor,p\u00ebr&nbsp; t\u00eb cil\u00ebn kryekuvendari dr. Ilir \u00c7apuni kishte planifikuar 23 pika t\u00eb rendit t\u00eb dit\u00ebs. Q\u00eb n\u00eb fillim t\u00eb mbledhjes &nbsp;&nbsp;k\u00ebshilltar\u00ebt e Kuvendit Komunal [&hellip;]<\/p>\n","protected":false},"author":1,"featured_media":22114,"comment_status":"open","ping_status":"open","sticky":false,"template":"","format":"standard","meta":{"_seopress_robots_primary_cat":"","_seopress_titles_title":"","_seopress_titles_desc":"","_seopress_robots_index":"","footnotes":""},"categories":[2,3],"tags":[],"class_list":["post-22725","post","type-post","status-publish","format-standard","has-post-thumbnail","hentry","category-aktualitet","category-politike"],"_links":{"self":[{"href":"https:\/\/ulqini-online.com\/sajti\/index.php?rest_route=\/wp\/v2\/posts\/22725","targetHints":{"allow":["GET"]}}],"collection":[{"href":"https:\/\/ulqini-online.com\/sajti\/index.php?rest_route=\/wp\/v2\/posts"}],"about":[{"href":"https:\/\/ulqini-online.com\/sajti\/index.php?rest_route=\/wp\/v2\/types\/post"}],"author":[{"embeddable":true,"href":"https:\/\/ulqini-online.com\/sajti\/index.php?rest_route=\/wp\/v2\/users\/1"}],"replies":[{"embeddable":true,"href":"https:\/\/ulqini-online.com\/sajti\/index.php?rest_route=%2Fwp%2Fv2%2Fcomments&post=22725"}],"version-history":[{"count":2,"href":"https:\/\/ulqini-online.com\/sajti\/index.php?rest_route=\/wp\/v2\/posts\/22725\/revisions"}],"predecessor-version":[{"id":22727,"href":"https:\/\/ulqini-online.com\/sajti\/index.php?rest_route=\/wp\/v2\/posts\/22725\/revisions\/22727"}],"wp:featuredmedia":[{"embeddable":true,"href":"https:\/\/ulqini-online.com\/sajti\/index.php?rest_route=\/wp\/v2\/media\/22114"}],"wp:attachment":[{"href":"https:\/\/ulqini-online.com\/sajti\/index.php?rest_route=%2Fwp%2Fv2%2Fmedia&parent=22725"}],"wp:term":[{"taxonomy":"category","embeddable":true,"href":"https:\/\/ulqini-online.com\/sajti\/index.php?rest_route=%2Fwp%2Fv2%2Fcategories&post=22725"},{"taxonomy":"post_tag","embeddable":true,"href":"https:\/\/ulqini-online.com\/sajti\/index.php?rest_route=%2Fwp%2Fv2%2Ftags&post=22725"}],"curies":[{"name":"wp","href":"https:\/\/api.w.org\/{rel}","templated":true}]}}