{"id":22716,"date":"2019-05-29T17:56:21","date_gmt":"2019-05-29T15:56:21","guid":{"rendered":"http:\/\/ulqini-online.com\/sajti\/?p=22716"},"modified":"2019-05-29T18:03:12","modified_gmt":"2019-05-29T16:03:12","slug":"futbolli-i-moshave-akademia-e-ulqinit-ndalet-ne-gjysemfinale-nga-cervena-zvezda","status":"publish","type":"post","link":"https:\/\/ulqini-online.com\/sajti\/?p=22716","title":{"rendered":"Futbolli i moshave: Akademia e Ulqinit ndalet n\u00eb gjys\u00ebmfinale nga C\u00ebrvena Zvezda"},"content":{"rendered":"\n<div class=\"wp-block-image\"><figure class=\"aligncenter\"><img loading=\"lazy\" decoding=\"async\" width=\"538\" height=\"391\" src=\"https:\/\/ulqini-online.com\/sajti\/wp-content\/uploads\/2019\/05\/akademia-budva-2019.jpg\" alt=\"\" class=\"wp-image-22717\" srcset=\"https:\/\/ulqini-online.com\/sajti\/wp-content\/uploads\/2019\/05\/akademia-budva-2019.jpg 538w, https:\/\/ulqini-online.com\/sajti\/wp-content\/uploads\/2019\/05\/akademia-budva-2019-300x218.jpg 300w\" sizes=\"auto, (max-width: 538px) 100vw, 538px\" \/><\/figure><\/div>\n\n\n\n<p>N\u00eb Budva t\u00eb Malit\nt\u00eb Zi viekndin e kaluar u mbajt turne nd\u00ebrkombetar i moshave t\u00eb vogla.<\/p>\n\n\n\n<p>N\u00eb k\u00ebt\u00eb turne treditor mori pjes\u00eb edhe ekipi Akademia nga Ulqini me grupmosh\u00ebn t\u00eb fomij\u00ebve t\u00eb dat\u00eblindjes 2009 dhe m\u00eb t\u00eb vegj\u00ebl. Pas kalimit me sukses t\u00eb faz\u00ebs grupore, n\u00eb gjys\u00ebmfinale ekipi i Akademis\u00eb u ndesh kund\u00ebr ekipit t\u00eb mironjohur C\u00ebrvena Zvezda nga Beogradi ndaj t\u00eb cilit ekip p\u00ebsuan humbje.<\/p>\n\n\n\n<div class=\"wp-block-image\"><figure class=\"aligncenter is-resized\"><img loading=\"lazy\" decoding=\"async\" src=\"https:\/\/ulqini-online.com\/sajti\/wp-content\/uploads\/2019\/05\/akademia-budva-2019-1.jpg\" alt=\"\" class=\"wp-image-22719\" width=\"551\" height=\"297\" srcset=\"https:\/\/ulqini-online.com\/sajti\/wp-content\/uploads\/2019\/05\/akademia-budva-2019-1.jpg 494w, https:\/\/ulqini-online.com\/sajti\/wp-content\/uploads\/2019\/05\/akademia-budva-2019-1-300x162.jpg 300w\" sizes=\"auto, (max-width: 551px) 100vw, 551px\" \/><\/figure><\/div>\n\n\n\n<p>Udh\u00ebheq\u00ebsi i k\u00ebtij klubi Safet Kaleziqi si dhe trajneret q\u00eb punojn\u00eb \u00e7do dit\u00eb m\u00eb f\u00ebmij\u00eb shprehen t\u00eb entuziazmuar me rezultatin e arritur pasi si\u00e7 thon\u00eb ata f\u00ebmij\u00ebt treguan dhe u veresuan p\u00ebr kualitetin, loj\u00ebn e bukur dhe mjaft luftarake.<\/p>\n\n\n\n<p>N\u00eb jav\u00ebt e\nardhshme ky ekip me mosha t\u00eb ndryshme t\u00eb pritet t\u00eb marr\u00eb pjes\u00eb edhe n\u00eb disa\nturne tjer\u00eb poashtu t\u00eb nivelit nd\u00ebrkombtar.<\/p>\n","protected":false},"excerpt":{"rendered":"<p>N\u00eb Budva t\u00eb Malit t\u00eb Zi viekndin e kaluar u mbajt turne nd\u00ebrkombetar i moshave t\u00eb vogla. N\u00eb k\u00ebt\u00eb turne treditor mori pjes\u00eb edhe ekipi Akademia nga Ulqini me grupmosh\u00ebn t\u00eb fomij\u00ebve t\u00eb dat\u00eblindjes 2009 dhe m\u00eb t\u00eb vegj\u00ebl. Pas kalimit me sukses t\u00eb faz\u00ebs grupore, n\u00eb gjys\u00ebmfinale ekipi i Akademis\u00eb u ndesh kund\u00ebr ekipit [&hellip;]<\/p>\n","protected":false},"author":1,"featured_media":22717,"comment_status":"open","ping_status":"open","sticky":false,"template":"","format":"standard","meta":{"_seopress_robots_primary_cat":"","_seopress_titles_title":"","_seopress_titles_desc":"","_seopress_robots_index":"","footnotes":""},"categories":[2,7],"tags":[2377,2376,2187,2189],"class_list":["post-22716","post","type-post","status-publish","format-standard","has-post-thumbnail","hentry","category-aktualitet","category-sporti","tag-adnan-kaleziq","tag-akademia","tag-herodit-sinani","tag-safet-kaleziqi"],"_links":{"self":[{"href":"https:\/\/ulqini-online.com\/sajti\/index.php?rest_route=\/wp\/v2\/posts\/22716","targetHints":{"allow":["GET"]}}],"collection":[{"href":"https:\/\/ulqini-online.com\/sajti\/index.php?rest_route=\/wp\/v2\/posts"}],"about":[{"href":"https:\/\/ulqini-online.com\/sajti\/index.php?rest_route=\/wp\/v2\/types\/post"}],"author":[{"embeddable":true,"href":"https:\/\/ulqini-online.com\/sajti\/index.php?rest_route=\/wp\/v2\/users\/1"}],"replies":[{"embeddable":true,"href":"https:\/\/ulqini-online.com\/sajti\/index.php?rest_route=%2Fwp%2Fv2%2Fcomments&post=22716"}],"version-history":[{"count":3,"href":"https:\/\/ulqini-online.com\/sajti\/index.php?rest_route=\/wp\/v2\/posts\/22716\/revisions"}],"predecessor-version":[{"id":22721,"href":"https:\/\/ulqini-online.com\/sajti\/index.php?rest_route=\/wp\/v2\/posts\/22716\/revisions\/22721"}],"wp:featuredmedia":[{"embeddable":true,"href":"https:\/\/ulqini-online.com\/sajti\/index.php?rest_route=\/wp\/v2\/media\/22717"}],"wp:attachment":[{"href":"https:\/\/ulqini-online.com\/sajti\/index.php?rest_route=%2Fwp%2Fv2%2Fmedia&parent=22716"}],"wp:term":[{"taxonomy":"category","embeddable":true,"href":"https:\/\/ulqini-online.com\/sajti\/index.php?rest_route=%2Fwp%2Fv2%2Fcategories&post=22716"},{"taxonomy":"post_tag","embeddable":true,"href":"https:\/\/ulqini-online.com\/sajti\/index.php?rest_route=%2Fwp%2Fv2%2Ftags&post=22716"}],"curies":[{"name":"wp","href":"https:\/\/api.w.org\/{rel}","templated":true}]}}